{"id":101373,"date":"2025-01-14T18:13:07","date_gmt":"2025-01-14T18:13:07","guid":{"rendered":"https:\/\/rdnews.al\/?p=101373"},"modified":"2025-01-14T18:13:07","modified_gmt":"2025-01-14T18:13:07","slug":"berisha-jo-vetem-qe-do-vendosim-minimumin-jetik-200-euro-por-do-e-indeksojme-me-ligj-nuk-do-kete-rroge-nen-500-euro","status":"publish","type":"post","link":"https:\/\/rdnews.al\/index.php\/2025\/01\/14\/berisha-jo-vetem-qe-do-vendosim-minimumin-jetik-200-euro-por-do-e-indeksojme-me-ligj-nuk-do-kete-rroge-nen-500-euro\/","title":{"rendered":"Berisha: Jo vet\u00ebm q\u00eb do vendosim minimumin jetik 200 euro, por do e indeksojm\u00eb me ligj! Nuk do ket\u00eb rrog\u00eb n\u00ebn 500 euro"},"content":{"rendered":"<p>Kryetari i PD, Sali Berisha, n\u00eb takimin me t\u00eb zgjedhurit vendor\u00eb dhe k\u00ebshilltar\u00ebt bashkiak\u00eb, u ndal edhe nj\u00ebher\u00eb tjet\u00ebr te programi ekonomik i PD-s\u00eb, duke theksuar se me ardhjen e demokrat\u00ebve n\u00eb pushtet, do t\u00eb vendoset minimumi jetik prej 200 euro dhe kjo shif\u00ebr do t\u00eb indeksohet me ligj p\u00ebr \u00e7do vit.<\/p>\n<p>Nj\u00eb tjet\u00ebr pik\u00eb e programit ekonomik t\u00eb PD-s\u00eb \u00ebsht\u00eb edhe rroga minimale, e cila sipas Berish\u00ebs, nuk do t\u00eb ket\u00eb rrog\u00eb n\u00ebn 500 euro n\u00eb Shqip\u00ebri.<\/p>\n<p>\u201cPra, kjo \u00ebsht\u00eb gjendja. Mund t\u00eb flasim gjer nes\u00ebr, por ne kemi zgjidhjen, ne me qytetar\u00ebt do flasim p\u00ebr zgjidhjen.<\/p>\n<p>Ne kemi zgjidhje t\u00eb sigurta.<\/p>\n<p>Dhe ne, iu garantoj ju se kurr\u00eb ndonj\u00ebher\u00eb nuk e kemi ndryshuar k\u00ebt\u00eb vend m\u00eb shpejt se sa do e ndryshojm\u00eb pas 11 majit.<\/p>\n<p>3 muajt e par\u00eb ne vendosim paket\u00ebn e emergjenc\u00ebs, 200 euro p\u00ebr \u00e7do shqiptar dhe k\u00ebta jan\u00eb qindra mij\u00ebra.<\/p>\n<p>\u00c7far\u00eb do t\u00eb thot\u00eb 200 euro, \u00ebsht\u00eb shum\u00eb? Jo, pak \u00ebsht\u00eb. Por nuk ka m\u00eb mjerim.<\/p>\n<p>Me 200 euro ne i themi mjerimit nuk ke vend n\u00eb Shqip\u00ebri.<\/p>\n<p>Me 200 euro p\u00ebr person ne japim mund\u00ebsi q\u00eb \u00e7do qytetar t\u2019i ket\u00eb gj\u00ebrat baz\u00eb, t\u00eb mos ket\u00eb lista, t\u00eb ushqehet dhe nuk \u00ebsht\u00eb kaq.<\/p>\n<p>Ky 200 euro do indeksohet me ligj, pra do indeksohet n\u00eb p\u00ebrputhje t\u00eb plot\u00eb me rritjen e \u00e7mimeve.<\/p>\n<p>Jo vet\u00ebm kaq, ky 200 euro do shoq\u00ebrohet me kart\u00ebn e konsumatorit. Kjo do t\u00eb thot\u00eb q\u00eb t\u00eb gjitha gj\u00ebrat baz\u00eb q\u00eb do blihen me TVSH, do u rikthehte TVSH-ja.<\/p>\n<p>Tham\u00eb, ne do p\u00ebrmbysim shp\u00ebrndarjen e t\u00eb ardhurave n\u00eb Shqip\u00ebri. nuk shkohet k\u00ebshtu. Po krijohej nj\u00eb hendek i tmerrsh\u00ebm i cili ose po i p\u00ebrpinte n\u00eb mjerim, ose po i degdiste shqiptar\u00ebt nga Shqip\u00ebria.<\/p>\n<p>Tani ne jemi n\u00eb emergjenc\u00eb ndaj dhe \u00e7do rrog\u00ebul\u00ebt, \u00e7do person me 200 euro, \u00e7do pensionist do ket\u00eb kart\u00ebn e konsumatorit.<\/p>\n<p>Sa \u00ebsht\u00eb kjo? Specialist\u00ebt thon\u00eb se \u00ebsht\u00eb rreth 3 pensione, pra rreth 450 mij\u00eb lek\u00eb.<\/p>\n<p>Nuk do jet\u00eb vet\u00ebm kaq. Energjin\u00eb elektrike, do rikthehet fasho e mbrojtura, jo me 77 sa ka qen\u00eb n\u00eb vitin 2013, por me 70 lek\u00eb.<\/p>\n<p>Do proporcionohet edhe \u00e7mimi i ujit. Se \u00e7far\u00eb b\u00ebn\u00eb k\u00ebta? K\u00ebta p\u00ebr rrogat e larta u kujdes\u00ebn n\u00eb m\u00ebnyr\u00ebn m\u00eb t\u00eb zellshme. K\u00ebta rrit\u00ebn rrogat e larta n\u00eb Shqip\u00ebri sa n\u00eb Slloveni. Sllovenia ka rrogat m\u00eb t\u00eb lartat n\u00eb rajon, n\u00eb Shqip\u00ebri ka rroga t\u00eb larta m\u00eb t\u00eb larta se n\u00eb Slloveni. Nuk e b\u00ebn asnj\u00eb qeveritar i p\u00ebrgjegjsh\u00ebm k\u00ebt\u00eb.<\/p>\n<p>Pra, do shp\u00ebrndahen t\u00eb ardhurat. Natyrisht rrogat e larta nuk do rriten gjersa t\u00eb arriten n\u00eb proporcionin 4 me 1. Sot \u00ebsht\u00eb 10, nuk duhej t\u00eb ishte kurr\u00eb k\u00ebshtu.<\/p>\n<p>Tani kemi rrog\u00ebn minimale. Rroga minimale, p\u00ebr fat t\u00eb keq \u00ebsht\u00eb rrog\u00eb dominuese n\u00eb Shqip\u00ebri, nuk do jet\u00eb m\u00eb n\u00ebn 500 euro. Jo. \u00c7do pun\u00ebdh\u00ebn\u00ebs duhet ta dij\u00eb se nuk do mund t\u00eb paguaj\u00eb m\u00eb n\u00eb territorin e Shqip\u00ebris\u00eb njeri n\u00ebn 500 euro. Po vendosim nj\u00eb standard q\u00eb e ka \u00e7do vend demokratik. Madje vendet e tjera e kan\u00eb me or\u00eb pun\u00eb. Kjo \u00ebsht\u00eb barr\u00eb p\u00ebr sip\u00ebrmarr\u00ebsit, por i garantoj se do leht\u00ebsohen me taksat, me tatim-fitimin, me taks\u00ebn e importeve, me sigurimet shoq\u00ebrore. Dhe natyrisht nuk do jet\u00eb i humbur nga vendosja e k\u00ebsaj rroge. Por kjo rrog\u00eb do vendoset. Shqiptar\u00ebt nuk do mund t\u00eb paguhen m\u00eb n\u00ebn 500 euro.<\/p>\n<p>Pra, ne do kemi programin ton\u00eb p\u00ebr t\u00eb p\u00ebrndjekurit politik\u00eb.<\/p>\n<p>Kemi punuar, por tani s\u00eb shpejti do kemi nj\u00eb tryez\u00eb p\u00ebr ta se duam t\u00eb d\u00ebgjojm\u00eb sugjerimet e tyre.<\/p>\n<p>Do kemi programin ton\u00eb p\u00ebr pronar\u00ebt. Jan\u00eb rikthyer ligjet e vitit 1945 k\u00ebtu. Po, po! Marrin fund ato.<\/p>\n<p>Do kemi programin ton\u00eb p\u00ebr sh\u00ebndet\u00ebsin\u00eb, p\u00ebr arsimin. Programet tona do jen\u00eb transformuese.<\/p>\n<p>Askush nuk duhet t\u00eb ket\u00eb m\u00ebdyshje. N\u00eb nj\u00eb buxhet 8.2 miliard\u00eb euro, t\u00eb l\u00ebsh 16 milion\u00eb p\u00ebr 780 mij\u00eb pensionist\u00eb, nuk ka akt m\u00eb cinik dhe t\u00eb pashpirt.<\/p>\n<p>Nafta, ua thash\u00eb, nuk do mund t\u00eb shitet m\u00eb shtrenjt\u00eb, plus minus 10 p\u00ebrqind se Kosova dhe Maqedonia. Ne prodhojm\u00eb 1 milion ton, Kosova dhe Maqedonia nuk prodhojn\u00eb nj\u00eb kov\u00eb naft\u00eb. E marrin n\u00eb Durr\u00ebs dhe u del m\u00eb lir\u00eb atyre 30-40 p\u00ebrqind.<\/p>\n<p>Pse e b\u00ebra k\u00ebt\u00eb analiz\u00eb? Duhet ta b\u00ebni kudo sepse ne m\u00eb t\u00eb v\u00ebrtet\u00eb ne mund ta transformojm\u00eb shpejt Shqip\u00ebrin\u00eb.<\/p>\n<p>Shqip\u00ebria ka nevoj\u00eb p\u00ebr shpejt\u00ebsi, ka nevoj\u00eb p\u00ebr ndryshime t\u00eb shpejta.<\/p>\n<p>Ne rikthejm\u00eb shpres\u00ebn, pastaj nj\u00eb seri programesh t\u00eb tjera.<\/p>\n<p>Por t\u00eb gjitha k\u00ebto k\u00ebrkojn\u00eb angazhimin tuaj \u00e7do dit\u00eb, 24 or\u00eb, 7 dit\u00eb t\u00eb jav\u00ebs\u201d, u shpreh Berisha.<\/p>\n","protected":false},"excerpt":{"rendered":"<p>Kryetari i PD, Sali Berisha, n\u00eb takimin me t\u00eb zgjedhurit vendor\u00eb dhe k\u00ebshilltar\u00ebt bashkiak\u00eb, u ndal edhe nj\u00ebher\u00eb tjet\u00ebr te programi ekonomik i PD-s\u00eb, duke theksuar se me ardhjen e demokrat\u00ebve n\u00eb pushtet, do t\u00eb vendoset minimumi jetik prej 200 euro dhe kjo shif\u00ebr do t\u00eb indeksohet me ligj p\u00ebr \u00e7do vit. Nj\u00eb tjet\u00ebr pik\u00eb &hellip;<\/p>\n","protected":false},"author":4,"featured_media":101374,"comment_status":"closed","ping_status":"closed","sticky":false,"template":"","format":"standard","meta":{"footnotes":""},"categories":[37],"tags":[],"class_list":["post-101373","post","type-post","status-publish","format-standard","has-post-thumbnail","","category-politike"],"_links":{"self":[{"href":"https:\/\/rdnews.al\/index.php\/wp-json\/wp\/v2\/posts\/101373","targetHints":{"allow":["GET"]}}],"collection":[{"href":"https:\/\/rdnews.al\/index.php\/wp-json\/wp\/v2\/posts"}],"about":[{"href":"https:\/\/rdnews.al\/index.php\/wp-json\/wp\/v2\/types\/post"}],"author":[{"embeddable":true,"href":"https:\/\/rdnews.al\/index.php\/wp-json\/wp\/v2\/users\/4"}],"replies":[{"embeddable":true,"href":"https:\/\/rdnews.al\/index.php\/wp-json\/wp\/v2\/comments?post=101373"}],"version-history":[{"count":1,"href":"https:\/\/rdnews.al\/index.php\/wp-json\/wp\/v2\/posts\/101373\/revisions"}],"predecessor-version":[{"id":101375,"href":"https:\/\/rdnews.al\/index.php\/wp-json\/wp\/v2\/posts\/101373\/revisions\/101375"}],"wp:featuredmedia":[{"embeddable":true,"href":"https:\/\/rdnews.al\/index.php\/wp-json\/wp\/v2\/media\/101374"}],"wp:attachment":[{"href":"https:\/\/rdnews.al\/index.php\/wp-json\/wp\/v2\/media?parent=101373"}],"wp:term":[{"taxonomy":"category","embeddable":true,"href":"https:\/\/rdnews.al\/index.php\/wp-json\/wp\/v2\/categories?post=101373"},{"taxonomy":"post_tag","embeddable":true,"href":"https:\/\/rdnews.al\/index.php\/wp-json\/wp\/v2\/tags?post=101373"}],"curies":[{"name":"wp","href":"https:\/\/api.w.org\/{rel}","templated":true}]}}