{"id":101379,"date":"2025-01-14T18:31:21","date_gmt":"2025-01-14T18:31:21","guid":{"rendered":"https:\/\/rdnews.al\/?p=101379"},"modified":"2025-01-14T18:31:21","modified_gmt":"2025-01-14T18:31:21","slug":"berisha-nje-emigrant-demokrat-kishte-regjistruar-500-persona-te-ndjekim-te-gjithe-shembullin-e-tij","status":"publish","type":"post","link":"https:\/\/rdnews.al\/index.php\/2025\/01\/14\/berisha-nje-emigrant-demokrat-kishte-regjistruar-500-persona-te-ndjekim-te-gjithe-shembullin-e-tij\/","title":{"rendered":"Berisha: Nj\u00eb emigrant demokrat kishte regjistruar 500 persona! T\u00eb ndjekim t\u00eb gjith\u00eb shembullin e tij"},"content":{"rendered":"<p>Kryetari i PD, Sali Berisha, u ndal edhe te vota e diaspor\u00ebs, e cila n\u00eb k\u00ebto zgjedhje pritet t\u00eb jet\u00eb determinante n\u00eb p\u00ebrcaktimin e fitores s\u00eb opozit\u00ebs.<\/p>\n<p>Duke sjell\u00eb rastin e nj\u00eb emigranti demokrat i cili kishte regjistruar 500 persona p\u00ebr t\u00eb votuar n\u00eb zgjedhjet e 11 majit, Berisha u b\u00ebri thirrje strukturave t\u00eb PD-s\u00eb q\u00eb t\u00eb ndjekin t\u00eb gjith\u00eb shembullin e tij.<\/p>\n<p><strong>Berisha<\/strong>:\u00a0Ju jeni qeveritar\u00ebt e PD, parlamentar\u00ebt vendor\u00eb t\u00eb saj.<\/p>\n<p>N\u00eb k\u00ebt\u00eb faz\u00eb q\u00eb jemi, pra krahas angazhimit tuaj p\u00ebr programin, detyra juaj \u00ebsht\u00eb t\u00eb regjistroni t\u00eb gjith\u00eb problematikat lokale n\u00eb m\u00ebnyr\u00eb q\u00eb ato t\u00eb gjejn\u00eb pasqyrim n\u00eb programin ekonomik, social t\u00eb PD-s\u00eb.<\/p>\n<p>Detyra juaj \u00ebsht\u00eb, lup\u00ebn mbi k\u00ebta hajdut\u00eb q\u00eb nuk kan\u00eb t\u00eb ndalur.<\/p>\n<p>Iku Gjushi, ishte lule Gjushi sa vjedh ky Sako. \u00cbsht\u00eb si mot\u00ebr siameze me Veliajn. Apo Beneti, Pjerini apo ky i Elbasanit, apo ai Peleshi i Kor\u00e7\u00ebs. Pra, kudo.<\/p>\n<p>Sot po hynte dhe dilte ajo e Lushnjes. K\u00ebta jan\u00eb nj\u00eb band\u00eb hajdut\u00ebsh. Prandaj ju me lup\u00eb t\u00eb gjith\u00eb veprimtarin\u00eb e tyre.<\/p>\n<p>Koha \u00ebsht\u00eb e ngusht\u00eb, 4 muaj jan\u00eb, as 4 muaj nuk jan\u00eb tamam.<\/p>\n<p>K\u00ebto zgjedhje kan\u00eb nj\u00eb risi t\u00eb madhe. Vota e emigracionit dhe diaspor\u00ebs.<\/p>\n<p>A na ka gjetur t\u00eb p\u00ebrgatitur kjo? Jo, nuk mund t\u00eb themi se nuk kemi praktik\u00eb.<\/p>\n<p>Por a \u00ebsht\u00eb kjo nj\u00eb zhvillim historik? Po, \u00ebsht\u00eb kjo sepse k\u00ebt\u00eb vit e tutje mbi 1.5 milion\u00eb shqiptar\u00eb do ushtrojn\u00eb t\u00eb drejt\u00ebn e tyre kushtetuese p\u00ebr t\u00eb votuar n\u00eb vendin e tyre, sidomos p\u00ebr ne, q\u00eb jemi parti e lirive dhe t\u00eb drejtave t\u00eb njeriut.<\/p>\n<p>Tani, ky \u00ebsht\u00eb nj\u00eb problem shum\u00eb m\u00eb i madh sa mund ta imagjinojn\u00eb me, sepse p\u00ebrball\u00eb konstituenc\u00ebs komb\u00ebtare n\u00eb Shqip\u00ebri q\u00eb \u00ebsht\u00eb 28 mij\u00eb km katror\u00eb, \u00ebsht\u00eb planeti. Shqiptar\u00eb n\u00eb t\u00eb kat\u00ebr an\u00ebt e tij. Shqiptar\u00eb kudo.<\/p>\n<p>Vet\u00ebm me angazhimin e secilit prej jush, e \u00e7do drejtuesi, e \u00e7do deputeti, e \u00e7do k\u00ebshilltari, e \u00e7do demokrati dhe demokrateje, ne mund t\u00eb arrijm\u00eb ta shnd\u00ebrrojm\u00eb vot\u00ebn e emigracionit dhe diaspor\u00ebs n\u00eb Lev\u00ebn e Arkimedit p\u00ebr fitoren e opozit\u00ebs.<\/p>\n<p>Nuk i duan k\u00ebta, ata kan\u00eb ikur nga Edi Rama, ata kan\u00eb ikur nga vjedhjet e tyre, ata kan\u00eb ikur nga mospasja shumica e tyre.<\/p>\n<p>Ja ku e kam k\u00ebtu grafikun e tyre, i cili fakton se nga viti 2007 deri n\u00eb vitin 2014, popullata n\u00eb Shqip\u00ebri u rrit nga viti n\u00eb vit. Nga viti 2009-2012, u rikthen n\u00eb Shqip\u00ebri 180 mij\u00eb familje emigrant\u00ebsh dhe emigrant\u00ebt erdh\u00ebn t\u00eb votojn\u00eb.<\/p>\n<p>Pra, ne k\u00ebt\u00eb zbrazje t\u00eb madhe q\u00eb i ka b\u00ebr\u00eb Shqip\u00ebris\u00eb me vjedhjen, ne do e ndalojm\u00eb, do e stopojm\u00eb. Po kjo k\u00ebrkon kontributin e t\u00eb gjith\u00eb k\u00ebtyre q\u00eb jan\u00eb larguar, vot\u00ebn e tyre. Dhe ata do mund t\u00eb marrin pjes\u00eb n\u00eb qoft\u00eb se ne i ndihmojm\u00eb, orientojm\u00eb, kontaktojm\u00eb, flasim me ta.<\/p>\n<p>Tani, q\u00eb t\u00eb jem konkret me ju, mbr\u00ebm\u00eb nj\u00eb deputete e jona, Elda Hoti m\u00eb d\u00ebrgoi regjistrimin q\u00eb nj\u00eb demokrat i familjes s\u00eb saj kishte b\u00ebr\u00eb n\u00eb Kanada. Sa thoni ju? 500 emigrant\u00eb. K\u00ebtij demokrati i shpreh mir\u00ebnjohjen m\u00eb t\u00eb pakufishme, ama 500 emigrant\u00eb i kishte dor\u00ebzuar me list\u00eb. Nj\u00eb njeri ishte.<\/p>\n<p>Si i kishte regjistruar? Ai ishte p\u00ebrkushtuar me t\u00eb gjith\u00eb ata q\u00eb njihte, nj\u00eb zinxhir.<\/p>\n<p>Tani, n\u00eb qoft\u00eb se ne nuk ndjekim shembullin e k\u00ebtij demokrati, ne nuk i p\u00ebrgjigjemi detyr\u00ebs q\u00eb kemi.<\/p>\n<p>N\u00eb \u00e7do betej\u00eb, nuk ka gj\u00eb m\u00eb t\u00eb paz\u00ebvend\u00ebsueshme dhe t\u00eb r\u00ebnd\u00ebsishme se shembulli personal.<\/p>\n<p>Edhe ju duhet t\u00eb udh\u00ebhiqni me shembullin personal. Prandaj k\u00ebtu bashk\u00eb do caktojm\u00eb nj\u00eb num\u00ebr q\u00eb do marrim p\u00ebr \u00e7do k\u00ebshilltar, i cili mjafton t\u00eb mbyll\u00eb syt\u00eb dhe u them q\u00eb n\u00eb 98 p\u00ebrqind t\u00eb rasteve ka rrezik t\u00eb ket\u00eb m\u00eb shum\u00eb jasht\u00eb se brenda nga njer\u00ebzit e tij.<\/p>\n<p>Por, \u00e7far\u00eb faktoi fushata e Donald Trump?<\/p>\n<p>Fushata faktoi se kjo ishte nj\u00eb nga levat kryesore t\u00eb fitores. makineria elektorale e presidentit Trump u bazua pik\u00ebrisht n\u00eb trungun familjar t\u00eb secilit.<\/p>\n<p>Pra, detyra jote \u00ebsht\u00eb q\u00eb t\u00eb b\u00ebsh kontrollin e drurit familjar dhe t\u2019i bind\u00ebsh ata q\u00eb t\u00eb votojn\u00eb. N\u00eb fakt i funksionoi shum\u00eb mir\u00eb se ka shum\u00eb m\u00ebnyra p\u00ebrballje t\u00eb t\u00ebrheqjes n\u00eb votim, por kjo m\u00ebnyr\u00eb u faktua eficente. Atyre kjo u funksionoi.<\/p>\n<p>Prandaj edhe ne, duke ndjekur procesin, duhet ta shnd\u00ebrrojm\u00eb k\u00ebt\u00eb m\u00ebnyr\u00eb n\u00eb m\u00ebnyr\u00ebn kryesore t\u00eb fushat\u00ebs.<\/p>\n<p>Me laps dhe let\u00ebr, t\u00eb gjith\u00eb xhinsin ton\u00eb familjar, me krushqi, me akraba, me \u00e7far\u00eb kemi e \u00e7far\u00eb nuk kemi dhe do e shihni ju si do i shumojm\u00eb votat ne.<\/p>\n<p>Ndaj dhe ku jan\u00eb dhe ku nuk jan\u00eb shqiptar\u00ebt, nga Afrika e Jugut, Zelanda e Re, n\u00eb Kepin e Veriut, ne do b\u00ebjm\u00eb gjith\u00e7ka q\u00eb t\u2019i regjistrojm\u00eb dhe mund t\u2019i regjistrojm\u00eb.<\/p>\n<p>B\u00ebjm\u00eb nj\u00eb mision, i ndihmojm\u00eb t\u00eb g\u00ebzojn\u00eb t\u00eb drejt\u00ebn e tyre kushtetuese, por i b\u00ebjm\u00eb bashk\u00ebautor\u00eb n\u00eb nj\u00eb rotacion me r\u00ebnd\u00ebsi historike p\u00ebr Shqip\u00ebrin\u00eb dhe shqiptar\u00ebt.<\/p>\n<p>\u00cbsht\u00eb radha jon\u00eb, \u00ebsht\u00eb radha jon\u00eb, \u00ebsht\u00eb radha jon\u00eb!<\/p>\n","protected":false},"excerpt":{"rendered":"<p>Kryetari i PD, Sali Berisha, u ndal edhe te vota e diaspor\u00ebs, e cila n\u00eb k\u00ebto zgjedhje pritet t\u00eb jet\u00eb determinante n\u00eb p\u00ebrcaktimin e fitores s\u00eb opozit\u00ebs. Duke sjell\u00eb rastin e nj\u00eb emigranti demokrat i cili kishte regjistruar 500 persona p\u00ebr t\u00eb votuar n\u00eb zgjedhjet e 11 majit, Berisha u b\u00ebri thirrje strukturave t\u00eb PD-s\u00eb &hellip;<\/p>\n","protected":false},"author":4,"featured_media":101380,"comment_status":"closed","ping_status":"closed","sticky":false,"template":"","format":"standard","meta":{"footnotes":""},"categories":[37],"tags":[],"class_list":["post-101379","post","type-post","status-publish","format-standard","has-post-thumbnail","","category-politike"],"_links":{"self":[{"href":"https:\/\/rdnews.al\/index.php\/wp-json\/wp\/v2\/posts\/101379","targetHints":{"allow":["GET"]}}],"collection":[{"href":"https:\/\/rdnews.al\/index.php\/wp-json\/wp\/v2\/posts"}],"about":[{"href":"https:\/\/rdnews.al\/index.php\/wp-json\/wp\/v2\/types\/post"}],"author":[{"embeddable":true,"href":"https:\/\/rdnews.al\/index.php\/wp-json\/wp\/v2\/users\/4"}],"replies":[{"embeddable":true,"href":"https:\/\/rdnews.al\/index.php\/wp-json\/wp\/v2\/comments?post=101379"}],"version-history":[{"count":1,"href":"https:\/\/rdnews.al\/index.php\/wp-json\/wp\/v2\/posts\/101379\/revisions"}],"predecessor-version":[{"id":101381,"href":"https:\/\/rdnews.al\/index.php\/wp-json\/wp\/v2\/posts\/101379\/revisions\/101381"}],"wp:featuredmedia":[{"embeddable":true,"href":"https:\/\/rdnews.al\/index.php\/wp-json\/wp\/v2\/media\/101380"}],"wp:attachment":[{"href":"https:\/\/rdnews.al\/index.php\/wp-json\/wp\/v2\/media?parent=101379"}],"wp:term":[{"taxonomy":"category","embeddable":true,"href":"https:\/\/rdnews.al\/index.php\/wp-json\/wp\/v2\/categories?post=101379"},{"taxonomy":"post_tag","embeddable":true,"href":"https:\/\/rdnews.al\/index.php\/wp-json\/wp\/v2\/tags?post=101379"}],"curies":[{"name":"wp","href":"https:\/\/api.w.org\/{rel}","templated":true}]}}