{"id":101382,"date":"2025-01-14T18:40:19","date_gmt":"2025-01-14T18:40:19","guid":{"rendered":"https:\/\/rdnews.al\/?p=101382"},"modified":"2025-01-14T18:40:19","modified_gmt":"2025-01-14T18:40:19","slug":"modeli-i-njeriut-te-lire-ne-cmim-perballe-modelit-te-njeriut-te-lire-ne-shpirt","status":"publish","type":"post","link":"https:\/\/rdnews.al\/index.php\/2025\/01\/14\/modeli-i-njeriut-te-lire-ne-cmim-perballe-modelit-te-njeriut-te-lire-ne-shpirt\/","title":{"rendered":"Modeli i njeriut t\u00eb lir\u00eb n\u00eb \u00e7mim p\u00ebrball\u00eb modelit t\u00eb njeriut t\u00eb lir\u00eb n\u00eb shpirt"},"content":{"rendered":"<p><strong>Andi MUSTAFAJ<\/strong><\/p>\n<p>Politika \u00ebsht\u00eb emblem\u00eb p\u00ebrballjeje sepse ajo nuk p\u00ebrball vet\u00ebm individ\u00eb, ajo p\u00ebrball modele, forca, emocione, strategji, projekte dhe vizione. Politika p\u00ebrplas realitetin e s\u00eb tashmes me alternativ\u00ebn e s\u00eb ardhmes. Politikani p\u00ebrgatitet p\u00ebr t\u00eb gjitha k\u00ebto p\u00ebrballje duke e projektuar n\u00eb imagjinat\u00ebn e tij veten shpesh n\u00eb beteja q\u00eb nuk jan\u00eb b\u00ebr\u00eb akoma.<\/p>\n<p>Gjat\u00eb rrug\u00ebtimit tim politik, e kam menduar qindra, ndoshta mij\u00ebra her\u00eb dit\u00ebn kur do kisha nj\u00eb p\u00ebrgjegj\u00ebsi t\u00eb drejtp\u00ebrdrejt\u00eb n\u00eb p\u00ebrballje me regjimin. Kam shpresuar dhe pritur se nj\u00eb dit\u00eb do t\u2019u rri p\u00ebrball\u00eb njer\u00ebzve q\u00eb po shkat\u00ebrrojn\u00eb vendin ton\u00eb, sht\u00ebpin\u00eb ton\u00eb, familjen ton\u00eb.<\/p>\n<p>Kur u em\u00ebrova i Drejtues Politik n\u00eb Deg\u00ebn 1 n\u00eb Tiran\u00eb mendova se ishte rasti t\u00eb zbatoja drejtp\u00ebrdrejt parimet dhe teorit\u00eb q\u00eb kisha zhvilluar nd\u00ebr vite vet\u00ebm apo si pjes\u00eb e Departamentit Brain Gain. Por, beteja q\u00eb kemi p\u00ebrpara \u00ebsht\u00eb m\u00eb shum\u00eb se kaq. \u00cbsht\u00eb beteja e dy bot\u00ebve t\u00eb papajtueshme me nj\u00ebra tjetr\u00ebn.<\/p>\n<p>N\u00eb Deg\u00ebn 1, un\u00eb dhe qytetar\u00ebt e Tiran\u00ebs kemi p\u00ebrball\u00eb Ministrin e Brendsh\u00ebm t\u00eb regjimit, i cili ndihmohet nga aleati i tij i PSD, ku ky i fundit pa veprimtari politike ka siguruar n\u00eb at\u00eb zon\u00eb rezultatin m\u00eb t\u00eb lart\u00eb n\u00eb qarkun e Tiran\u00ebs. Nj\u00eb parti fantazm\u00eb e mbip\u00ebrfaq\u00ebsuar dhe dora drejtuese e forc\u00ebs shtyp\u00ebse t\u00eb regjimit.<\/p>\n<p>Duke zgjedhur p\u00ebrfaq\u00ebsuesit e vet, regjimi k\u00ebrkon t\u00eb p\u00ebrdor\u00eb si kart\u00eb t\u00eb vetme emocionin e frik\u00ebs, frik\u00ebs ndaj dhun\u00ebs q\u00eb dob\u00ebson shpirtin dhe e nxjerr zbuluar deri sa t\u00eb shes vot\u00ebn, t\u00eb shes veten, t\u00eb shuaj t\u00eb ardhmen.<\/p>\n<p>Ata gabuan, sepse p\u00ebr tu shitur ne nuk jemi, frik\u00eb ne nuk kemi, viktima ne nuk jemi, t\u00eb kompleksuar ne nuk jemi. Regjimi q\u00eb zbret fizikisht dhe simbolikisht n\u00eb deg\u00ebn ku jam i deleguar! Sa forc\u00eb m\u00eb jep, sa forc\u00eb na jep!<\/p>\n<p>Na jep forc\u00eb sepse ajo q\u00eb ata nuk din\u00eb \u00ebsht\u00eb se n\u00ebse ka nj\u00eb p\u00ebrplasje q\u00eb i mbijeton edhe k\u00ebtyre kushteve t\u00eb t\u00eb b\u00ebrit politik\u00eb n\u00ebn trysni t\u00eb regjimit, \u00ebsht\u00eb ajo e modeleve dhe emocioneve.<\/p>\n<p>K\u00ebtu fillon forca jon\u00eb. Ata p\u00ebrgatisin terrenin e frik\u00ebs, ne krijojm\u00eb bashk\u00eb terrenin e shpres\u00ebs. Shpresa e thyen frik\u00ebn. Ata vijn\u00eb me modelin e t\u00eb fortit n\u00eb terror, arroganc\u00eb, shtypje. Ne jemi aty me modelin e shqiptarit t\u00eb pun\u00ebs, t\u00eb familjes, t\u00eb sakrific\u00ebs. Modeli yn\u00eb s\u00ebrish i thyen.<\/p>\n<p>\u00cbsht\u00eb pa dyshim nderi i nj\u00eb jete t\u00eb prij demokrat\u00ebt n\u00eb k\u00ebt\u00eb p\u00ebrballje, t\u00eb cil\u00ebn kushtet e b\u00ebjn\u00eb nj\u00eb betej\u00eb p\u00ebr historin\u00eb. \u00cbsht\u00eb p\u00ebrgjegj\u00ebsi e madhe e imja dhe e Demokrat\u00ebve t\u00eb Deg\u00ebs 1 ta zhvillojm\u00eb si t\u00eb till\u00eb, t\u00eb denj\u00eb p\u00ebr historin\u00eb.<\/p>\n<p>Ne duhet t\u00eb ecim n\u00eb k\u00ebt\u00eb betej\u00eb me kok\u00ebn lart, t\u00eb fort\u00eb dhe krenar\u00eb p\u00ebr at\u00eb \u00e7far\u00eb jemi, p\u00ebr forc\u00ebn q\u00eb mish\u00ebrojm\u00eb p\u00ebrball\u00eb nj\u00eb kund\u00ebrshtari, q\u00eb nuk njeh parime, rregulla, moral beteje.<\/p>\n<p>Krenaria dhe guximi yn\u00eb buron nga besimi se Ne jemi forca e duhur n\u00eb koh\u00ebn e duhur. Mesazhi yn\u00eb \u00ebsht\u00eb mesazhi i nj\u00eb Shqip\u00ebrie q\u00eb forc\u00ebn nuk e gjen tek frika, por tek shpresa dhe optimizmi.<\/p>\n<p>Modeli i regjimit \u00ebsht\u00eb ai i njeriut t\u00eb lir\u00eb n\u00eb \u00e7mim. Ne do t\u00eb tregojm\u00eb q\u00eb modeli yn\u00eb, i vetmi p\u00ebr Shqip\u00ebrin\u00eb, \u00ebsht\u00eb ai i njeriut t\u00eb lir\u00eb n\u00eb shpirt.<\/p>\n<p>Respekt dhe mir\u00ebnjohje p\u00ebr k\u00ebdo q\u00eb do t\u00eb na bashkohet n\u00eb k\u00ebt\u00eb betej\u00eb absolute kund\u00ebr k\u00ebtij kund\u00ebrshtari absolut.<\/p>\n<p>\u00cbsht\u00eb radha jon\u00eb.<\/p>\n","protected":false},"excerpt":{"rendered":"<p>Andi MUSTAFAJ Politika \u00ebsht\u00eb emblem\u00eb p\u00ebrballjeje sepse ajo nuk p\u00ebrball vet\u00ebm individ\u00eb, ajo p\u00ebrball modele, forca, emocione, strategji, projekte dhe vizione. Politika p\u00ebrplas realitetin e s\u00eb tashmes me alternativ\u00ebn e s\u00eb ardhmes. Politikani p\u00ebrgatitet p\u00ebr t\u00eb gjitha k\u00ebto p\u00ebrballje duke e projektuar n\u00eb imagjinat\u00ebn e tij veten shpesh n\u00eb beteja q\u00eb nuk jan\u00eb b\u00ebr\u00eb akoma. &hellip;<\/p>\n","protected":false},"author":4,"featured_media":49037,"comment_status":"closed","ping_status":"closed","sticky":false,"template":"","format":"standard","meta":{"footnotes":""},"categories":[44],"tags":[],"class_list":["post-101382","post","type-post","status-publish","format-standard","has-post-thumbnail","","category-editorial"],"_links":{"self":[{"href":"https:\/\/rdnews.al\/index.php\/wp-json\/wp\/v2\/posts\/101382","targetHints":{"allow":["GET"]}}],"collection":[{"href":"https:\/\/rdnews.al\/index.php\/wp-json\/wp\/v2\/posts"}],"about":[{"href":"https:\/\/rdnews.al\/index.php\/wp-json\/wp\/v2\/types\/post"}],"author":[{"embeddable":true,"href":"https:\/\/rdnews.al\/index.php\/wp-json\/wp\/v2\/users\/4"}],"replies":[{"embeddable":true,"href":"https:\/\/rdnews.al\/index.php\/wp-json\/wp\/v2\/comments?post=101382"}],"version-history":[{"count":1,"href":"https:\/\/rdnews.al\/index.php\/wp-json\/wp\/v2\/posts\/101382\/revisions"}],"predecessor-version":[{"id":101383,"href":"https:\/\/rdnews.al\/index.php\/wp-json\/wp\/v2\/posts\/101382\/revisions\/101383"}],"wp:featuredmedia":[{"embeddable":true,"href":"https:\/\/rdnews.al\/index.php\/wp-json\/wp\/v2\/media\/49037"}],"wp:attachment":[{"href":"https:\/\/rdnews.al\/index.php\/wp-json\/wp\/v2\/media?parent=101382"}],"wp:term":[{"taxonomy":"category","embeddable":true,"href":"https:\/\/rdnews.al\/index.php\/wp-json\/wp\/v2\/categories?post=101382"},{"taxonomy":"post_tag","embeddable":true,"href":"https:\/\/rdnews.al\/index.php\/wp-json\/wp\/v2\/tags?post=101382"}],"curies":[{"name":"wp","href":"https:\/\/api.w.org\/{rel}","templated":true}]}}