{"id":101417,"date":"2025-01-15T10:37:29","date_gmt":"2025-01-15T10:37:29","guid":{"rendered":"https:\/\/rdnews.al\/?p=101417"},"modified":"2025-01-15T10:38:13","modified_gmt":"2025-01-15T10:38:13","slug":"kryengritja-antikomuniste-e-14-janarit-1990-ne-shkoder-boci-ishte-pikenisja-e-shembjes-se-diktatures-me-te-eger-ne-te-gjithe-evropen","status":"publish","type":"post","link":"https:\/\/rdnews.al\/index.php\/2025\/01\/15\/kryengritja-antikomuniste-e-14-janarit-1990-ne-shkoder-boci-ishte-pikenisja-e-shembjes-se-diktatures-me-te-eger-ne-te-gjithe-evropen\/","title":{"rendered":"Kryengritja antikomuniste e 14 Janarit 1990 n\u00eb Shkod\u00ebr, Bo\u00e7i: Pik\u00ebnisja e shembjes s\u00eb diktatur\u00ebs m\u00eb t\u00eb eg\u00ebr n\u00eb t\u00eb gjith\u00eb Evrop\u00ebn"},"content":{"rendered":"<p>Demokrat\u00ebt shkodran\u00eb kan\u00eb p\u00ebrkujtuar protest\u00ebn e par\u00eb antikomuniste t\u00eb 14 janarit 1990. Drejtuesi politik i PD p\u00ebr Shkodr\u00ebn, Lu\u00e7iano Bo\u00e7i shkruan se, \u201ctentativa p\u00ebr rr\u00ebzimin e bustit t\u00eb Stalinit, i vendosur n\u00eb qend\u00ebr t\u00eb Shkodr\u00ebs s\u00eb persekutuar nga regjimi Enverist, do ishte edhe pik\u00ebnisja e sh\u00ebmbjes s\u00eb diktatur\u00ebs m\u00eb t\u00eb eg\u00ebr n\u00eb t\u00eb gjith\u00eb Evrop\u00ebn\u201d.<\/p>\n<p><strong>Mesazhi<\/strong><\/p>\n<p>P\u00ebrkujtuam n\u00eb Shkod\u00ebr 14 Janarin 1990, kryengritjen antikomuniste, dit\u00ebn kur rinia e k\u00ebtij qyteti u ngrit kund\u00ebr simboleve t\u00eb komunizmit.<\/p>\n<p>Tentativa p\u00ebr rr\u00ebzimin e bustit t\u00eb Stalinit, i vendosur n\u00eb qend\u00ebr t\u00eb Shkodr\u00ebs s\u00eb persekutuar nga regjimi Enverist, do ishte edhe pik\u00ebnisja e shembjes s\u00eb diktatur\u00ebs m\u00eb t\u00eb eg\u00ebr n\u00eb t\u00eb gjith\u00eb Evrop\u00ebn.<\/p>\n<p>Organizator\u00ebt u arrestuan, u d\u00ebnuan me shum\u00eb vite burg,<\/p>\n<p>Rini Monajka p\u00ebsoi tortura \u00e7\u2019njer\u00ebzore n\u00eb hetuesi\u2019 si pasoj\u00eb e t\u00eb cilave do nd\u00ebrronte jet\u00eb disa koh\u00eb m\u00eb von\u00eb.<\/p>\n<p>Nd\u00ebrsa Gjergj Livadhi, Ded\u00eb Kasneci, Kolec Hublina, Flamur Elbasani, Nikolin Margjini, Tonin Dema, Nikolin Thana, Klaudio Daka, Aldo Perizi, Gjovalin Rolba, Gjovalin Zefi, Ndoc Leqejza, Pjerin Veli, Paulin Shtjefni, Viktor Martini, Huana Kurti do p\u00ebrndiqeshin, burgoseshin dhe torturoheshin nga aparati represiv i koh\u00ebs.<\/p>\n<p>14 janari do i paraprinte l\u00ebvizjeve t\u00eb nj\u00ebpasnj\u00ebshme q\u00eb kulmuan deri n\u00eb rr\u00ebzimin e diktatur\u00ebs komuniste dhe instalimin e pluralizmit politik dhe t\u00eb demokracis\u00eb n\u00eb vend.<\/p>\n<p>Sot m\u00eb shum\u00eb se kurr\u00eb n\u00ebn shembullin e 14 janarit t\u00eb rinjt e t\u00eb rejat e k\u00ebtij vendi duhet t\u2019i thon\u00eb \u2018ndal\u2019 k\u00ebsaj diktature q\u00eb po sundon vendin.<\/p>\n<p>T\u00eb sjellin shpres\u00ebn e Shkodr\u00ebs dhe t\u00eb Shqip\u00ebris\u00eb, t\u00eb rr\u00ebzojn\u00eb regjimin e Ram\u00ebs dhe hajdut\u00ebve t\u00eb Tij dhe t\u00eb zgjedhin Partin\u00eb Demokratike si e vetmja forc\u00eb q\u00eb do \u00e7oj\u00eb p\u00ebrpara reformat e r\u00ebnd\u00ebsishme dhe do nxjerr\u00eb nga varf\u00ebria shqiptar\u00ebt e lodhur prej 12 vitesh.<\/p>\n<div class=\"readmore-text-here\">\n<p><iframe loading=\"lazy\" src=\"https:\/\/www.facebook.com\/plugins\/post.php?href=https%3A%2F%2Fwww.facebook.com%2Fluciano.boci.5%2Fposts%2Fpfbid0aYXXAL1VJ2CQtXYoWm6B2eLnHUaViZsUY4AMWK9ucrGYcypQxwfeUU2WxNPFqWkil&amp;show_text=true&amp;width=500\" width=\"500\" height=\"773\" frameborder=\"0\" scrolling=\"no\" allowfullscreen=\"allowfullscreen\" data-mce-fragment=\"1\"><\/iframe><\/p>\n<\/div>\n<div id=\"rekl-33\"><\/div>\n","protected":false},"excerpt":{"rendered":"<p>Demokrat\u00ebt shkodran\u00eb kan\u00eb p\u00ebrkujtuar protest\u00ebn e par\u00eb antikomuniste t\u00eb 14 janarit 1990. Drejtuesi politik i PD p\u00ebr Shkodr\u00ebn, Lu\u00e7iano Bo\u00e7i shkruan se, \u201ctentativa p\u00ebr rr\u00ebzimin e bustit t\u00eb Stalinit, i vendosur n\u00eb qend\u00ebr t\u00eb Shkodr\u00ebs s\u00eb persekutuar nga regjimi Enverist, do ishte edhe pik\u00ebnisja e sh\u00ebmbjes s\u00eb diktatur\u00ebs m\u00eb t\u00eb eg\u00ebr n\u00eb t\u00eb gjith\u00eb Evrop\u00ebn\u201d. &hellip;<\/p>\n","protected":false},"author":4,"featured_media":101418,"comment_status":"closed","ping_status":"closed","sticky":false,"template":"","format":"standard","meta":{"footnotes":""},"categories":[37],"tags":[],"class_list":["post-101417","post","type-post","status-publish","format-standard","has-post-thumbnail","","category-politike"],"_links":{"self":[{"href":"https:\/\/rdnews.al\/index.php\/wp-json\/wp\/v2\/posts\/101417","targetHints":{"allow":["GET"]}}],"collection":[{"href":"https:\/\/rdnews.al\/index.php\/wp-json\/wp\/v2\/posts"}],"about":[{"href":"https:\/\/rdnews.al\/index.php\/wp-json\/wp\/v2\/types\/post"}],"author":[{"embeddable":true,"href":"https:\/\/rdnews.al\/index.php\/wp-json\/wp\/v2\/users\/4"}],"replies":[{"embeddable":true,"href":"https:\/\/rdnews.al\/index.php\/wp-json\/wp\/v2\/comments?post=101417"}],"version-history":[{"count":2,"href":"https:\/\/rdnews.al\/index.php\/wp-json\/wp\/v2\/posts\/101417\/revisions"}],"predecessor-version":[{"id":101420,"href":"https:\/\/rdnews.al\/index.php\/wp-json\/wp\/v2\/posts\/101417\/revisions\/101420"}],"wp:featuredmedia":[{"embeddable":true,"href":"https:\/\/rdnews.al\/index.php\/wp-json\/wp\/v2\/media\/101418"}],"wp:attachment":[{"href":"https:\/\/rdnews.al\/index.php\/wp-json\/wp\/v2\/media?parent=101417"}],"wp:term":[{"taxonomy":"category","embeddable":true,"href":"https:\/\/rdnews.al\/index.php\/wp-json\/wp\/v2\/categories?post=101417"},{"taxonomy":"post_tag","embeddable":true,"href":"https:\/\/rdnews.al\/index.php\/wp-json\/wp\/v2\/tags?post=101417"}],"curies":[{"name":"wp","href":"https:\/\/api.w.org\/{rel}","templated":true}]}}