{"id":101421,"date":"2025-01-15T10:53:05","date_gmt":"2025-01-15T10:53:05","guid":{"rendered":"https:\/\/rdnews.al\/?p=101421"},"modified":"2025-01-15T10:53:05","modified_gmt":"2025-01-15T10:53:05","slug":"zbulohen-motivet-e-vrasjes-se-liridona-ademajt-akuze-zyrtare-ndaj-naim-murselit","status":"publish","type":"post","link":"https:\/\/rdnews.al\/index.php\/2025\/01\/15\/zbulohen-motivet-e-vrasjes-se-liridona-ademajt-akuze-zyrtare-ndaj-naim-murselit\/","title":{"rendered":"Zbulohen motivet e vrasjes s\u00eb Liridona Ademajt, akuz\u00eb zyrtare ndaj Naim Murselit"},"content":{"rendered":"<p>Kryeprokurori i Prokuroris\u00eb Themelore n\u00eb Prishtin\u00eb, Zejnullah Gashi ka b\u00ebr\u00eb t\u00eb ditur se kan\u00eb p\u00ebrfunduar hetimet dhe kan\u00eb ngritur aktakuz\u00eb p\u00ebr t\u00eb akuzuarit p\u00ebr vrasjen e Liridona Ademajt.\u00a0T\u00eb akuzuarit jan\u00eb, Naim Murseli, Kushtrim Kokalla dhe Granit Plava, dhe nj\u00eb i akuzuar tjet\u00ebr, por q\u00eb emri i tij nuk \u00ebsht\u00eb b\u00ebr\u00eb publik.<\/p>\n<p><em>\u201cKa qen\u00eb rast i ndjesh\u00ebm, ka qen\u00eb i inskenuar si grabitje, mir\u00ebpo fal\u00eb angazhimit maksimal t\u00eb hetuesve dhe prokuror\u00ebve, brenda nj\u00eb afati t\u00eb shkurt\u00eb kohor kemi arritur t\u00eb zbulojm\u00eb kryesit e k\u00ebsaj vepre kriminale. Ka qen\u00eb nj\u00eb rast jasht\u00ebzakonisht i ndjesh\u00ebm edhe sa i p\u00ebrket kompleksitetit t\u00eb saj, dhe jan\u00eb zhvilluar hetime n\u00eb shum\u00eb dimensione, p\u00ebr arsye se kemi siguruar ekspertiza edhe brenda edhe jasht\u00eb Kosov\u00ebs\u201d<\/em>, deklaroi kryeprokurori Zejnullah Gashi.<\/p>\n<p>Prokurorja e \u00e7\u00ebshtjes Javorka Perlin\u00e7evi\u00e7 ka th\u00ebn\u00eb se arsyet se p\u00ebrse \u00ebsht\u00eb vonuar kaq gjat\u00eb ngritja e aktakuz\u00ebs ka qen\u00eb p\u00ebr shkak t\u00eb munges\u00ebs s\u00eb motivit t\u00eb ngjarjes.<\/p>\n<p><em>\u201cDua t\u00eb sqaroj pse ka kaluar nj\u00eb koh\u00eb e gjat\u00eb nga ngritja e aktakuz\u00ebs, provat jan\u00eb mbledhur shpejte p\u00ebr vepr\u00ebn penale. \u00c7ka ka munguar motivi, dhe e kemi t\u00eb njohur faktin se e ndjera me familje ka jetuar n\u00eb Suedi, organeve atje ju jemi drejtuar p\u00ebr t\u00eb na k\u00ebrkuar te dh\u00ebna n\u00ebse kan\u00eb pasur t\u00eb dh\u00ebna n\u00eb lidhje me probleme n\u00ebse kan\u00eb pasur. Deri sa nuk i kemi pasur t\u00eb dh\u00ebna n\u00eb lidhje me k\u00ebt\u00eb nuk kam mundur ta ngris aktakuz\u00ebn\u201d<\/em>, ka th\u00ebn\u00eb Perlin\u00e7evi\u00e7.<\/p>\n<p>Prokurorja tha se kan\u00eb kuptuar se Naim Murseli ka angazhuar djalin e hall\u00ebs Kushtrim Kokalla, kurse vras\u00ebsi ka qen\u00eb Granit Plava.<\/p>\n<p>E pyetur rreth motivit t\u00eb vrasjes, tha se nga \u00e7rregullimi i marr\u00ebdh\u00ebnies martesore kishte ardhur deri tek problemet tjera.<\/p>\n<p>\u201c<em>Nj\u00eb nga motivet sepse nuk mund t\u2019i tregojm\u00eb t\u00eb gjitha motivet sepse aktakuza n\u00eb momentin q\u00eb kemi hyr\u00eb n\u00eb sall\u00eb \u00ebsht\u00eb d\u00ebrguar n\u00eb gjykat\u00eb dhe p\u00ebr detajet e aktakuz\u00ebs nuk mund t\u00eb themi. Por, mund t\u00eb themi se p\u00ebrderisa kan\u00eb jetuar n\u00eb Suedi, kan\u00eb pasur marr\u00ebdh\u00ebnie t\u00eb \u00e7rregulluar martesore dhe familjare, gjat\u00eb t\u00eb cilave kan\u00eb ardhur deri te problemet tjera edhe financiare. P\u00ebr motivet tjera q\u00eb kan\u00eb \u00e7uar k\u00ebt\u00eb rast deri te vrasja mund ta kuptoni n\u00eb seanca gjyq\u00ebsore\u201d<\/em>, tha prokurorja.<\/p>\n","protected":false},"excerpt":{"rendered":"<p>Kryeprokurori i Prokuroris\u00eb Themelore n\u00eb Prishtin\u00eb, Zejnullah Gashi ka b\u00ebr\u00eb t\u00eb ditur se kan\u00eb p\u00ebrfunduar hetimet dhe kan\u00eb ngritur aktakuz\u00eb p\u00ebr t\u00eb akuzuarit p\u00ebr vrasjen e Liridona Ademajt.\u00a0T\u00eb akuzuarit jan\u00eb, Naim Murseli, Kushtrim Kokalla dhe Granit Plava, dhe nj\u00eb i akuzuar tjet\u00ebr, por q\u00eb emri i tij nuk \u00ebsht\u00eb b\u00ebr\u00eb publik. \u201cKa qen\u00eb rast i &hellip;<\/p>\n","protected":false},"author":4,"featured_media":69853,"comment_status":"closed","ping_status":"closed","sticky":false,"template":"","format":"standard","meta":{"footnotes":""},"categories":[37],"tags":[],"class_list":["post-101421","post","type-post","status-publish","format-standard","has-post-thumbnail","","category-politike"],"_links":{"self":[{"href":"https:\/\/rdnews.al\/index.php\/wp-json\/wp\/v2\/posts\/101421","targetHints":{"allow":["GET"]}}],"collection":[{"href":"https:\/\/rdnews.al\/index.php\/wp-json\/wp\/v2\/posts"}],"about":[{"href":"https:\/\/rdnews.al\/index.php\/wp-json\/wp\/v2\/types\/post"}],"author":[{"embeddable":true,"href":"https:\/\/rdnews.al\/index.php\/wp-json\/wp\/v2\/users\/4"}],"replies":[{"embeddable":true,"href":"https:\/\/rdnews.al\/index.php\/wp-json\/wp\/v2\/comments?post=101421"}],"version-history":[{"count":1,"href":"https:\/\/rdnews.al\/index.php\/wp-json\/wp\/v2\/posts\/101421\/revisions"}],"predecessor-version":[{"id":101422,"href":"https:\/\/rdnews.al\/index.php\/wp-json\/wp\/v2\/posts\/101421\/revisions\/101422"}],"wp:featuredmedia":[{"embeddable":true,"href":"https:\/\/rdnews.al\/index.php\/wp-json\/wp\/v2\/media\/69853"}],"wp:attachment":[{"href":"https:\/\/rdnews.al\/index.php\/wp-json\/wp\/v2\/media?parent=101421"}],"wp:term":[{"taxonomy":"category","embeddable":true,"href":"https:\/\/rdnews.al\/index.php\/wp-json\/wp\/v2\/categories?post=101421"},{"taxonomy":"post_tag","embeddable":true,"href":"https:\/\/rdnews.al\/index.php\/wp-json\/wp\/v2\/tags?post=101421"}],"curies":[{"name":"wp","href":"https:\/\/api.w.org\/{rel}","templated":true}]}}