{"id":101423,"date":"2025-01-15T11:03:39","date_gmt":"2025-01-15T11:03:39","guid":{"rendered":"https:\/\/rdnews.al\/?p=101423"},"modified":"2025-01-15T11:03:39","modified_gmt":"2025-01-15T11:03:39","slug":"nje-grua-i-nderpret-fjalen-sekretarit-amerikan-te-shtetit-do-te-njiheni-si-blinkeni-i-pergjakur","status":"publish","type":"post","link":"https:\/\/rdnews.al\/index.php\/2025\/01\/15\/nje-grua-i-nderpret-fjalen-sekretarit-amerikan-te-shtetit-do-te-njiheni-si-blinkeni-i-pergjakur\/","title":{"rendered":"Nj\u00eb grua i nd\u00ebrpret fjal\u00ebn Sekretarit amerikan t\u00eb Shtetit: Do t\u00eb njiheni si Blinkeni i p\u00ebrgjakur!"},"content":{"rendered":"<p>Sekretarit amerikan i Shtetit, Antony Blinken i \u00ebsht\u00eb nd\u00ebrprer\u00eb fjala gjat\u00eb nj\u00eb fjalimi t\u00eb mbajtur n\u00eb K\u00ebshillin Atlantik t\u00eb mbajtur t\u00eb mart\u00ebn.<\/p>\n<p>Ishte nj\u00eb grua q\u00eb po merrte pjes\u00eb q\u00eb u ngrit n\u00eb k\u00ebmb\u00eb duke e akuzuar at\u00eb \u201cp\u00ebr gjenocid\u201d ndaj popullit palestinez, dhe duke e quajtur at\u00eb \u201ckriminel lufte\u201d, transmeton Telegrafi.<\/p>\n<p>Derisa po fliste Blinken, ajo e nd\u00ebrpreu duke filluar t\u00eb b\u00ebrtet dhe b\u00ebr\u00eb akuza t\u00eb r\u00ebnda n\u00eb drejtim t\u00eb tij \u2013 ku \u00ebsht\u00eb detyruar t\u00eb nd\u00ebrhyj\u00eb sigurimi q\u00eb ta qet\u00ebsoj\u00eb situat\u00ebn.<\/p>\n<p>\u201cDo t\u00eb njiheni si Blinkeni i p\u00ebrgjakur, Sekretari i gjenocidit. Keni n\u00eb duar gjakun e qindra mij\u00ebra civil\u00ebve t\u00eb pafajsh\u00ebm\u201d, tha gruaja.<\/p>\n<p>N\u00eb an\u00ebn tjet\u00ebr, Blinken e fal\u00ebnderoi p\u00ebr shprehjen e k\u00ebndv\u00ebshtrimit t\u00eb saj \u2013 duke i k\u00ebrkuar q\u00eb ta lejoj t\u00eb shpreh edhe ai k\u00ebndv\u00ebshtrimit t\u00eb tij.<\/p>\n","protected":false},"excerpt":{"rendered":"<p>Sekretarit amerikan i Shtetit, Antony Blinken i \u00ebsht\u00eb nd\u00ebrprer\u00eb fjala gjat\u00eb nj\u00eb fjalimi t\u00eb mbajtur n\u00eb K\u00ebshillin Atlantik t\u00eb mbajtur t\u00eb mart\u00ebn. Ishte nj\u00eb grua q\u00eb po merrte pjes\u00eb q\u00eb u ngrit n\u00eb k\u00ebmb\u00eb duke e akuzuar at\u00eb \u201cp\u00ebr gjenocid\u201d ndaj popullit palestinez, dhe duke e quajtur at\u00eb \u201ckriminel lufte\u201d, transmeton Telegrafi. Derisa po fliste &hellip;<\/p>\n","protected":false},"author":4,"featured_media":101424,"comment_status":"closed","ping_status":"closed","sticky":false,"template":"","format":"standard","meta":{"footnotes":""},"categories":[38],"tags":[],"class_list":["post-101423","post","type-post","status-publish","format-standard","has-post-thumbnail","","category-bota"],"_links":{"self":[{"href":"https:\/\/rdnews.al\/index.php\/wp-json\/wp\/v2\/posts\/101423","targetHints":{"allow":["GET"]}}],"collection":[{"href":"https:\/\/rdnews.al\/index.php\/wp-json\/wp\/v2\/posts"}],"about":[{"href":"https:\/\/rdnews.al\/index.php\/wp-json\/wp\/v2\/types\/post"}],"author":[{"embeddable":true,"href":"https:\/\/rdnews.al\/index.php\/wp-json\/wp\/v2\/users\/4"}],"replies":[{"embeddable":true,"href":"https:\/\/rdnews.al\/index.php\/wp-json\/wp\/v2\/comments?post=101423"}],"version-history":[{"count":1,"href":"https:\/\/rdnews.al\/index.php\/wp-json\/wp\/v2\/posts\/101423\/revisions"}],"predecessor-version":[{"id":101425,"href":"https:\/\/rdnews.al\/index.php\/wp-json\/wp\/v2\/posts\/101423\/revisions\/101425"}],"wp:featuredmedia":[{"embeddable":true,"href":"https:\/\/rdnews.al\/index.php\/wp-json\/wp\/v2\/media\/101424"}],"wp:attachment":[{"href":"https:\/\/rdnews.al\/index.php\/wp-json\/wp\/v2\/media?parent=101423"}],"wp:term":[{"taxonomy":"category","embeddable":true,"href":"https:\/\/rdnews.al\/index.php\/wp-json\/wp\/v2\/categories?post=101423"},{"taxonomy":"post_tag","embeddable":true,"href":"https:\/\/rdnews.al\/index.php\/wp-json\/wp\/v2\/tags?post=101423"}],"curies":[{"name":"wp","href":"https:\/\/api.w.org\/{rel}","templated":true}]}}