{"id":101437,"date":"2025-01-15T11:55:39","date_gmt":"2025-01-15T11:55:39","guid":{"rendered":"https:\/\/rdnews.al\/?p=101437"},"modified":"2025-01-15T12:39:08","modified_gmt":"2025-01-15T12:39:08","slug":"falsifikimi-i-prones-ne-surrel-kalaja-clidhje-ka-bashkeshortja-e-kryeministrit-rama","status":"publish","type":"post","link":"https:\/\/rdnews.al\/index.php\/2025\/01\/15\/falsifikimi-i-prones-ne-surrel-kalaja-clidhje-ka-bashkeshortja-e-kryeministrit-rama\/","title":{"rendered":"Falsifikimi i pron\u00ebs n\u00eb Surrel\/ Adriana Kalaja: \u00c7far\u00eb lidhje ka bashk\u00ebshortja e kryeministrit Rama?"},"content":{"rendered":"<p>Kryetarja e Komisionit t\u00eb Apelimit n\u00eb PD, Adriana Kalaja n\u00eb nj\u00eb deklarat\u00eb p\u00ebr shtyp, \u00a0ka denoncuar parregullsi t\u00eb r\u00ebnda lidhur me pron\u00ebsin\u00eb e tok\u00ebs n\u00eb Surrel dhe financat e bashk\u00ebshortes s\u00eb kryeministrit, Lindita Rama. Sipas saj, prona prej 4,483.50 m\u00b2 \u00ebsht\u00eb kaluar nga statusi \u201cshtet\u201d n\u00eb truall privat p\u00ebrmes falsifikimeve t\u00eb dokumenteve dhe manipulimeve ligjore.<\/p>\n<p><strong>DEKLARATA<\/strong><\/p>\n<p>Si\u00e7 u citua nga pik\u00ebpamja financiare, bashk\u00ebshortja e kryeministrit deklaroi se ka dh\u00ebn\u00eb 3 dor\u00ebheqje pa ia k\u00ebrkuar njeri, por nisur nga integriteti moral i saj.<\/p>\n<p>Pyetja q\u00eb ne b\u00ebjm\u00eb sot, po nga dy t\u00eb ardhura shum\u00eb t\u00eb r\u00ebnd\u00ebsishme, shum\u00eb t\u00eb qen\u00ebsishme p\u00ebr \u00e7iftin kryeminstror, pse nuk ka dh\u00ebn\u00eb dor\u00ebheqje Lindita Basha Xhillari Rama?<\/p>\n<p>M\u00eb posht\u00eb, un\u00eb do t\u2019ju b\u00ebj nj\u00eb rezyme t\u00eb shkurt\u00ebr q\u00eb lidhet me pron\u00ebn n\u00eb Surrel dhe n\u00eb fat nuk daton n\u00eb dat\u00ebn q\u00eb prona \u00ebsht\u00eb bler\u00eb de jure, por daton q\u00eb nga viti 2008, ku bashk\u00ebshortja e kryeministrit i kishte v\u00ebn\u00eb syrin k\u00ebsaj prone, q\u00eb p\u00ebr interes t\u00eb publikut duhet t\u00eb theksojm\u00eb se p\u00ebrve\u00e7 se ka qen\u00eb n\u00eb zon\u00eb t\u00eb gjelb\u00ebr, e ndaluar t\u00eb shp\u00ebrndahej me ligjin 7051, edhe n\u00eb ish-ZRPP-n\u00eb e koh\u00ebs, ka qen\u00eb me em\u00ebrtimin pron\u00eb-shtet.<\/p>\n<p>Ju po ndiqni dokumentacionin q\u00eb, ne jo vet\u00ebm kemi b\u00ebr\u00eb denoncime n\u00eb \u00e7do moment, por i jemi drejtuar edhe SPAK me nj\u00eb kall\u00ebzim penal p\u00ebr t\u00eb cilin un\u00eb do t\u2019ju jap informacion t\u00eb plot\u00eb n\u00eb fund t\u00eb k\u00ebsaj konference.<\/p>\n<p>\u00c7far\u00eb e lidh Lindita Basha Xhillari Rama me pron\u00ebn n\u00eb Surrel?<\/p>\n<p>Si\u00e7 po e ndiqni, n\u00eb numrin 17 \u00ebsht\u00eb kartela e pasuris\u00eb. Po ta ndiqni, thuhet n\u00eb, 6.12.2013, \u00ebsht\u00eb kontrata e blerjes.<\/p>\n<p>Ka nj\u00eb histori kjo pron\u00eb. Bashk\u00ebshortja e kryeministrit nuk \u00ebsht\u00eb bler\u00ebsja e par\u00eb e pron\u00ebs, por k\u00ebtu ka filluar falsifikimi n\u00eb lidhje me k\u00ebt\u00eb pron\u00eb, sepse u gjet\u00ebn disa persona q\u00eb t\u00eb b\u00ebjn\u00eb rolin qoft\u00eb t\u00eb p\u00ebrfituesit, me ligjin 7501, por qoft\u00eb edhe t\u00eb bler\u00ebsit t\u00eb par\u00eb.<\/p>\n<p>Dhe \u00e7udit\u00ebrisht, bler\u00ebsi i par\u00eb \u00ebsht\u00eb nj\u00eb person i af\u00ebrt me ish-deputetin e PS, i cili sot \u00ebsht\u00eb ambasador n\u00eb SHBA, nd\u00ebrkoh\u00eb q\u00eb falsifikimi b\u00ebhet nga nj\u00eb banor i zon\u00ebs, i cili deklaron n\u00eb komun\u00eb dhe thot\u00eb q\u00eb m\u00eb ka humbur akti i marrjes s\u00eb tok\u00ebs n\u00eb pron\u00ebsi.<\/p>\n<p>Pas denoncimit q\u00eb b\u00ebhet po nga banor\u00eb t\u00eb zon\u00ebs, vet\u00eb Prefekti i qarkut Tiran\u00eb, ndaj t\u00eb cilit u mor\u00ebn masa e dhe nga kryeministri Rama, duke e shkarkuar dhe duke mos e vendosur n\u00eb listat p\u00ebr deputet n\u00eb periudhat n\u00eb vazhdim, dhe sipas vendimit t\u00eb Prefektur\u00ebs, u ngrit nj\u00eb komision i posa\u00e7\u00ebm ku vendos shfuqizimin e plot\u00eb t\u00eb aktit t\u00eb marrjes s\u00eb tok\u00ebs n\u00eb pron\u00ebsi, nr 62, dat\u00eb 26.11.1992.<\/p>\n<ol class=\"wp-block-list\">\n<li><em><u><strong>T\u00eb dh\u00ebnat p\u00ebr tok\u00ebn n\u00eb Surrel:<\/strong><\/u><\/em><\/li>\n<\/ol>\n<p><strong>1<\/strong>. Sipas shkres\u00ebs Nr. 304 Prot., dat\u00eb 08.03.2004 t\u00eb Komun\u00ebs Dajt, shtetasit Isuf Isufi, bazuar n\u00eb Ligjin Nr.7501 dat\u00eb 19.07.1991 \u201cP\u00ebr tok\u00ebn\u201d, i konfirmohet Akti i Marrjes t\u00eb Tok\u00ebs n\u00eb Pron\u00ebsi.<\/p>\n<p><strong>2<\/strong>. E nj\u00ebjta shkres\u00eb, m\u00eb von\u00eb falsifikohet dhe b\u00ebhet \u201cDublikat\u00eb\u201d me Nr. 62 dat\u00eb 20.04.1992 (dokumenti 1).<\/p>\n<p><strong>3<\/strong>. Sipas shkres\u00ebs Nr. 1918 Prot., dat\u00eb 15.12.2004 t\u00eb Komun\u00ebs Dajt, shtetasit Isuf Isufi, bazuar n\u00eb Ligjin Nr.7501 dat\u00eb 19.07.1991 \u201cP\u00ebr tok\u00ebn\u201d, i konfirmohet Akti i Marrjes t\u00eb Tok\u00ebs n\u00eb Pron\u00ebsi me Nr.62 dat\u00eb 26.11.1992 (dokumenti 2).<\/p>\n<p><strong>4<\/strong>. Po k\u00ebshtu, sipas shkres\u00ebs Nr. 3044\/1 Prot., dat\u00eb 17.12.2004 t\u00eb Sektorit t\u00eb Administrimit dhe Mbrojtjes s\u00eb Tok\u00ebs, shtetasit Isuf Isufi, bazuar n\u00eb plan rilevimin e pron\u00ebs, i konfirmohet prona m\u00eb Nr. 62 1 llojit \u201car\u00eb\u201d, me sip\u00ebrfaqe 2,770 m2 (dokumenti 3).<\/p>\n<p><strong>5<\/strong>. Sipas shkres\u00ebs pa Prot dhe pa dat\u00eb t\u00eb vitit 2008, Krye Rregjistruesja e ZRPP Tiran\u00eb, i kthen p\u00ebrgjigje (dokumenti Nr.50) shtetases Lindita Xhillari (sot Rama), ku v\u00ebrteton pron\u00ebsin\u00eb p\u00ebr AMTP Nr. 62 (1 dhe jo dublikat\u00eb), dhe Nr. 42 n\u00eb em\u00ebr t\u00eb shtetasit Isuf Isufi (dokumenti 4).<\/p>\n<p><strong>6<\/strong>. M\u00eb dat\u00eb 05.10.2011, Prefekti i Qarkut Tiran\u00eb vihet n\u00eb l\u00ebvizje nga nj\u00eb ankes\u00eb e ardhur nga shtet\u00ebsaj Haxhire Hoxha, ku sqarohet se shtetasi Isuf Isufi ka p\u00ebrfituar tok\u00eb n\u00eb kund\u00ebrshtim me ligjin prej 8,800 m2 sipas AMTP nga ato q\u00eb i takojn\u00eb n\u00eb fakt (dokumenti 4\/1):<\/p>\n<p>\u2013 AMTP Nr.42 dat\u00eb 10.06.1992 me sip\u00ebrfaqe 2,600 m2;<\/p>\n<p>\u2013 AMTP Nr.62 dat\u00eb 26.11.1992 me sip\u00ebrfaqe 2,770 m2;<\/p>\n<p><strong>7<\/strong>. M\u00eb dat\u00eb 09.10.2011, Prefekti i Qarkut Tiran\u00eb me shkres\u00ebn Nr.38 Prot., dhe m\u00eb dat\u00eb 21.10.2011 me Nr. 2413\/1, i drejtohet Komun\u00ebs Dajt p\u00ebr nj\u00eb informacion t\u00eb holl\u00ebsish\u00ebm lidhur me pron\u00ebsin\u00eb e shtetasit Isuf Isufi \u00a0(dokumenti 5 dhe 6) dhe sipas shkres\u00ebs Nr. 2413\/4 dat\u00eb 06.08.2012, Prefekti i Qarkut Tiran\u00eb njofton\u00a0 shtetasin Isuf Isufi se AMTP-t\u00eb e tij po shqyrtohen\u00a0 (dokumenti 7).<\/p>\n<p><strong>8<\/strong>. Sipas shkres\u00ebs Nr.2070\/1 Prot., dat\u00eb 10.08.2012 t\u00eb K\u00ebshillit t\u00eb Qarkut Tiran\u00eb, sqarohet se pronat n\u00eb em\u00ebr t\u00eb shtetasit Isuf Isufi\u00a0 (dokumenti 8) jan\u00eb:<\/p>\n<p>a. Pasuria Nr.108 e llojit \u201car\u00eb\u201d me sip\u00ebrfaqe 5,200 m2;<\/p>\n<p>b. Pasuria Nr.60 e llojit \u201cullisht\u00eb\u201d me sip\u00ebrfaqe 33,000 m2;<\/p>\n<p>c. Pasuria Nr.61 e llojit \u201car\u00eb\u201d me sip\u00ebrfaqe 45,100 m2;<\/p>\n<p><strong>9<\/strong>. M\u00eb dat\u00eb 10.10.2016, sipas shkres\u00ebs pa Nr. prot., b\u00ebhet kqyrja fizike e prnave t\u00eb p\u00ebrfituara nga shtetasi Isuf Isufi bazuar n\u00eb ligjin Nr.7501 nga ku rezulton se n\u00eb pron\u00ebsi t\u00eb \u00ebktij shtetasi jan\u00eb:<\/p>\n<p>a. AMTP pa Nr. dat\u00eb 19.01.1991 e llojit \u201car\u00eb\u201d me sip\u00ebrfaqe 8,200 m2 dhe 36 rr\u00ebnj\u00eb ullinj;<\/p>\n<p>b. AMTP Nr.42 dat\u00eb 10.06.1992 e llojit \u201car\u00eb\u201d me sip\u00ebrfaqe 8,200 m2 dhe 36 rr\u00ebnj\u00eb ullinj;<\/p>\n<p>c. AMTP Nr.62 dat\u00eb 26.11.1992 e llojit \u201car\u00eb\u201d me sip\u00ebrfaqe 2,770 m2 \u201cDUBLIKAT\u00cb\u201d;<\/p>\n<p>d. AMTP Nr.62 dat\u00eb 20.04.1992 e llojit \u201cullisht\u00eb\u201d me sip\u00ebrfaqe 750 m2;<\/p>\n<p>e. Gjithsej 11,720 m2 (dokumenti 9, 10, 11, 12, 12\/1, 13).<\/p>\n<p><strong>10<\/strong>. Sipas kartel\u00ebs s\u00eb pasuris\u00eb dat\u00eb 10.01.2014 t\u00eb ZRPP Tiran\u00eb, kjo pron\u00eb figuron si pron\u00eb\u00a0<strong>\u201cSHTET\u201d<\/strong>\u00a0(dokumenti 13 dhe 14).<\/p>\n<p><strong>11<\/strong>. Referuar shkres\u00ebs Nr.26016\/1 Prot., dat\u00eb 23.09.2016 t\u00eb ZRPP Tiran\u00eb, paraqitet gjendja e pasurive t\u00eb shtetasit Isuf Isufi, t\u00eb kall\u00ebzuar\u00ebs Lindita Rama (Xhillari) dhe ajo shtet sipas kartelave bashk\u00ebngjitur kall\u00ebzimit (dokumenti 15, 16, 17, 18, 19, 20, 21, 22, 23, 24, 25, 27, 28, 29, 30, 30\/1 dhe 31).<\/p>\n<p><strong>12<\/strong>. Bazuar n\u00eb k\u00ebt\u00eb p\u00ebrgjigje, Komisioni Vendor i Vler\u00ebsimit t\u00eb Titujve t\u00eb Pron\u00ebsis\u00eb (KVVTP), me vendimin Nr. 306 dat\u00eb 30.11.2016 vendos:<\/p>\n<p>a. Shfuqizimin e plot\u00eb t\u00eb AMTP Nr.62 dat\u00eb 26.11.1992 \u201cDUBLIKAT\u00cb\u201d me sip\u00ebrfaqe 2,770 m2;<\/p>\n<p>b. Detyrimin e familjes Isuf Isufi t\u00eb paguaj\u00eb vler\u00ebn 1,240,960 lek\u00eb p\u00ebr pasurin\u00eb e shitur me sip\u00ebrfaqe 2,770 m2;<\/p>\n<p>c. Shfuqizimin e plot\u00eb t\u00eb AMTP Nr.62dat\u00eb 20.04.1992 \u201cDUBLIKAT\u00cb\u201d me sip\u00ebrfaqe 750 m2;<\/p>\n<p>d. Kthimin n\u00eb pron\u00ebsi SHTET t\u00eb sip\u00ebrfaqes me Nr.60\/16, vol 5, fq 245, ZK 3550 me sip\u00ebrfaqe 750 m2;<\/p>\n<p>e. Shfuqizimin e pjessh\u00ebm t\u00eb AMTP Nr.42 dat\u00eb 10.06.1992 me sip\u00ebrfaqe 8,200 p\u00ebr sip\u00ebrfaqen 682 m2;<\/p>\n<p>f. Kthimin n\u00eb pron\u00ebsi SHTET t\u00eb sip\u00ebrfaqes me Nr.33\/2, vol 1, fq 211, ZK 3550 me sip\u00ebrfaqe 1,300 m2 (kjo pasuri mbetet 672 m2;<\/p>\n<p>g. Shfuqizimin e plot\u00eb t\u00eb AMTP pa Nr.\u00a0 dat\u00eb 19.01.1992 me sip\u00ebrfaqe 8,200 m2 (dokumenti 33, 37, 38).<\/p>\n<p><strong>13<\/strong>. Sipas kartelave t\u00eb pasuris\u00eb dhe hartave bashk\u00ebngjitur, kjo pron\u00eb megjith\u00ebse figuron prone SHTET, i shitet nga shtetasi Isufi shtetases Rreli (vjeh\u00ebrra e ish deputetit dhe anmbasadorit n\u00eb SHBA Ervin Bushati), dhe kjo e fundit me t\u00eb nj\u00ebjtin \u00e7mim prej 193.88 lek\u00eb\/2 (dokumenti 30, 30\/1, dhe 31), t\u00eb kall\u00ebzuar\u00ebs Lindita Rama (Xhillari).<\/p>\n<p><strong>14<\/strong>. Edhe te kartela dat\u00eb 06.12.2013, pasqyrohet kalimi i pron\u00ebs SHTET t\u00eb pronarja e re Lindita Rama (megjith\u00ebse e kishte k\u00ebrkuar q\u00eb n\u00eb vitin 2008), me sip\u00ebrfaqe 4,483.50 m2 n\u00eb shum\u00ebn 869,287 lek\u00eb ose 193.88 lek\u00eb p\u00ebr m2 \u00a0(dokumenti 28) duke ndryshuar dhe em\u00ebrtimin nga tok\u00eb \u201car\u00eb\u201d n\u00eb TRUALL.<\/p>\n<p><strong>15<\/strong>. Referuar shkres\u00ebs Nr. 4992\/1 Prot., dat\u00eb 09.12.2016, d\u00ebrgohet p\u00ebr gjykim administrative vendimi i Komisionit Vendor i Vler\u00ebsimit t\u00eb Titujve t\u00eb Pron\u00ebsis\u00eb (KVVTP), me vendimin Nr. 306 dat\u00eb 30.11.2016 (dokumenti 39, 40, 41 dhe 42).<\/p>\n<p><strong>16<\/strong>. Sipas shkres\u00ebs dat\u00eb 04.01.2017, edhe Avokatura e Shtetit, mb\u00ebshtet padin\u00eb e ngritur nga Prefekti i Qarkut Tiran\u00eb (dokumenti 32, 34 dhe 35).<\/p>\n<p><strong>17<\/strong>. Sipas vendimit t\u00eb Gjykat\u00ebs Administrative t\u00eb Shkall\u00ebs s\u00eb Par\u00eb Tiran\u00eb Nr. 505 dat\u00eb 15.02.2017 \u00ebsht\u00eb vendosur:<\/p>\n<p>\u2013\u00a0\u00a0 Pranimi i k\u00ebrkes\u00eb padis\u00eb s\u00eb Prefektit t\u00eb Qarkut Tiran\u00eb.<\/p>\n<p>\u2013 Deklarimin e pavlefshm\u00ebris\u00eb dhe shfuqizimin e AMTP Nr.62 dat\u00eb 26.11.1992, AMTP Nr.62dat\u00eb 20.04.1992 si dhe AMTP Nr.42 dat\u00eb 10.06.1992\u00a0 p\u00ebr sip\u00ebrfaqen e marr\u00eb tej norm\u00ebs prej 7,700 m2.<\/p>\n<p>\u2013\u00a0\u00a0 Kthimin n\u00eb pron\u00ebsi SHTET t\u00eb sip\u00ebrfaqes marr\u00eb tej norm\u00ebs p\u00ebr frym\u00eb pr\u00ebj 1,432 m2.<\/p>\n<p>\u2013\u00a0 Detyrimin e familjes Isuf Isufi t\u00eb paguaj\u00eb n\u00eb favor t\u00eb Buxhetit t\u00eb Shtetit vler\u00ebn 1,240,960 lek\u00eb (dokumenti 43 dhe 44).<\/p>\n<p><strong>18<\/strong>. Referuar vendimit t\u00eb Gjykat\u00ebs Administrative t\u00eb Apelit Nr. 664 dat\u00eb 24.06.2020 \u00ebsht\u00eb vendosur:<\/p>\n<p>\u2013\u00a0\u00a0 Prishjen e vendimit Nr. 505 dat\u00eb 15.02.2017 t\u00eb Gjykat\u00ebs Administrative t\u00eb Shkall\u00ebs s\u00eb Par\u00eb Tiran\u00eb dhe kthimin e \u00e7\u00ebshtjes pran\u00eb k\u00ebsaj gjykate me tjet\u00ebr trup gjykues (dokumenti 45 dhe 46).<\/p>\n<p><strong>19<\/strong>. Sipas vendimit t\u00eb Gjykat\u00ebs Administrative t\u00eb Shkall\u00ebs s\u00eb Par\u00eb Tiran\u00eb Nr. 13 dat\u00eb 14.01.2021 \u00ebsht\u00eb vendosur:<\/p>\n<p>\u2013\u00a0\u00a0 Pushimin e gjykimit t\u00eb padis\u00eb administrative bazuar n\u00eb k\u00ebrkes\u00ebn p\u00ebr heqjen dor\u00eb nga padia nga ana e Agjensis\u00eb Shtet\u00ebrore t\u00eb Kadastr\u00ebs (dokumenti 47, 49 dhe 49).<\/p>\n<p><strong>20<\/strong>. Referuar provave q\u00eb disponojm\u00eb, ky vendim ka hyr\u00eb n\u00eb fuqi m\u00eb dat\u00eb 09.08.2021, pasi ndaj tij nuk ka b\u00ebr\u00eb\u00a0 ankim \u00a0as\u00a0 Avokatura e Shtetit.<\/p>\n<ol class=\"wp-block-list\">\n<li><em><u><strong>T\u00eb dh\u00ebnat p\u00ebr Abi bank sh.a:<\/strong><\/u><\/em><\/li>\n<\/ol>\n<p><strong>21<\/strong>. Referuar ekstraktit t\u00eb shoq\u00ebris\u00eb aksionare \u201cBanka Amerikane e Investimeve\u201d sh.a, ka si aksioner t\u00eb saj me 100 % t\u00eb aksioneve shoq\u00ebrin\u00eb \u201cTranzit\u201d (dokumenti 51 \u2013 gjithsej 53 flet\u00eb).<\/p>\n<p><strong>22<\/strong>. Po sipas k\u00ebtij ekstrakti, figuron se aksioner\u00eb t\u00eb shoq\u00ebrin\u00eb \u201cTranzit\u201d (dokumenti 52) jan\u00eb:<\/p>\n<ol class=\"wp-block-list\">\n<li>Shoq\u00ebria \u201cNCH BALKAN FUND L.P\u201d, \u2026\u2026\u2026.., me seli: Box 309 Ugland House, South Church Stret, George To\u00ebn, GRAND CAYMAN, KYI \u2013 1104, ISHUJT KAJMAN.<\/li>\n<li>Shoq\u00ebria \u201cNE\u00cb CENTURY HOLDINGS XI, L.P\u201d, \u2026\u2026\u2026.., me seli: Box 309 Ugland House, South Church Stret, George To\u00cbn, GRAND CAYMAN, KYI \u2013 1104, ISHUJT KAJMAN.<\/li>\n<li>Andi Ballta, i biri i \u2026\u2026.<\/li>\n<\/ol>\n<p><strong>23<\/strong>. Nga ana tjet\u00ebr, referuar ekstraktit t\u00eb shoq\u00ebris\u00eb aksionare \u201cBanka Amerikane e Investimeve\u201d sh.a, (dokumenti 51 \u2013 faqe 3) e kall\u00ebzuara prej meje Lindita Rama, \u00ebsht\u00eb em\u00ebruar An\u00ebtare e k\u00ebshillit Mbikqyr\u00ebs m\u00eb dat\u00eb 07.01.2016 me mandat deri n\u00eb 07.01.2020.<\/p>\n<p><strong>24<\/strong>. Sipas po t\u00eb nj\u00ebjtit dokument, (dokumenti 51 \u2013 faqe 40), m\u00eb dat\u00eb 09.01.2019 rregjistrohet n\u00eb QKB dor\u00ebheqja e t\u00eb kall\u00ebzuar\u00ebs prej meje Lindita Rama, nd\u00ebrkoh\u00eb q\u00eb efektet ligjore t\u00eb \u201cdor\u00ebheqjes\u201d fillonin nga data 20.12.2018.<\/p>\n<p><strong>25<\/strong>. Sipas k\u00ebtij dokumenti, (dokumenti 51 \u2013 faqe 40), m\u00eb dat\u00eb 11.01.2019 \u00a0m\u00eb dat\u00eb 11.01.2019 (pra pas dy dit\u00ebve), kapitali i bank\u00ebs pak\u00ebsohet me 5,276,328,452.37 lek\u00eb ose rreth 52 milion USD.<\/p>\n<p><strong>26<\/strong>. Po sipas ekstrakti t\u00eb k\u00ebsaj banke, m\u00eb dat\u00eb 09.05.2018, n\u00eb QKB depozitohet Rezuluta e aksionarit t\u00eb vet\u00ebm Nr.81, date 12.09.2017, ku eshte vendosur miratimi i zmadhimit te kapitalit aksionar dhe p\u00ebrdit\u00ebsimin e vlerave te kapitalit ne statutin e Bankes, si dhe depozitim i Statutit te p\u00ebrditesuar dat\u00eb 12.09.2017, ku vlera e Kapitalit ishte 7,615,176,375.57 lek\u00eb dhe u be 7,983,629,453.99 lek\u00eb.<\/p>\n<p><strong>27<\/strong>. Po k\u00ebshtu, m\u00eb dat\u00eb 11.07.2018 n\u00eb QKB depozitohet rezoluta Nr.87, date 28.06.2018, ku \u00ebsht\u00eb\u00a0 vendosur: Miratimi p\u00ebr zmadhimin e kapitalit aksionar t\u00eb bankes duke emetuar aksione t\u00eb reja t\u00eb p\u00ebrfituara pas konvertimit pjesor t\u00eb borxhit t\u00eb varur n\u00eb kapital aksionar t\u00eb paguar, si dhe depozitimi i shkres\u00ebs Nr.3303\/1 dat\u00eb 20.06.2018 l\u00ebshuar nga Banka e Shqip\u00ebris\u00eb p\u00ebr miratimin e rritjes s\u00eb kapitalit t\u00eb Bank\u00ebs n\u00ebp\u00ebrmjet borxhit t\u00eb varur dhe duke shtuar vlerat e Kapitalit nga 7,983,629,453.99 lek\u00eb n\u00eb 8,361,787,206.92 lek\u00eb.<\/p>\n<p><strong>28.<\/strong>\u00a0M\u00eb dat\u00eb 19.01.2019, n\u00eb QKB depozitohet vendimi dat\u00eb 19.11.2018, ku \u00ebsht\u00eb vendosur, zvog\u00eblimi i kapitalit t\u00eb shoq\u00ebris\u00eb dhe depozitimi i shkres\u00ebs s\u00eb Bank\u00ebs s\u00eb Shqip\u00ebris\u00eb dat\u00eb 28.12.2018, p\u00ebr dh\u00ebnien e miratimit p\u00ebr zvog\u00eblimin e kapitalit t\u00eb shoq\u00ebris\u00eb nga 8,361,787,206.92 lek\u00eb n\u00eb 3,085,458,757.55 lek\u00eb.<\/p>\n","protected":false},"excerpt":{"rendered":"<p>Kryetarja e Komisionit t\u00eb Apelimit n\u00eb PD, Adriana Kalaja n\u00eb nj\u00eb deklarat\u00eb p\u00ebr shtyp, \u00a0ka denoncuar parregullsi t\u00eb r\u00ebnda lidhur me pron\u00ebsin\u00eb e tok\u00ebs n\u00eb Surrel dhe financat e bashk\u00ebshortes s\u00eb kryeministrit, Lindita Rama. Sipas saj, prona prej 4,483.50 m\u00b2 \u00ebsht\u00eb kaluar nga statusi \u201cshtet\u201d n\u00eb truall privat p\u00ebrmes falsifikimeve t\u00eb dokumenteve dhe manipulimeve ligjore. &hellip;<\/p>\n","protected":false},"author":4,"featured_media":101440,"comment_status":"closed","ping_status":"closed","sticky":false,"template":"","format":"standard","meta":{"footnotes":""},"categories":[37],"tags":[],"class_list":["post-101437","post","type-post","status-publish","format-standard","has-post-thumbnail","","category-politike"],"_links":{"self":[{"href":"https:\/\/rdnews.al\/index.php\/wp-json\/wp\/v2\/posts\/101437","targetHints":{"allow":["GET"]}}],"collection":[{"href":"https:\/\/rdnews.al\/index.php\/wp-json\/wp\/v2\/posts"}],"about":[{"href":"https:\/\/rdnews.al\/index.php\/wp-json\/wp\/v2\/types\/post"}],"author":[{"embeddable":true,"href":"https:\/\/rdnews.al\/index.php\/wp-json\/wp\/v2\/users\/4"}],"replies":[{"embeddable":true,"href":"https:\/\/rdnews.al\/index.php\/wp-json\/wp\/v2\/comments?post=101437"}],"version-history":[{"count":4,"href":"https:\/\/rdnews.al\/index.php\/wp-json\/wp\/v2\/posts\/101437\/revisions"}],"predecessor-version":[{"id":101447,"href":"https:\/\/rdnews.al\/index.php\/wp-json\/wp\/v2\/posts\/101437\/revisions\/101447"}],"wp:featuredmedia":[{"embeddable":true,"href":"https:\/\/rdnews.al\/index.php\/wp-json\/wp\/v2\/media\/101440"}],"wp:attachment":[{"href":"https:\/\/rdnews.al\/index.php\/wp-json\/wp\/v2\/media?parent=101437"}],"wp:term":[{"taxonomy":"category","embeddable":true,"href":"https:\/\/rdnews.al\/index.php\/wp-json\/wp\/v2\/categories?post=101437"},{"taxonomy":"post_tag","embeddable":true,"href":"https:\/\/rdnews.al\/index.php\/wp-json\/wp\/v2\/tags?post=101437"}],"curies":[{"name":"wp","href":"https:\/\/api.w.org\/{rel}","templated":true}]}}