{"id":101451,"date":"2025-01-15T13:04:30","date_gmt":"2025-01-15T13:04:30","guid":{"rendered":"https:\/\/rdnews.al\/?p=101451"},"modified":"2025-01-15T13:05:13","modified_gmt":"2025-01-15T13:05:13","slug":"a-do-kthehet-biblioteken-kombetare-ne-kulle-mucollari-rama-po-i-trajton-si-prona-personale-ky-plan-famekeq-duhet-ndalur","status":"publish","type":"post","link":"https:\/\/rdnews.al\/index.php\/2025\/01\/15\/a-do-kthehet-biblioteken-kombetare-ne-kulle-mucollari-rama-po-i-trajton-si-prona-personale-ky-plan-famekeq-duhet-ndalur\/","title":{"rendered":"A do kthehet edhe Biblioteka Komb\u00ebtare n\u00eb kull\u00eb? Mu\u00e7ollari: Rama po i trajton si prona personale, ky plan fam\u00ebkeq duhet ndalur"},"content":{"rendered":"<p>Deklarata e anetarit te kryesise se PD, Grigels Mu\u00e7ollari:<\/p>\n<p>Kjo godin\u00eb historike k\u00ebtu pas meje, q\u00eb t\u00eb gjith\u00eb qytetar\u00ebt e njohin, nuk do t\u00eb jet\u00eb m\u00eb Biblioteka Komb\u00ebtare.<\/p>\n<p>Edi Rama ka vendosur q\u00eb k\u00ebt\u00eb institucion ky\u00e7 t\u00eb kultur\u00ebs dhe kombit ta degdis\u00eb n\u00eb periferi t\u00eb Tiran\u00ebs, me nj\u00eb projekt aspak transparent.<\/p>\n<p>Sipas k\u00ebtij njoftimi q\u00eb ka nxjerr\u00eb Korporata e Investimeve, thjesht m\u00ebsohet se Biblioteka Komb\u00ebtare do t\u00eb jet\u00eb n\u00eb zon\u00ebn q\u00eb njihet si \u201cVilat Gjermane\u201d. N\u00eb njoftim ftohen kompani q\u00eb t\u00eb paraqesin projekte.<\/p>\n<p>Nuk ka asnj\u00eb informacion se pse u mor ky vendim, dhe \u00e7far\u00eb do t\u00eb ndodh\u00eb me k\u00ebt\u00eb godin\u00eb k\u00ebtu, pasuri e qytetit dhe e shqiptar\u00ebve.<\/p>\n<p>Nuk dihet asgj\u00eb se me \u00e7far\u00eb do t\u00eb shp\u00ebrblehet fituesi i paracaktuar, nj\u00eb mik i Edi Ram\u00ebs.<\/p>\n<p>A do t\u00eb ket\u00eb fatin dhe ky ansamb\u00ebl k\u00ebtu buz\u00eb Sheshit Sk\u00ebnderbej, si shum\u00ebkund, t\u00eb kthehet n\u00eb biznes fitimprur\u00ebs klientelist, n\u00eb nj\u00eb kull\u00eb qindra milion\u00eb euroshe?<br \/>\nKjo munges\u00eb transparence nuk vjen ngaq\u00eb Edi Rama nuk e di se \u00e7far\u00eb do t\u00eb b\u00ebhet. P\u00ebrkundrazi, ai thjesht po e mban t\u00eb fsheht\u00eb skem\u00ebn e tij. Kjo m\u00ebnyr\u00eb e trajtimit t\u00eb objekteve e pasurive publike e shtet\u00ebrore, tregon se ai e konsideron veten si pronar t\u00eb tyre dhe mund t\u00eb b\u00ebj\u00eb \u00e7far\u00eb t\u00eb doj\u00eb.<\/p>\n<p>Biblioteka Komb\u00ebtare e Shqip\u00ebris\u00eb nuk \u00ebsht\u00eb pron\u00eb e Edi Ram\u00ebs.<br \/>\nKy institucion kult i p\u00ebrket qytetar\u00ebve dhe shqiptar\u00ebve.<\/p>\n<p>Duket se ka nj\u00eb nxitim t\u00eb kryeministrit p\u00ebr t\u00eb \u00e7uar shpejt e shpejt deri n\u00eb fund planin q\u00eb ka p\u00ebr pronat shtet\u00ebrore p\u00ebr t\u2019i ndar\u00eb me miqt\u00eb e tij. Dhe papritur \u00e7do jav\u00eb del nj\u00eb njoftim n\u00eb nj\u00eb faqe t\u00eb Korporat\u00ebs s\u00eb Investimeve ku m\u00ebsohet se nj\u00eb godin\u00eb historike si kjo do fshihet, do zhduket.<\/p>\n<p>T\u00eb gjitha k\u00ebto, Edi Rama po i b\u00ebn pak muaj para zgjedhjeve.<br \/>\nP\u00ebr k\u00ebt\u00eb arsye, p\u00ebr t\u00eb ndalur dhe k\u00ebt\u00eb pazar klientelist dhe korruptiv me pasurit\u00eb shtet\u00ebrore, vota e 11 Majit ka r\u00ebnd\u00ebsi jetike.<\/p>\n<p>Qytetar\u00ebt e Tiran\u00ebs dhe gjith\u00eb Shqip\u00ebris\u00eb duhet t\u2019i tregojn\u00eb Edi Ram\u00ebs se nuk \u00ebsht\u00eb ai pronari i Bibliotek\u00ebs Komb\u00ebtare, as i Galeris\u00eb, as i Muzeut, as i atyre dhjet\u00ebra objekteve q\u00eb ka vendosur t\u00eb shp\u00ebrndaj\u00eb tek miqt\u00eb e tij.<\/p>\n<p>Ky plan fam\u00ebkeq duhet ndalur, dhe 11 Maji \u00ebsht\u00eb dita p\u00ebr ta ndalur.<\/p>\n","protected":false},"excerpt":{"rendered":"<p>Deklarata e anetarit te kryesise se PD, Grigels Mu\u00e7ollari: Kjo godin\u00eb historike k\u00ebtu pas meje, q\u00eb t\u00eb gjith\u00eb qytetar\u00ebt e njohin, nuk do t\u00eb jet\u00eb m\u00eb Biblioteka Komb\u00ebtare. Edi Rama ka vendosur q\u00eb k\u00ebt\u00eb institucion ky\u00e7 t\u00eb kultur\u00ebs dhe kombit ta degdis\u00eb n\u00eb periferi t\u00eb Tiran\u00ebs, me nj\u00eb projekt aspak transparent. Sipas k\u00ebtij njoftimi q\u00eb &hellip;<\/p>\n","protected":false},"author":4,"featured_media":101452,"comment_status":"closed","ping_status":"closed","sticky":false,"template":"","format":"standard","meta":{"footnotes":""},"categories":[37],"tags":[],"class_list":["post-101451","post","type-post","status-publish","format-standard","has-post-thumbnail","","category-politike"],"_links":{"self":[{"href":"https:\/\/rdnews.al\/index.php\/wp-json\/wp\/v2\/posts\/101451","targetHints":{"allow":["GET"]}}],"collection":[{"href":"https:\/\/rdnews.al\/index.php\/wp-json\/wp\/v2\/posts"}],"about":[{"href":"https:\/\/rdnews.al\/index.php\/wp-json\/wp\/v2\/types\/post"}],"author":[{"embeddable":true,"href":"https:\/\/rdnews.al\/index.php\/wp-json\/wp\/v2\/users\/4"}],"replies":[{"embeddable":true,"href":"https:\/\/rdnews.al\/index.php\/wp-json\/wp\/v2\/comments?post=101451"}],"version-history":[{"count":3,"href":"https:\/\/rdnews.al\/index.php\/wp-json\/wp\/v2\/posts\/101451\/revisions"}],"predecessor-version":[{"id":101455,"href":"https:\/\/rdnews.al\/index.php\/wp-json\/wp\/v2\/posts\/101451\/revisions\/101455"}],"wp:featuredmedia":[{"embeddable":true,"href":"https:\/\/rdnews.al\/index.php\/wp-json\/wp\/v2\/media\/101452"}],"wp:attachment":[{"href":"https:\/\/rdnews.al\/index.php\/wp-json\/wp\/v2\/media?parent=101451"}],"wp:term":[{"taxonomy":"category","embeddable":true,"href":"https:\/\/rdnews.al\/index.php\/wp-json\/wp\/v2\/categories?post=101451"},{"taxonomy":"post_tag","embeddable":true,"href":"https:\/\/rdnews.al\/index.php\/wp-json\/wp\/v2\/tags?post=101451"}],"curies":[{"name":"wp","href":"https:\/\/api.w.org\/{rel}","templated":true}]}}