{"id":101456,"date":"2025-01-15T13:08:54","date_gmt":"2025-01-15T13:08:54","guid":{"rendered":"https:\/\/rdnews.al\/?p=101456"},"modified":"2025-01-15T13:08:54","modified_gmt":"2025-01-15T13:08:54","slug":"happy-birthday-mr-president","status":"publish","type":"post","link":"https:\/\/rdnews.al\/index.php\/2025\/01\/15\/happy-birthday-mr-president\/","title":{"rendered":"Happy birthday Mr President!"},"content":{"rendered":"<p><strong>Nga Alba KEPI<\/strong><\/p>\n<p>N\u00ebse n\u00eb nj\u00eb Pallat mbret\u00earor hyn nj\u00eb klloun nuk \u00easht\u00eb se b\u00ebhet mbret por \u00ebsht\u00eb Pallati q\u00eb shnd\u00ebrrohet n\u00eb cirk.<\/p>\n<p>Kryeministrja italiane festoi dit\u00ebn e lindjes me nj\u00eb dhurat\u00eb nga KM shqiptar; nj\u00eb shall realizuar nga nj\u00eb sip\u00ebrmarr\u00ebs italian q\u00eb fabrik\u00ebn e tij e ka transferuar n\u00eb Shqip\u00ebri.<\/p>\n<p>Jo vet\u00ebm ia dhuroi por dhe ia vuri mbi kok\u00eb me konfidencialitetin sa shokues p\u00ebr t\u00eb pranishmit aq dhe t\u00eb sikletsh\u00ebm p\u00ebr ta e vet\u00eb Melonin.<\/p>\n<p>Happy birthday MR President me nj\u00eb dhurat\u00eb hilacake simbol i zgjedhjes s\u00eb bizneseve italiane q\u00eb spostojn\u00eb n\u00eb Shqip\u00ebri selit\u00eb e tyre p\u00ebr t&#8217;i shp\u00ebtuar barr\u00ebs fiskale t\u00eb taksimit n\u00eb sistemin italian e me fabrika ku prodhimi bazohet n\u00eb krah pune shqiptar\u00ebsh q\u00eb u kushtojn\u00eb disa her\u00eb m\u00eb pak se sa nj\u00eb pun\u00ebtor italian.<\/p>\n<p>Happy birthday Mr President e do ishte mir\u00eb q\u00eb mbi krye t\u00eb kishit shallin e nj\u00eb pun\u00ebtori shqiptar q\u00eb varf\u00ebria e pasiguria e detyroi t\u00eb jet\u00eb nj\u00eb nga 1 milion\u00eb shqiptar\u00ebt q\u00eb k\u00ebto 3\/4 vitet e fundit \u00ebsht\u00eb larguar nga Shqip\u00ebria p\u00ear shkak t\u00eb keq qeverisjes s\u00eb mikut tuaj.<\/p>\n<p>E pamund\u00ebsia p\u00ebr t\u00eb siguruar jetes\u00ebn p\u00ear f\u00ebmij\u00ebt, pasiguria e s\u00eb nes\u00ebrmes e seleksionimi politik p\u00ebr t\u00eb jetuar e u realizuar, \u00ebsht\u00eb i pakrahasuesh\u00ebm me cdo regjim fiskal o interes personal t\u00eb nj\u00eb sip\u00ebrmarr\u00easi italian.<\/p>\n<p>Happy Birthday MR President e keni t\u00eb drejt\u00eb kur i thoni buzagaz se &#8220;Edi duhet t&#8217;i jap\u00ebsh fund k\u00ebtyre skenave!&#8221;<\/p>\n<p>&#8220;Hall i madh e shtyn&#8221;, thot\u00eb nj\u00eb shprehje popullore shqiptare, MrPresident.<\/p>\n<p>Miq\u00easia juaj me m\u00eb t\u00eb fortin e bot\u00ebs e shtyn n\u00eb k\u00ebto perfomanca kllounash. N\u00eb SHBA nj\u00eb dosjer me qindra faqe e p\u00ebrfshin Ram\u00ebn n\u00eb nj\u00eb nga skandalet m\u00eb skandaloze m\u00ebs Shqip\u00ebris\u00eb e Amerik\u00ebs ku korrupsioni i zbardhur nga kjo dosje ka d\u00ebmtuar demokracin\u00eb, diplomacin\u00eb e sigurin\u00eb, pra Shqip\u00ebrin\u00eb<\/p>\n<p>Po SHBA jan\u00eb nism\u00ebtar\u00ebt e mb\u00ebshtet\u00ebsit e nj\u00eb prej reformave m\u00eb madhore t\u00eb Shqip\u00ebris\u00eb post &#8217;90- reforma n\u00eb drejt\u00ebsi, por q\u00eb po zhg\u00ebnjen e preokupon kancelarit\u00eb bot\u00ebrore e organizma nd\u00ebrkomb\u00ebtare.<\/p>\n<p>Ministra, Kryetar Bashkie, vet\u00eb KM, Drejtues t\u00eb lart\u00eb institucionesh, t\u00eb identifikuar n\u00ebn akuza t\u00eb r\u00ebnda korruptive nuk po gjykohen nga rregullat e nj\u00eb drejt\u00ebsie n\u00ebn seleksionimin e nj\u00eb diktati politik q\u00eb e b\u00ebn pushtetin e pavarust t\u00eb saj nj\u00eb loj\u00eb n\u00eb duart e vet\u00eb Ram\u00ebs.<\/p>\n<p>Data 20 janar e nisja e nj\u00eb administrate te re amerikane \u00ebsht\u00eb halli i madh i k\u00ebsaj perfomance cirku n\u00eb dit\u00ebn tuaj t\u00eb lindjes MR President, e si thot\u00eb shprehja &#8220;miku im \u00ebsht\u00eb dhe miku juaj&#8221; e tek miq\u00ebsia mes t\u00eb tret\u00ebve ndoshta do vij koha t\u00eb ju k\u00ebrkoj ndonj\u00eb favor.<\/p>\n<p>Happy birthday MR President e si thuhet shpesh n\u00eb politik\u00eb, kur n\u00eb nj\u00eb Pallat mbret\u00earor hyn nj\u00eb klloun nuk \u00ebsht\u00eb se b\u00ebhet mbret por \u00ebsht\u00eb Pallati q\u00eb shnd\u00ebrrohet n\u00eb cirk.<\/p>\n<p>Nga poturet e atlete samitesh, nudiz\u00ebm n\u00eb plazh, puthje e p\u00earqafime liderash, sot n\u00eb arkivin institucional e mediatik u shtua dhe perfomanca e Ram\u00ebs q\u00eb ju bekon me shamin\u00eb e kok\u00eas n\u00eb Abu Dabi.<\/p>\n","protected":false},"excerpt":{"rendered":"<p>Nga Alba KEPI N\u00ebse n\u00eb nj\u00eb Pallat mbret\u00earor hyn nj\u00eb klloun nuk \u00easht\u00eb se b\u00ebhet mbret por \u00ebsht\u00eb Pallati q\u00eb shnd\u00ebrrohet n\u00eb cirk. Kryeministrja italiane festoi dit\u00ebn e lindjes me nj\u00eb dhurat\u00eb nga KM shqiptar; nj\u00eb shall realizuar nga nj\u00eb sip\u00ebrmarr\u00ebs italian q\u00eb fabrik\u00ebn e tij e ka transferuar n\u00eb Shqip\u00ebri. Jo vet\u00ebm ia dhuroi &hellip;<\/p>\n","protected":false},"author":4,"featured_media":101457,"comment_status":"closed","ping_status":"closed","sticky":false,"template":"","format":"standard","meta":{"footnotes":""},"categories":[44],"tags":[],"class_list":["post-101456","post","type-post","status-publish","format-standard","has-post-thumbnail","","category-editorial"],"_links":{"self":[{"href":"https:\/\/rdnews.al\/index.php\/wp-json\/wp\/v2\/posts\/101456","targetHints":{"allow":["GET"]}}],"collection":[{"href":"https:\/\/rdnews.al\/index.php\/wp-json\/wp\/v2\/posts"}],"about":[{"href":"https:\/\/rdnews.al\/index.php\/wp-json\/wp\/v2\/types\/post"}],"author":[{"embeddable":true,"href":"https:\/\/rdnews.al\/index.php\/wp-json\/wp\/v2\/users\/4"}],"replies":[{"embeddable":true,"href":"https:\/\/rdnews.al\/index.php\/wp-json\/wp\/v2\/comments?post=101456"}],"version-history":[{"count":1,"href":"https:\/\/rdnews.al\/index.php\/wp-json\/wp\/v2\/posts\/101456\/revisions"}],"predecessor-version":[{"id":101458,"href":"https:\/\/rdnews.al\/index.php\/wp-json\/wp\/v2\/posts\/101456\/revisions\/101458"}],"wp:featuredmedia":[{"embeddable":true,"href":"https:\/\/rdnews.al\/index.php\/wp-json\/wp\/v2\/media\/101457"}],"wp:attachment":[{"href":"https:\/\/rdnews.al\/index.php\/wp-json\/wp\/v2\/media?parent=101456"}],"wp:term":[{"taxonomy":"category","embeddable":true,"href":"https:\/\/rdnews.al\/index.php\/wp-json\/wp\/v2\/categories?post=101456"},{"taxonomy":"post_tag","embeddable":true,"href":"https:\/\/rdnews.al\/index.php\/wp-json\/wp\/v2\/tags?post=101456"}],"curies":[{"name":"wp","href":"https:\/\/api.w.org\/{rel}","templated":true}]}}