{"id":101459,"date":"2025-01-15T17:21:20","date_gmt":"2025-01-15T17:21:20","guid":{"rendered":"https:\/\/rdnews.al\/?p=101459"},"modified":"2025-01-15T17:21:20","modified_gmt":"2025-01-15T17:21:20","slug":"pd-shpalos-programin-ekonomik-ne-100-ditet-e-para-te-qeverisjes","status":"publish","type":"post","link":"https:\/\/rdnews.al\/index.php\/2025\/01\/15\/pd-shpalos-programin-ekonomik-ne-100-ditet-e-para-te-qeverisjes\/","title":{"rendered":"PD shpalos programin ekonomik n\u00eb 100 dit\u00ebt e para t\u00eb qeverisjes"},"content":{"rendered":"<div id=\"rekl-49\">Partia Demokratike ka shpalosur programin e saj ekonomik, n\u00eb 100 dit\u00ebt e para t\u00eb qeverisjes s\u00eb saj, me rikthimin n\u00eb pushtet.<\/div>\n<div class=\"readmore-text-here\">\n<p>Teksa p\u00ebrgatitet p\u00ebr zgjedhjet parlamentare t\u00eb 11 majit, Kryedemokrati Sali Berisha ka b\u00ebr\u00eb publik\u00eb nj\u00eb pjes\u00eb t\u00eb platform\u00ebs ekonomike, q\u00eb do t\u2019u shpaloset qyetar\u00ebve dhe votuesve gjat\u00eb fushat\u00ebs elektorale.<\/p>\n<p>Nga ne \u00e7mimet e ushqimeve dhe veshjeve, q\u00eb rezultojn\u00eb t\u00eb jen\u00eb m\u00eb t\u00eb larta se n\u00eb Europ\u00eb, me pagat e pensionet jan\u00eb disa her\u00eb m\u00eb t\u00eb ul\u00ebta, PD premton se n\u00eb 100 dit\u00ebt e para n\u00eb qeveri, do t\u00eb vendos\u00eb minimumin jetik prej 200 eurosh p\u00ebr k\u00ebdo.<\/p>\n<p>N\u00eb nj\u00eb video-mesazh t\u00eb shp\u00ebrndar\u00eb n\u00eb rrjetet sociale, z\u00ebdh\u00ebn\u00ebsja e PD, Floriana Garo ka renditur disa pika, ku do t\u00eb fokusohet program ekonomik.<\/p>\n<p>Sipas PD, Parat\u00eb jan\u00eb aty, nd\u00ebrsa premton se rrug\u00ebt dhe pun\u00ebt publike nuk do t\u00eb b\u00ebhen m\u00eb me \u00e7mime stratosferike, por do t\u00eb nd\u00ebrtohen sipas standardeve t\u00eb drejta.<\/p>\n<p><strong>Statusi<\/strong><\/p>\n<p>Programi ekonomik, ja \u00e7far\u00eb do t\u00eb b\u00ebj\u00eb Partia Demokratike p\u00ebr t\u2019i dh\u00ebn\u00eb fund k\u00ebsaj gjendjeje brenda 100 dit\u00ebve t\u00eb para kur t\u00eb kthehet n\u00eb pushtet?<\/p>\n<p>T\u00eb dashur miq, tek ne \u00e7mimet e ushqimeve dhe veshjeve jan\u00eb m\u00eb t\u00eb larta se n\u00eb Europ\u00eb, kurse rrogat e pensionet jan\u00eb disa her\u00eb m\u00eb t\u00eb ul\u00ebta.<\/p>\n<p>Ky \u00ebsht\u00eb shkaku i varf\u00ebrimit n\u00eb rritje t\u00eb shqiptar\u00ebve! Doni t\u00eb dini se \u00e7far\u00eb do t\u00eb b\u00ebj\u00eb Partia Demokratike p\u00ebr t\u2019i dh\u00ebn\u00eb fund k\u00ebsaj gjendjeje brenda 100 dit\u00ebve t\u00eb para kur t\u00eb kthehet n\u00eb pushtet?<\/p>\n<p>Ja disa pika t\u00eb programit ton\u00eb:<\/p>\n<p>1. Do t\u00eb vendosim minimumin jetik 200 euro p\u00ebr k\u00ebdo, pensionist\u00eb, t\u00eb papun\u00eb, n\u00eb ndihm\u00eb ekonomike, madje edhe student\u00ebt.<\/p>\n<p>2. Rroga minimale do t\u00eb jet\u00eb 500 euro.<\/p>\n<p>3. Rroga mesatare do t\u00eb jet\u00eb 1,200 euro.<\/p>\n<p>4. Minimumi jetik do t\u00eb indeksohet me ligj.<\/p>\n<p>5. Pensionist\u00ebt dhe familjet me rroga t\u00eb ul\u00ebta do t\u00eb ken\u00eb \u00e7mim m\u00eb t\u00eb ul\u00ebt t\u00eb dritave dhe ujit.<\/p>\n<p>6. Do t\u00eb falen gjobat p\u00ebr energjin\u00eb elektrike dhe ujin e pijsh\u00ebm p\u00ebr pensionist\u00ebt, t\u00eb papun\u00ebt, familjet n\u00eb nevoj\u00eb me rroga n\u00ebn mesatare dhe n\u00ebnat kryefamiljare.<\/p>\n<p>7. Pensionist\u00ebt dhe t\u00eb gjith\u00eb qytetar\u00ebt me minimum jetik do t\u00eb pajisen me kart\u00eb konsumatori, me t\u00eb cil\u00ebn do t\u00eb rimbursohen 100% t\u00eb TVSH-s\u00eb p\u00ebr produktet e shport\u00ebs.<\/p>\n<p>8. Shteti do t\u00eb marr\u00eb p\u00ebrsip\u00ebr shpenzimet p\u00ebr f\u00ebmij\u00ebn e tret\u00eb deri n\u00eb mosh\u00ebn 23 vje\u00e7, duke p\u00ebrfshir\u00eb shkollimin shtet\u00ebror. Duke v\u00ebn\u00eb familjen n\u00eb plan t\u00eb par\u00eb, do t\u00eb ndihmojm\u00eb n\u00eb sh\u00ebrimin e plag\u00ebve t\u00eb shpopullimit n\u00eb vendin ton\u00eb.<\/p>\n<p>9. P\u00ebrmes nd\u00ebrtesave sociale, do t\u00eb mund\u00ebsojm\u00eb \u00e7mime t\u00eb p\u00ebrballueshme t\u00eb banesave dhe kredi p\u00ebr \u00e7iftet e reja dhe t\u00eb pamundurit.<\/p>\n<p>10. Fermer\u00ebt do t\u00eb p\u00ebrfitojn\u00eb subvencionim nga shteti p\u00ebr \u00e7do kok\u00eb bag\u00ebti dhe \u00e7do nj\u00ebsi prodhimi.<\/p>\n<p>11. Do t\u00eb v\u00ebm\u00eb n\u00eb dispozicion burime financiare dhe tok\u00eb shtet\u00ebrore p\u00ebr t\u00eb kompensuar pronar\u00ebt.<\/p>\n<p>12. Emigrant\u00ebt, kur vendosin t\u00eb kthehen n\u00eb atdhe, do t\u00eb ken\u00eb 0 taksa p\u00ebr 5 vjet dhe do t\u00eb p\u00ebrfitojn\u00eb kredi t\u00eb but\u00eb kur t\u00eb blejn\u00eb nj\u00eb banes\u00eb.<\/p>\n<p>13. N\u00eb universitet, do t\u00eb hiqet mesatarja e pranimit.<\/p>\n<p>14. \u00c7mimi i naft\u00ebs do t\u00eb jet\u00eb gjithnj\u00eb n\u00eb minimumin e mesatares s\u00eb rajonit; \u00e7mimet ekstremisht t\u00eb larta marrin fund.<\/p>\n<p>15. Do t\u00eb hiqen t\u00eb gjitha taksat dhe tarifat e rrug\u00ebve.<\/p>\n<p>Si do t\u2019i b\u00ebjm\u00eb t\u00eb mundura k\u00ebto?<\/p>\n<p>Parat\u00eb jan\u00eb aty. Rrug\u00ebt dhe pun\u00ebt publike nuk do t\u00eb b\u00ebhen m\u00eb me \u00e7mime stratosferike, 10 her\u00eb m\u00eb t\u00eb larta se n\u00eb Europ\u00eb, por do t\u00eb nd\u00ebrtohen sipas standardeve t\u00eb drejta. Ne do t\u00eb p\u00ebrmbysim shp\u00ebrndarjen e t\u00eb ardhurave dhe pasurive komb\u00ebtare; fokusi dhe investimi yn\u00eb do t\u00eb jet\u00eb te qytetar\u00ebt shqiptar\u00eb.<\/p>\n<p><iframe loading=\"lazy\" src=\"https:\/\/www.facebook.com\/plugins\/video.php?height=476&amp;href=https%3A%2F%2Fwww.facebook.com%2FSaliBerisha%2Fvideos%2F1642621749798026%2F&amp;show_text=false&amp;width=267&amp;t=0\" width=\"267\" height=\"476\" frameborder=\"0\" scrolling=\"no\" allowfullscreen=\"allowfullscreen\" data-mce-fragment=\"1\"><\/iframe><\/p>\n<\/div>\n<div id=\"rekl-33\"><\/div>\n","protected":false},"excerpt":{"rendered":"<p>Partia Demokratike ka shpalosur programin e saj ekonomik, n\u00eb 100 dit\u00ebt e para t\u00eb qeverisjes s\u00eb saj, me rikthimin n\u00eb pushtet. Teksa p\u00ebrgatitet p\u00ebr zgjedhjet parlamentare t\u00eb 11 majit, Kryedemokrati Sali Berisha ka b\u00ebr\u00eb publik\u00eb nj\u00eb pjes\u00eb t\u00eb platform\u00ebs ekonomike, q\u00eb do t\u2019u shpaloset qyetar\u00ebve dhe votuesve gjat\u00eb fushat\u00ebs elektorale. Nga ne \u00e7mimet e ushqimeve &hellip;<\/p>\n","protected":false},"author":4,"featured_media":89408,"comment_status":"closed","ping_status":"closed","sticky":false,"template":"","format":"standard","meta":{"footnotes":""},"categories":[37],"tags":[],"class_list":["post-101459","post","type-post","status-publish","format-standard","has-post-thumbnail","","category-politike"],"_links":{"self":[{"href":"https:\/\/rdnews.al\/index.php\/wp-json\/wp\/v2\/posts\/101459","targetHints":{"allow":["GET"]}}],"collection":[{"href":"https:\/\/rdnews.al\/index.php\/wp-json\/wp\/v2\/posts"}],"about":[{"href":"https:\/\/rdnews.al\/index.php\/wp-json\/wp\/v2\/types\/post"}],"author":[{"embeddable":true,"href":"https:\/\/rdnews.al\/index.php\/wp-json\/wp\/v2\/users\/4"}],"replies":[{"embeddable":true,"href":"https:\/\/rdnews.al\/index.php\/wp-json\/wp\/v2\/comments?post=101459"}],"version-history":[{"count":1,"href":"https:\/\/rdnews.al\/index.php\/wp-json\/wp\/v2\/posts\/101459\/revisions"}],"predecessor-version":[{"id":101460,"href":"https:\/\/rdnews.al\/index.php\/wp-json\/wp\/v2\/posts\/101459\/revisions\/101460"}],"wp:featuredmedia":[{"embeddable":true,"href":"https:\/\/rdnews.al\/index.php\/wp-json\/wp\/v2\/media\/89408"}],"wp:attachment":[{"href":"https:\/\/rdnews.al\/index.php\/wp-json\/wp\/v2\/media?parent=101459"}],"wp:term":[{"taxonomy":"category","embeddable":true,"href":"https:\/\/rdnews.al\/index.php\/wp-json\/wp\/v2\/categories?post=101459"},{"taxonomy":"post_tag","embeddable":true,"href":"https:\/\/rdnews.al\/index.php\/wp-json\/wp\/v2\/tags?post=101459"}],"curies":[{"name":"wp","href":"https:\/\/api.w.org\/{rel}","templated":true}]}}