{"id":101466,"date":"2025-01-15T17:30:45","date_gmt":"2025-01-15T17:30:45","guid":{"rendered":"https:\/\/rdnews.al\/?p=101466"},"modified":"2025-01-15T17:49:09","modified_gmt":"2025-01-15T17:49:09","slug":"u-qetesova-sqenka-i-semure-mendor","status":"publish","type":"post","link":"https:\/\/rdnews.al\/index.php\/2025\/01\/15\/u-qetesova-sqenka-i-semure-mendor\/","title":{"rendered":"U qet\u00ebsova, s\u2019qenka i s\u00ebmur\u00eb mendor"},"content":{"rendered":"<p><strong>Nga<\/strong>\u00a0<strong>Agim XHAFKA<\/strong><\/p>\n<p>Me z\u00eb e figur\u00eb e tha, nuk kam probleme t\u00eb sh\u00ebndetit mendor. E m\u00eb pas, si gjithnj\u00eb aludoi, se k\u00ebt\u00eb ia ka sajuar doktori, opozita dhe armiqt\u00eb e Shqip\u00ebris\u00eb. Armiqt\u00eb e shumt\u00eb, dmth.<\/p>\n<p>E d\u00ebgjova dhe ah, sa u qet\u00ebsova! I thash\u00eb vetes, nuk e paskemi t\u00eb s\u00ebmur\u00eb kryeministrin. G\u00ebzoka sh\u00ebndet mendor t\u00eb plot\u00eb. Por mendja ime, duke sjell\u00eb para syve se \u00e7far\u00eb b\u00ebri e po b\u00ebn mendja e tij e sh\u00ebndosh\u00eb, nuk e p\u00ebrtypi dot pohimin q\u00eb ai e tha faqe shqiptar\u00ebve.<\/p>\n<p>Se nj\u00eb mendje normale nuk g\u00ebnjen \u00e7do dit\u00eb p\u00ebr 12 vite rresht. Pa u lodhur, pa iu dridhur qerpiku, pa iu skuqur faqja. I l\u00ebviznin ve\u00e7 protezat e dh\u00ebmb\u00ebve.<\/p>\n<p>Se nj\u00eb njeri me tru n\u00eb kok\u00eb nuk e mbush qeverin\u00eb dhe parlamentin me hajdut\u00eb e vras\u00ebs.<\/p>\n<p>Se nj\u00eb njeri normal do t\u00eb jepte dor\u00ebheqjen sapo z\u00ebvend\u00ebsi i tij k\u00ebrkoi azil politik n\u00eb Zvic\u00ebr.<\/p>\n<p>Se i sh\u00ebndoshi kur fiton votimet nuk sillet si humb\u00ebs. Nuk b\u00ebn reprezalje t\u00eb vazhdueshme mbi pakic\u00ebn.<\/p>\n<p>Se nj\u00eb lider me mend nuk nd\u00ebrmerr ligje p\u00ebr t\u00eb favorizuar miqt\u00eb e vet. Ligje p\u00ebr emra e mbiemra t\u00eb caktuar.<\/p>\n<p>Se i sh\u00ebndoshi punon t\u00eb sh\u00ebndosh\u00eb shoq\u00ebrin\u00eb jo ta s\u00ebmur\u00eb at\u00eb.<\/p>\n<p>Se sh\u00ebndeti mendor i kryeministrit duket a\u00e7ik n\u00eb sh\u00ebndet\u00ebsin\u00eb publike. Q\u00eb u premtua falas dhe u zbatua e po zbatohet, t\u00eb fala sh\u00ebndetit.<\/p>\n<p>Se njeriu me tru \u00ebsht\u00eb njeri i drejt\u00eb, i dhimbsur. Jo xhahil q\u00eb moshat e treta i trajton me pensione l\u00ebmosha.<\/p>\n<p>Se boshatisja e vendit nga thuajse gjysma e popullat\u00ebs flet p\u00ebr qeverisje t\u00eb s\u00ebmur\u00eb.<\/p>\n<p>Dje doli para popullit e tha q\u00eb nuk kam probleme t\u00eb sh\u00ebndetit mendor. Populli q\u00eb e d\u00ebgjoi qeshi. Tundi kok\u00ebn e si p\u00ebrgjigje i recitoi vargjet e Drit\u00ebroit:<\/p>\n<p>\u201cN\u00eb vendin tim e n\u00eb vendin t\u00ebnd,<\/p>\n<p>Nj\u00eb i \u00e7mendur nj\u00eb vend e \u00e7mend\u201d.<\/p>\n","protected":false},"excerpt":{"rendered":"<p>Nga\u00a0Agim XHAFKA Me z\u00eb e figur\u00eb e tha, nuk kam probleme t\u00eb sh\u00ebndetit mendor. E m\u00eb pas, si gjithnj\u00eb aludoi, se k\u00ebt\u00eb ia ka sajuar doktori, opozita dhe armiqt\u00eb e Shqip\u00ebris\u00eb. Armiqt\u00eb e shumt\u00eb, dmth. E d\u00ebgjova dhe ah, sa u qet\u00ebsova! I thash\u00eb vetes, nuk e paskemi t\u00eb s\u00ebmur\u00eb kryeministrin. G\u00ebzoka sh\u00ebndet mendor t\u00eb &hellip;<\/p>\n","protected":false},"author":4,"featured_media":67888,"comment_status":"closed","ping_status":"closed","sticky":false,"template":"","format":"standard","meta":{"footnotes":""},"categories":[44],"tags":[],"class_list":["post-101466","post","type-post","status-publish","format-standard","has-post-thumbnail","","category-editorial"],"_links":{"self":[{"href":"https:\/\/rdnews.al\/index.php\/wp-json\/wp\/v2\/posts\/101466","targetHints":{"allow":["GET"]}}],"collection":[{"href":"https:\/\/rdnews.al\/index.php\/wp-json\/wp\/v2\/posts"}],"about":[{"href":"https:\/\/rdnews.al\/index.php\/wp-json\/wp\/v2\/types\/post"}],"author":[{"embeddable":true,"href":"https:\/\/rdnews.al\/index.php\/wp-json\/wp\/v2\/users\/4"}],"replies":[{"embeddable":true,"href":"https:\/\/rdnews.al\/index.php\/wp-json\/wp\/v2\/comments?post=101466"}],"version-history":[{"count":2,"href":"https:\/\/rdnews.al\/index.php\/wp-json\/wp\/v2\/posts\/101466\/revisions"}],"predecessor-version":[{"id":101470,"href":"https:\/\/rdnews.al\/index.php\/wp-json\/wp\/v2\/posts\/101466\/revisions\/101470"}],"wp:featuredmedia":[{"embeddable":true,"href":"https:\/\/rdnews.al\/index.php\/wp-json\/wp\/v2\/media\/67888"}],"wp:attachment":[{"href":"https:\/\/rdnews.al\/index.php\/wp-json\/wp\/v2\/media?parent=101466"}],"wp:term":[{"taxonomy":"category","embeddable":true,"href":"https:\/\/rdnews.al\/index.php\/wp-json\/wp\/v2\/categories?post=101466"},{"taxonomy":"post_tag","embeddable":true,"href":"https:\/\/rdnews.al\/index.php\/wp-json\/wp\/v2\/tags?post=101466"}],"curies":[{"name":"wp","href":"https:\/\/api.w.org\/{rel}","templated":true}]}}