{"id":101474,"date":"2025-01-15T18:03:00","date_gmt":"2025-01-15T18:03:00","guid":{"rendered":"https:\/\/rdnews.al\/?p=101474"},"modified":"2025-01-15T18:03:00","modified_gmt":"2025-01-15T18:03:00","slug":"kurti-sulmon-devollet-milionin-e-pare-e-kane-nga-koha-e-serbise-apo-nga-koha-e-klanit-pronto","status":"publish","type":"post","link":"https:\/\/rdnews.al\/index.php\/2025\/01\/15\/kurti-sulmon-devollet-milionin-e-pare-e-kane-nga-koha-e-serbise-apo-nga-koha-e-klanit-pronto\/","title":{"rendered":"Kurti sulmon Devoll\u00ebt: Milionin  e par\u00eb e kan\u00eb nga koha e Serbis\u00eb apo nga koha e klanit \u201cPronto\u201d"},"content":{"rendered":"<p>Kryeministri Kurti, gjat\u00eb fushat\u00ebs n\u00eb Pej\u00eb, ka p\u00ebrmendur v\u00ebllez\u00ebrit Devoll\u00ebt, biznesmen\u00eb t\u00eb njohur n\u00eb Kosov\u00eb. Kurti tha se nuk do t\u00eb kemi m\u00eb biznesmen\u00eb q\u00eb u pasuruan nga tranzicioni apo nga koha e klanit \u201cPronto\u201d. Kurti ka th\u00ebn\u00eb se ma mir\u00eb dhe ma ndersh\u00ebm \u00ebsht\u00eb t\u00eb rregullosh rrota t\u00eb bi\u00e7ikletave, si Ibrahim Devolli, dhe jo si djemt\u00eb e tij, q\u00eb e regjistrojn\u00eb biznesin n\u00eb Serbi dhe Maqedoni, n\u00eb em\u00ebr t\u00eb tjet\u00ebrkujt, p\u00ebr t\u00eb ardhur si t\u00eb huaj n\u00eb Pej\u00eb dhe n\u00eb Kosov\u00eb.<\/p>\n<div class=\"kodiim\" data-mce-contenteditable=\"false\"><\/div>\n<p>\u201cJo m\u00eb asi biznesmen\u00ebsh q\u00eb milionin\u00a0 e par\u00eb e kan\u00eb nga koha e Serbis\u00eb apo nga koha e klanit \u201cPronto\u201d. Sipas tij, Republika e Kosov\u00ebs ka nevoj\u00eb p\u00ebr biznesmen\u00eb patriot\u00eb, q\u00eb thon\u00eb Peja Republika e Kosov\u00ebs, Gjakova \u2013Republika e Kosov\u00eb dhe jo kurr\u00eb \u201cPe\u00e7 Srbija\u201d, apo \u201cDjakovica SrbiJa\u201d, ka ath\u00ebn\u00eb Kurti n\u00eb fjalimin e tij n\u00eb Pej\u00eb.<\/p>\n<p>Kurti tha se ma mir\u00eb dhe ma ndersh\u00ebm \u00ebsht\u00eb t\u00eb rregullosh rrota t\u00eb bi\u00e7ikletave, si Ibrahim Devolli, dhe jo si djemt\u00eb e tij, q\u00eb e regjistrojn\u00eb biznesin n\u00eb Serbi dhe Maqedoni, n\u00eb em\u00ebr t\u00eb tjet\u00ebrkujt, p\u00ebr t\u00eb ardhur si t\u00eb huaj n\u00eb Pej\u00eb dhe n\u00eb Kosov\u00eb.<\/p>\n","protected":false},"excerpt":{"rendered":"<p>Kryeministri Kurti, gjat\u00eb fushat\u00ebs n\u00eb Pej\u00eb, ka p\u00ebrmendur v\u00ebllez\u00ebrit Devoll\u00ebt, biznesmen\u00eb t\u00eb njohur n\u00eb Kosov\u00eb. Kurti tha se nuk do t\u00eb kemi m\u00eb biznesmen\u00eb q\u00eb u pasuruan nga tranzicioni apo nga koha e klanit \u201cPronto\u201d. Kurti ka th\u00ebn\u00eb se ma mir\u00eb dhe ma ndersh\u00ebm \u00ebsht\u00eb t\u00eb rregullosh rrota t\u00eb bi\u00e7ikletave, si Ibrahim Devolli, dhe jo &hellip;<\/p>\n","protected":false},"author":3,"featured_media":101475,"comment_status":"closed","ping_status":"closed","sticky":false,"template":"","format":"standard","meta":{"footnotes":""},"categories":[38],"tags":[],"class_list":["post-101474","post","type-post","status-publish","format-standard","has-post-thumbnail","","category-bota"],"_links":{"self":[{"href":"https:\/\/rdnews.al\/index.php\/wp-json\/wp\/v2\/posts\/101474","targetHints":{"allow":["GET"]}}],"collection":[{"href":"https:\/\/rdnews.al\/index.php\/wp-json\/wp\/v2\/posts"}],"about":[{"href":"https:\/\/rdnews.al\/index.php\/wp-json\/wp\/v2\/types\/post"}],"author":[{"embeddable":true,"href":"https:\/\/rdnews.al\/index.php\/wp-json\/wp\/v2\/users\/3"}],"replies":[{"embeddable":true,"href":"https:\/\/rdnews.al\/index.php\/wp-json\/wp\/v2\/comments?post=101474"}],"version-history":[{"count":1,"href":"https:\/\/rdnews.al\/index.php\/wp-json\/wp\/v2\/posts\/101474\/revisions"}],"predecessor-version":[{"id":101476,"href":"https:\/\/rdnews.al\/index.php\/wp-json\/wp\/v2\/posts\/101474\/revisions\/101476"}],"wp:featuredmedia":[{"embeddable":true,"href":"https:\/\/rdnews.al\/index.php\/wp-json\/wp\/v2\/media\/101475"}],"wp:attachment":[{"href":"https:\/\/rdnews.al\/index.php\/wp-json\/wp\/v2\/media?parent=101474"}],"wp:term":[{"taxonomy":"category","embeddable":true,"href":"https:\/\/rdnews.al\/index.php\/wp-json\/wp\/v2\/categories?post=101474"},{"taxonomy":"post_tag","embeddable":true,"href":"https:\/\/rdnews.al\/index.php\/wp-json\/wp\/v2\/tags?post=101474"}],"curies":[{"name":"wp","href":"https:\/\/api.w.org\/{rel}","templated":true}]}}