{"id":101498,"date":"2025-01-15T19:58:35","date_gmt":"2025-01-15T19:58:35","guid":{"rendered":"https:\/\/rdnews.al\/?p=101498"},"modified":"2025-01-15T20:09:45","modified_gmt":"2025-01-15T20:09:45","slug":"shkodra-do-ti-kthehet-lirise-mesazhi-i-pare-i-kryetares-se-pd-shkoder","status":"publish","type":"post","link":"https:\/\/rdnews.al\/index.php\/2025\/01\/15\/shkodra-do-ti-kthehet-lirise-mesazhi-i-pare-i-kryetares-se-pd-shkoder\/","title":{"rendered":"\u201cShkodra do t\u2019i kthehet liris\u00eb\u201d, mesazhi i par\u00eb i Kryetares s\u00eb PD, Shkod\u00ebr"},"content":{"rendered":"<p><strong>Eliona Kodra Shkreli<\/strong><\/p>\n<p>\u00cbsht\u00eb vler\u00ebsim dhe p\u00ebrgjegj\u00ebsi e lart\u00eb t\u00eb drejtoj deg\u00ebn e Partis\u00eb Demokratike Shkod\u00ebr!<\/p>\n<p>Falenderoj kryetarin e Partis\u00eb Demokratike t\u00eb Shqip\u00ebris\u00eb prof.dr.Sali Berisha dhe Kryesin\u00eb e Partis\u00eb Demokratike t\u00eb Shqip\u00ebris\u00eb p\u00ebr besimin ndaj meje duke m\u00eb besuar p\u00ebrgjegj\u00ebsin\u00eb e drejtimit te deg\u00ebs s\u00eb Shkodr\u00ebs q\u00eb \u00ebsht\u00eb edhe qyteti simbol i Partis\u00eb Demokratike, qyteti i liris\u00eb dhe i revoltave anti komuniste t\u00eb cilat ishin pik\u00ebnisje t\u00eb ndryshimeve t\u00eb m\u00ebdha n\u00eb Shqip\u00ebri, n\u00eb rr\u00ebzimin e regjimit Enverist dhe instalimin e pluralizmit.<\/p>\n<p>Nj\u00eb falenderim t\u00eb ve\u00e7ant\u00eb kam p\u00ebr Gjenarin Kapcari, i cili e drejtoi deg\u00ebn e Shkodr\u00ebs n\u00eb koh\u00eb shum\u00eb t\u00eb v\u00ebshtira p\u00ebr Partin\u00eb Demokratike dhe opozit\u00ebn.<\/p>\n<p>T\u00eb gjith\u00eb s\u00eb bashku, me drejtuesin politik te Qarkut Shkod\u00ebr, profesor Lu\u00e7iano Bo\u00e7i, strukturat e PD-s\u00eb, miqt\u00eb, koleg\u00ebt, kontributor\u00ebt nd\u00ebr vite t\u00eb k\u00ebsaj partie, militant\u00ebt, aleat\u00ebt do ia dalim t\u2019a \u00e7ojm\u00eb Shkodr\u00ebn edhe nj\u00eb her\u00eb tek vlerat e saj historike dhe kulturore duke e \u00e7liruar nga kthetrat e komunist\u00ebve rilindas, bandave kriminale dhe lek\u00ebve t\u00eb drog\u00ebs e korrupsionit. T\u00eb gjith\u00eb bashk\u00eb do t\u2019ia dalim t\u00eb fitojm\u00eb mbi regjimin e Ram\u00ebs dhe hajdut\u00ebve t\u00eb Tij n\u00eb pushtet, sot, m\u00eb t\u00eb bindur se kurr\u00eb m\u00eb par\u00eb.<\/p>\n<p>Shkodra do i kthehet liris\u00eb dhe shpres\u00ebs sepse t\u00eb gjith\u00eb bashk\u00eb, si ekip i Partis\u00eb Demokratike Shkod\u00ebr do t\u00eb b\u00ebjm\u00eb t\u00eb mundur t\u00eb garantojm\u00eb fitoren e padiskutueshme n\u00eb zgjedhjet parlamentare t\u00eb 11 Majit 2025.<\/p>\n<p>Bashkimi i t\u00eb gjith\u00eb demokrat\u00ebve do jet\u00eb fokusi kryesor i pun\u00ebs son\u00eb t\u00eb p\u00ebrbashk\u00ebt sepse \u00ebsht\u00eb koha t\u00eb largojm\u00eb m\u00ebrit\u00eb, inatet, qejfmbetjet dhe t\u00eb bashkohemi n\u00eb nj\u00eb kauz\u00eb t\u00eb vetme:<br \/>\nRr\u00ebzimin e pushtetit hajdut t\u00eb Edi Ram\u00ebs, Benet Becit dhe rilindasve q\u00eb po i pijn\u00eb gjakun p\u00ebrher\u00eb e m\u00eb shum\u00eb shqiptar\u00ebve e shkodran\u00ebve n\u00eb k\u00ebto 12 vite sundim diktatorial rilindas.<\/p>\n<p>E bindur n\u00eb fitoren e Partis\u00eb Demokratike, do punojm\u00eb fort q\u00eb Shkodra t\u2019i rikthehet vlerave t\u00eb Saj antikomuniste si qyteti q\u00eb u persekutua n\u00eb sistemin Enverist dhe vazhdon t\u00eb persekutohet nga pinjoll\u00ebt Enverist\u00eb n\u00eb pushtetin Ramist!<\/p>\n<p>Fitorja fillon nga Shkodra!<\/p>\n<p style=\"text-align: left;\">\u00cbsht\u00eb radha jon\u00eb\u270c\ufe0f\u270c\ufe0f<\/p>\n","protected":false},"excerpt":{"rendered":"<p>Eliona Kodra Shkreli \u00cbsht\u00eb vler\u00ebsim dhe p\u00ebrgjegj\u00ebsi e lart\u00eb t\u00eb drejtoj deg\u00ebn e Partis\u00eb Demokratike Shkod\u00ebr! Falenderoj kryetarin e Partis\u00eb Demokratike t\u00eb Shqip\u00ebris\u00eb prof.dr.Sali Berisha dhe Kryesin\u00eb e Partis\u00eb Demokratike t\u00eb Shqip\u00ebris\u00eb p\u00ebr besimin ndaj meje duke m\u00eb besuar p\u00ebrgjegj\u00ebsin\u00eb e drejtimit te deg\u00ebs s\u00eb Shkodr\u00ebs q\u00eb \u00ebsht\u00eb edhe qyteti simbol i Partis\u00eb Demokratike, qyteti &hellip;<\/p>\n","protected":false},"author":3,"featured_media":101499,"comment_status":"closed","ping_status":"closed","sticky":false,"template":"","format":"standard","meta":{"footnotes":""},"categories":[37],"tags":[],"class_list":["post-101498","post","type-post","status-publish","format-standard","has-post-thumbnail","","category-politike"],"_links":{"self":[{"href":"https:\/\/rdnews.al\/index.php\/wp-json\/wp\/v2\/posts\/101498","targetHints":{"allow":["GET"]}}],"collection":[{"href":"https:\/\/rdnews.al\/index.php\/wp-json\/wp\/v2\/posts"}],"about":[{"href":"https:\/\/rdnews.al\/index.php\/wp-json\/wp\/v2\/types\/post"}],"author":[{"embeddable":true,"href":"https:\/\/rdnews.al\/index.php\/wp-json\/wp\/v2\/users\/3"}],"replies":[{"embeddable":true,"href":"https:\/\/rdnews.al\/index.php\/wp-json\/wp\/v2\/comments?post=101498"}],"version-history":[{"count":3,"href":"https:\/\/rdnews.al\/index.php\/wp-json\/wp\/v2\/posts\/101498\/revisions"}],"predecessor-version":[{"id":101508,"href":"https:\/\/rdnews.al\/index.php\/wp-json\/wp\/v2\/posts\/101498\/revisions\/101508"}],"wp:featuredmedia":[{"embeddable":true,"href":"https:\/\/rdnews.al\/index.php\/wp-json\/wp\/v2\/media\/101499"}],"wp:attachment":[{"href":"https:\/\/rdnews.al\/index.php\/wp-json\/wp\/v2\/media?parent=101498"}],"wp:term":[{"taxonomy":"category","embeddable":true,"href":"https:\/\/rdnews.al\/index.php\/wp-json\/wp\/v2\/categories?post=101498"},{"taxonomy":"post_tag","embeddable":true,"href":"https:\/\/rdnews.al\/index.php\/wp-json\/wp\/v2\/tags?post=101498"}],"curies":[{"name":"wp","href":"https:\/\/api.w.org\/{rel}","templated":true}]}}