{"id":101505,"date":"2025-01-15T20:08:47","date_gmt":"2025-01-15T20:08:47","guid":{"rendered":"https:\/\/rdnews.al\/?p=101505"},"modified":"2025-01-15T20:09:55","modified_gmt":"2025-01-15T20:09:55","slug":"pas-dhjetra-mijera-te-vraresh-arrihet-msrreveshja-e-paqes-mes-izraelit-dhe-hamasit","status":"publish","type":"post","link":"https:\/\/rdnews.al\/index.php\/2025\/01\/15\/pas-dhjetra-mijera-te-vraresh-arrihet-msrreveshja-e-paqes-mes-izraelit-dhe-hamasit\/","title":{"rendered":"Pas dhjetra mij\u00ebra t\u00eb vrar\u00ebsh arrihet marr\u00ebveshja e arm\u00ebpushimit mes Izraelit dhe Hamasit"},"content":{"rendered":"<p>Qeveria izraelite dhe Hamasi kan\u00eb r\u00ebn\u00eb dakord p\u00ebr nj\u00eb marr\u00ebveshje q\u00eb do t\u00eb ndaloj\u00eb luftimet n\u00eb Gaza dhe do t\u00eb \u00e7oj\u00eb n\u00eb lirimin me faza t\u00eb pengjeve dhe t\u00eb burgosurve palestinez\u00eb, i tha CNN nj\u00eb burim i informuar p\u00ebr bisedimet.<\/p>\n<p>Sipas marr\u00ebveshjes, e cila ende nuk \u00ebsht\u00eb shpallur zyrtarisht, Hamasi dhe grupet militante aleate pritet t\u00eb lirojn\u00eb 33 pengje t\u00eb kapur nga Izraeli gjat\u00eb sulmeve t\u00eb 7 tetorit 2023.<\/p>\n<div class=\"insertion-box\">\n<div id=\"gpt-passback-2\" data-google-query-id=\"CJjn6vbC-IoDFUhKHgIdpy05dA\">\n<div id=\"google_ads_iframe_\/97842098\/TPZ_2_0__container__\">N\u00eb k\u00ebmbim, Izraeli do t\u00eb liroj\u00eb qindra t\u00eb burgosur palestinez\u00eb.<\/div>\n<\/div>\n<\/div>\n<p>Marr\u00ebveshja do t\u00eb jepte pauz\u00ebn e par\u00eb nga lufta p\u00ebr popullin e Gaz\u00ebs n\u00eb m\u00eb shum\u00eb se nj\u00eb vit, dhe vet\u00ebm t\u00eb dytin q\u00eb nga fillimi i bombardimeve izraelite.<\/p>\n<p>Pasi t\u00eb konfirmohet, pritet q\u00eb marr\u00ebveshja t\u00eb lejoj\u00eb civil\u00ebt palestinez\u00eb t\u00eb kthehen n\u00eb veri t\u00eb Gaz\u00ebs dhe do t\u00eb ket\u00eb nj\u00eb fluks masiv ndihme humanitare n\u00eb Rrip, ku banor\u00ebt jan\u00eb p\u00ebrballur prej koh\u00ebsh me kushte t\u00eb r\u00ebnda humanitare.<\/p>\n<p>Nd\u00ebrkoh\u00eb k\u00ebt\u00eb marr\u00ebveshje e ka konfirmuar edhe Presidenti i zgjedhur i SHBA-ve, Donald Trump, i cili ka th\u00ebn\u00eb se pengjet n\u00eb lindjen e Mesme do t\u00eb lirohen shum\u00eb shpejt<\/p>\n","protected":false},"excerpt":{"rendered":"<p>Qeveria izraelite dhe Hamasi kan\u00eb r\u00ebn\u00eb dakord p\u00ebr nj\u00eb marr\u00ebveshje q\u00eb do t\u00eb ndaloj\u00eb luftimet n\u00eb Gaza dhe do t\u00eb \u00e7oj\u00eb n\u00eb lirimin me faza t\u00eb pengjeve dhe t\u00eb burgosurve palestinez\u00eb, i tha CNN nj\u00eb burim i informuar p\u00ebr bisedimet. Sipas marr\u00ebveshjes, e cila ende nuk \u00ebsht\u00eb shpallur zyrtarisht, Hamasi dhe grupet militante aleate pritet &hellip;<\/p>\n","protected":false},"author":3,"featured_media":101506,"comment_status":"closed","ping_status":"closed","sticky":false,"template":"","format":"standard","meta":{"footnotes":""},"categories":[38],"tags":[],"class_list":["post-101505","post","type-post","status-publish","format-standard","has-post-thumbnail","","category-bota"],"_links":{"self":[{"href":"https:\/\/rdnews.al\/index.php\/wp-json\/wp\/v2\/posts\/101505","targetHints":{"allow":["GET"]}}],"collection":[{"href":"https:\/\/rdnews.al\/index.php\/wp-json\/wp\/v2\/posts"}],"about":[{"href":"https:\/\/rdnews.al\/index.php\/wp-json\/wp\/v2\/types\/post"}],"author":[{"embeddable":true,"href":"https:\/\/rdnews.al\/index.php\/wp-json\/wp\/v2\/users\/3"}],"replies":[{"embeddable":true,"href":"https:\/\/rdnews.al\/index.php\/wp-json\/wp\/v2\/comments?post=101505"}],"version-history":[{"count":2,"href":"https:\/\/rdnews.al\/index.php\/wp-json\/wp\/v2\/posts\/101505\/revisions"}],"predecessor-version":[{"id":101509,"href":"https:\/\/rdnews.al\/index.php\/wp-json\/wp\/v2\/posts\/101505\/revisions\/101509"}],"wp:featuredmedia":[{"embeddable":true,"href":"https:\/\/rdnews.al\/index.php\/wp-json\/wp\/v2\/media\/101506"}],"wp:attachment":[{"href":"https:\/\/rdnews.al\/index.php\/wp-json\/wp\/v2\/media?parent=101505"}],"wp:term":[{"taxonomy":"category","embeddable":true,"href":"https:\/\/rdnews.al\/index.php\/wp-json\/wp\/v2\/categories?post=101505"},{"taxonomy":"post_tag","embeddable":true,"href":"https:\/\/rdnews.al\/index.php\/wp-json\/wp\/v2\/tags?post=101505"}],"curies":[{"name":"wp","href":"https:\/\/api.w.org\/{rel}","templated":true}]}}