{"id":101553,"date":"2025-01-16T11:42:48","date_gmt":"2025-01-16T11:42:48","guid":{"rendered":"https:\/\/rdnews.al\/?p=101553"},"modified":"2025-01-16T11:43:15","modified_gmt":"2025-01-16T11:43:15","slug":"101553","status":"publish","type":"post","link":"https:\/\/rdnews.al\/index.php\/2025\/01\/16\/101553\/","title":{"rendered":"Porti i Durr\u00ebsit do asgjesohet, kostoja e t\u00eb riut shkon n\u00eb 2 miliard\u00eb, shqiptar\u00ebt do paguajn\u00eb&#8230;"},"content":{"rendered":"<p>Gjat\u00eb dit\u00ebs s\u00eb sotme n\u00eb Gjykat\u00ebn Kushtetuese \u00ebsht\u00eb mbajtur seanc\u00eb n\u00eb shqyrtim t\u00eb akimimit t\u00eb Partis\u00eb Demokratike p\u00ebr Portin e Durr\u00ebsit.<\/p>\n<p>Padia e dyt\u00eb q\u00eb \u00ebsht\u00eb paraqitur \u00a0n\u00eb Gjykat\u00eb Kushtetuese opozita trajton aspekte t\u00eb shkeljeve kushtetuese dhe bashk\u00ebshoq\u00ebrohet me nj\u00eb let\u00ebr t\u00eb d\u00ebrguar Komisioneres p\u00ebr Konkurrueshm\u00ebris\u00eb n\u00eb BE, p\u00ebr shkak t\u00eb shkeljes s\u00eb Marr\u00ebveshjes s\u00eb Stabilizim-Asocimit, e cila \u00ebsht\u00eb p\u00ebrgjigjur se BE po e ndjek k\u00ebt\u00eb \u00e7\u00ebshtje. M\u00eb her\u00ebt GJK, zgjodhi t\u00eb mbaj\u00eb an\u00ebn e pushtetit dhe rr\u00ebzoi nj\u00eb padi t\u00eb opozit\u00ebs n\u00eb lidhje me portin.<\/p>\n<p>N\u00eb seanc\u00ebn e sotme, an\u00ebtarja e GJK, Marjana Semini u drejtoi nj\u00eb pyetje p\u00ebrfaq\u00ebsuesve t\u00eb PD, si pal\u00eb padit\u00ebse se \u00e7far\u00eb kuptojn\u00eb n\u00eb pretendimin e tyre me termin, \u201crizhvillim i portit\u201d nuk \u00ebsht\u00eb brenda k\u00ebtij termi. \u201cCili \u00ebsht\u00eb sipas jush kuptimi i termit rizhvillim i nj\u00eb objekti t\u00eb caktuar si\u00e7 \u00ebsht\u00eb Porti i Durr\u00ebsit&#8230;\u201d,- pyeti ajo.<\/p>\n<p>P\u00ebrfaq\u00ebsuesit e PD si pal\u00eb padit\u00ebse jan\u00eb p\u00ebrgjigjur se ky term, me aq sa \u00ebsht\u00eb v\u00ebn\u00eb n\u00eb dispozicion nga Parlamenti, kuptohet se b\u00ebhet fjal\u00eb p\u00ebr zhvillimin e portit aktual, modenizimin e tij dhe jo asgjesimin e portit aktual dhe ngritjen e nj\u00eb porti t\u00eb ri diku tjet\u00ebr.<\/p>\n<p>\u201cNe kemi kuptuar se b\u00ebhet fjal\u00eb p\u00ebr rizhvillim dhe modernizim t\u00eb portit aktual aty ku ishte. Pavar\u00ebsisht se aty jan\u00eb aty jan\u00eb hedhur milion\u00eb euro n\u00eb t\u00eb shkuar\u00ebn p\u00ebrmes kon\u00e7ensionar\u00ebve p\u00ebr zhillim, ne e b\u00ebjm\u00eb ndarjen se, se rizhvillim quhet nj\u00eb modernizim i portit si nj\u00eb struktur\u00eb e transportit detar p\u00ebr mallra dhe qytetar\u201d,- u shpreh p\u00ebrfaq\u00ebsuesja e opozit\u00ebs.<\/p>\n<p>Nd\u00ebrsa n\u00ebnkryetari i PD, nj\u00ebkoh\u00ebsisht deputet dhe drejtues politik i Durr\u00ebsi, Oerd Bylykbashi ka theksuar marr\u00ebveshja parashikon rizhvillimin e Portit t\u00eb Durr\u00ebsit dhe Porti i \u00ebsht\u00eb nj\u00eb entitet, nj\u00eb nyje transporti detar dhe mund t\u00eb kthehet dhe n\u00eb nyje tranpsorti nd\u00ebrkomb\u00ebtare hekurudhore&#8230;<\/p>\n<p>\u201cPorti i Durr\u00ebsit \u00ebsht\u00eb nj\u00eb nyje e transportit nd\u00ebrkomb\u00ebtar detar. Ka qen\u00eb dhe mund t\u00eb rikthehet n\u00eb nj\u00eb nyje e transportit nd\u00ebrkomb\u00ebtar hekurudhore. \u00cbsht\u00eb nyje e transportit rrugor shqiptar dhe nd\u00ebrkomb\u00ebtar. \u00cbsht\u00eb nyje e transportit t\u00eb pasagjer\u00ebve dhe m\u00eb pas nyje e t\u00eb gjitha aktiviteteve ekonomike q\u00eb lidhen m\u00eb t\u00eb. \u00cbsht\u00eb nyj\u00eb e siguris\u00eb komb\u00ebtare, aty nisi nj\u00eb nga stervitjet m\u00eb t\u00eb m\u00ebdha t\u00eb NATO-s, q\u00eb nisi atu si pik\u00eb dhe p\u00ebrfundoi n\u00eb Balltik.<\/p>\n<p>Projeketet e zhvillimit kan\u00eb patur gjithmon\u00eb q\u00ebllim rritjen e kapaciteteve t\u00eb atij porti. Marr\u00ebveshja u b\u00eb n\u00eb myr\u00eb t\u00eb fshehte dhe nd\u00ebrkomb\u00ebtar\u00ebt nd\u00ebrpren\u00eb t\u00eb gjitha marr\u00ebveshjet e investimeve pasi u njoh\u00ebn me at\u00eb. Me k\u00ebt\u00eb marr\u00ebveshje ky port ik\u00ebn, nuk \u00ebsht\u00eb m\u00eb. Sipas vler\u00ebsimit konservator, porti i ri q\u00eb do nd\u00ebrtohet diku tjet\u00ebr do shkoj\u00eb deri n\u00eb 1-miliard\u00eb, nd\u00ebrsa ekspert\u00ebt e pavarur parashikojn\u00eb se do t\u00eb shkojn\u00eb deri n\u00eb 2-miliard\u00eb euro. 400-milion\u00eb do t\u2019i paguajn\u00eb qytetar\u00ebt shqiptar\u00eb nga xhepat e tyre vet\u00ebm p\u00ebr tre vitet e para. Dhe kjo nuk mjafton p\u00ebr ta b\u00ebr\u00eb projektin e portit t\u00eb ri. Nd\u00ebrkoh\u00eb zhduket porti aktual p\u00ebr t\u00eb b\u00ebr\u00eb di\u00e7ka tjet\u00ebr, port t\u00eb ri\u201d, thkesoi Bylykbashi.<\/p>\n","protected":false},"excerpt":{"rendered":"<p>Gjat\u00eb dit\u00ebs s\u00eb sotme n\u00eb Gjykat\u00ebn Kushtetuese \u00ebsht\u00eb mbajtur seanc\u00eb n\u00eb shqyrtim t\u00eb akimimit t\u00eb Partis\u00eb Demokratike p\u00ebr Portin e Durr\u00ebsit. Padia e dyt\u00eb q\u00eb \u00ebsht\u00eb paraqitur \u00a0n\u00eb Gjykat\u00eb Kushtetuese opozita trajton aspekte t\u00eb shkeljeve kushtetuese dhe bashk\u00ebshoq\u00ebrohet me nj\u00eb let\u00ebr t\u00eb d\u00ebrguar Komisioneres p\u00ebr Konkurrueshm\u00ebris\u00eb n\u00eb BE, p\u00ebr shkak t\u00eb shkeljes s\u00eb Marr\u00ebveshjes s\u00eb &hellip;<\/p>\n","protected":false},"author":4,"featured_media":68465,"comment_status":"closed","ping_status":"closed","sticky":false,"template":"","format":"standard","meta":{"footnotes":""},"categories":[37],"tags":[],"class_list":["post-101553","post","type-post","status-publish","format-standard","has-post-thumbnail","","category-politike"],"_links":{"self":[{"href":"https:\/\/rdnews.al\/index.php\/wp-json\/wp\/v2\/posts\/101553","targetHints":{"allow":["GET"]}}],"collection":[{"href":"https:\/\/rdnews.al\/index.php\/wp-json\/wp\/v2\/posts"}],"about":[{"href":"https:\/\/rdnews.al\/index.php\/wp-json\/wp\/v2\/types\/post"}],"author":[{"embeddable":true,"href":"https:\/\/rdnews.al\/index.php\/wp-json\/wp\/v2\/users\/4"}],"replies":[{"embeddable":true,"href":"https:\/\/rdnews.al\/index.php\/wp-json\/wp\/v2\/comments?post=101553"}],"version-history":[{"count":2,"href":"https:\/\/rdnews.al\/index.php\/wp-json\/wp\/v2\/posts\/101553\/revisions"}],"predecessor-version":[{"id":101555,"href":"https:\/\/rdnews.al\/index.php\/wp-json\/wp\/v2\/posts\/101553\/revisions\/101555"}],"wp:featuredmedia":[{"embeddable":true,"href":"https:\/\/rdnews.al\/index.php\/wp-json\/wp\/v2\/media\/68465"}],"wp:attachment":[{"href":"https:\/\/rdnews.al\/index.php\/wp-json\/wp\/v2\/media?parent=101553"}],"wp:term":[{"taxonomy":"category","embeddable":true,"href":"https:\/\/rdnews.al\/index.php\/wp-json\/wp\/v2\/categories?post=101553"},{"taxonomy":"post_tag","embeddable":true,"href":"https:\/\/rdnews.al\/index.php\/wp-json\/wp\/v2\/tags?post=101553"}],"curies":[{"name":"wp","href":"https:\/\/api.w.org\/{rel}","templated":true}]}}