{"id":101604,"date":"2025-01-16T20:04:06","date_gmt":"2025-01-16T20:04:06","guid":{"rendered":"https:\/\/rdnews.al\/?p=101604"},"modified":"2025-01-16T20:04:06","modified_gmt":"2025-01-16T20:04:06","slug":"gjesendet-gjykafshat-dhe-te-mjerat-te-drejta-te-njeriut","status":"publish","type":"post","link":"https:\/\/rdnews.al\/index.php\/2025\/01\/16\/gjesendet-gjykafshat-dhe-te-mjerat-te-drejta-te-njeriut\/","title":{"rendered":"\u201cGj\u00ebsendet\u201d, \u201cgjykafshat\u201d dhe t\u00eb mjerat t\u00eb drejta t\u00eb njeriut"},"content":{"rendered":"<p><strong>Nga\u00a0Gent STRAZIMIRI<\/strong><\/p>\n<p>N\u00eb fakt, \u00ebsht\u00eb nj\u00eb g\u00ebnjesht\u00ebr me shkrim, me vul\u00eb e me Vendim \u2018Gjykafshe\u2019!<\/p>\n<p>Nuk \u00ebsht\u00eb z\u00ebvend\u00ebsuar masa \u2018Arrest n\u00eb sht\u00ebpi\u2019 me mas\u00ebn \u2018Detyrim paraqitje\u2019!<\/p>\n<p>\u00cbsht\u00eb z\u00ebvend\u00ebsuar gjendja juridike \u2018I LIR\u00cb\u2019 me mas\u00ebn \u2018Detyrim paraqitje\u2019!<\/p>\n<p>N\u00eb momentin kur ky gj\u00ebsendi ka marr\u00eb vendimin n\u00eb em\u00ebr t\u00eb \u2018Gjykafsh\u00ebs s\u00eb Apelit\u2019, Sali Berisha ishte I LIR\u00cb!<\/p>\n<p>Me Vendim Gjykate!<\/p>\n<p>Ky gj\u00ebsendi e ka vendosur n\u00ebn \u2018mas\u00eb sigurie\u2019, madje, t\u00eb pak\u00ebrkuar nga asnj\u00ebra prej pal\u00ebve n\u00eb pro\u00e7es&#8230; \u00e7&#8217;ka nuk i lejohet!!!!<\/p>\n<p>E ka b\u00ebr\u00eb, si\u00e7 dhe e shkruan, i nd\u00ebrgjegjsh\u00ebm q\u00eb \u00ebsht\u00eb lideri i opozit\u00ebs, n\u00eb prag t\u00eb nj\u00eb fushate elektorale n\u00eb t\u00eb cil\u00ebn i duhet t\u00eb jet\u00eb i lir\u00eb t\u00eb l\u00ebviz\u00eb&#8230; dhe prandaj nga \u2018I LIR\u00cb\u2019 e vendos n\u00ebn mas\u00ebn \u2018Detyrim paraqitje\u2019!!!<\/p>\n<p>Si e argumenton?<\/p>\n<p>Thot\u00eb \u2018(&#8230;) duke q\u00ebndruar 333 dit\u00eb n\u00eb arrest (&#8230;) e ka shlyer n\u00eb nj\u00eb far\u00eb mase (&#8230;) pasoj\u00ebn (&#8230;) p\u00ebr moszbatimin e mas\u00ebs s\u00eb m\u00ebpar\u00ebshme (&#8230;)\u2019<\/p>\n<p>Dometh\u00ebn\u00eb:<\/p>\n<p>* ka shlyer \u2018d\u00ebnimin\u2019! \u00cbsht\u00eb nd\u00ebshkuar me 333 dit\u00eb arrest, dhe kjo mjafton!<\/p>\n<p>Un\u00eb deri m\u00eb sot, nuk kam lexuar n\u00eb shqip nj\u00eb arsyetim m\u00eb brutalisht \u2018anti-Strasburg\u2019 se ky!!!<\/p>\n<p>Pik\u00ebrisht p\u00ebr \u2018masat e siguris\u00eb\u2019, Gjykata e Strasburgut shprehet se:<\/p>\n<p>* r\u00ebndimi i mas\u00ebs siguris\u00eb nuk duhet t\u00eb p\u00ebrdoret si \u2018mjet nd\u00ebshkimi\u2019 dhe aq m\u00eb pak si \u2018d\u00ebnim\u2019 ndaj t\u00eb akuzuarit por, si sigurim i procesit p\u00ebrball\u00eb nj\u00eb c\u00ebnimi, n\u00eb rastin konkret \u2018largimi i t\u00eb akuzuarit\u2019 p\u00ebr t&#8217;i b\u00ebr\u00eb bisht procesit&#8230;<\/p>\n<p>N\u00eb asnj\u00eb moment prokuroria nuk ka pretenduar se Sali Berisha mund t\u00eb largohet, dhe k\u00ebsisoj nuk ka patur nevoj\u00eb p\u00ebr nj\u00eb \u2018mas\u00eb sigurie\u2019 p\u00ebrderisa nuk ka nj\u00eb \u2018c\u00ebnim sigurie\u2019.<\/p>\n<p>P\u00ebrkundrazi!<\/p>\n<p>Prokuroria \u00ebsht\u00eb ankuar se \u2018ai (Sali Berisha) \u00ebsht\u00eb gjith\u00eb dit\u00ebn n\u00ebp\u00ebr media duke folur p\u00ebr akuzat dhe procesin&#8230;\u2019!!<\/p>\n<p>Edhe sikur prokuroria t\u00eb kishte pretenduar se Sali Berisha mund t\u00eb largohet, Gjykata e Strasburgut shprehet se kjo nuk do t\u00eb mjaftonte!<\/p>\n<p>\u2018Autoritetet duhet ta mb\u00ebshtesin pretendimin mbi argumenta q\u00eb provojn\u00eb rrezikun e largimit t\u00eb t\u00eb akuzuarit\u2019, thot\u00eb Strasburgu&#8230;<\/p>\n<p>P\u00ebrsa i takon \u2018pasoj\u00ebs s\u00eb dh\u00ebn\u00eb nga dispozita ligjore p\u00ebr moszbatim t\u00eb mas\u00ebs s\u00eb m\u00ebpar\u00ebshme\u2019, ve\u00e7an\u00ebrisht n\u00eb rastin e Sali Berish\u00ebs \u00ebsht\u00eb e paaplikueshme.<\/p>\n<p>Kjo, jo p\u00ebr shkak t\u00eb pozicionit politik e as t\u00eb mosh\u00ebs! JO!<\/p>\n<p>\u00cbsht\u00eb e paaplikueshme sepse Sali Berisha ka refuzuar vendimin e gjykat\u00ebs s\u00eb nivelit m\u00eb t\u00eb ul\u00ebt q\u00eb njeh juridiksioni shqiptar, bazuar n\u00eb nj\u00eb Vendim, t\u00eb Gjykat\u00ebs M\u00eb T\u00eb Lart\u00eb q\u00eb njeh juridiksioni shqiptar:<\/p>\n<p>GJYKAT\u00cbS ND\u00cbRKOMB\u00cbTARE T\u00cb T\u00cb DREJTAVE T\u00cb NJERIUT &#8211; STRASBURG!<\/p>\n<p>Dit\u00ebn kur t\u00eb gjitha k\u00ebto t\u00eb sanksionohen s\u00ebrish me Vendim t\u00eb Gjykat\u00ebs s\u00eb Strasburgut,<\/p>\n<p>* \u00e7far\u00eb do t\u00eb ndodh\u00eb me \u2018gjykafshat\u2019 shqiptare, duke nisur nga ajo Kushtetuese e duke p\u00ebrfunduar tek secili prej \u2018gj\u00ebsendeve\u2019 pjes\u00ebmarr\u00ebs a vendimmarr\u00ebs n\u00eb k\u00ebt\u00eb kafsh\u00ebri ku masakrohen t\u00eb drejtat e njeriut si n\u00eb nj\u00eb gosti \u00e7akejsh?<\/p>\n<p>A do mbaj\u00eb njeri p\u00ebrgjegj\u00ebsi?<\/p>\n<p>Kjo \u00ebsht\u00eb \u00e7\u00ebshtja!<\/p>\n<p>Gjith\u00ebsesi, deri at\u00ebhere: SPAK YOU<\/p>\n","protected":false},"excerpt":{"rendered":"<p>Nga\u00a0Gent STRAZIMIRI N\u00eb fakt, \u00ebsht\u00eb nj\u00eb g\u00ebnjesht\u00ebr me shkrim, me vul\u00eb e me Vendim \u2018Gjykafshe\u2019! Nuk \u00ebsht\u00eb z\u00ebvend\u00ebsuar masa \u2018Arrest n\u00eb sht\u00ebpi\u2019 me mas\u00ebn \u2018Detyrim paraqitje\u2019! \u00cbsht\u00eb z\u00ebvend\u00ebsuar gjendja juridike \u2018I LIR\u00cb\u2019 me mas\u00ebn \u2018Detyrim paraqitje\u2019! N\u00eb momentin kur ky gj\u00ebsendi ka marr\u00eb vendimin n\u00eb em\u00ebr t\u00eb \u2018Gjykafsh\u00ebs s\u00eb Apelit\u2019, Sali Berisha ishte I LIR\u00cb! &hellip;<\/p>\n","protected":false},"author":4,"featured_media":70796,"comment_status":"closed","ping_status":"closed","sticky":false,"template":"","format":"standard","meta":{"footnotes":""},"categories":[44],"tags":[],"class_list":["post-101604","post","type-post","status-publish","format-standard","has-post-thumbnail","","category-editorial"],"_links":{"self":[{"href":"https:\/\/rdnews.al\/index.php\/wp-json\/wp\/v2\/posts\/101604","targetHints":{"allow":["GET"]}}],"collection":[{"href":"https:\/\/rdnews.al\/index.php\/wp-json\/wp\/v2\/posts"}],"about":[{"href":"https:\/\/rdnews.al\/index.php\/wp-json\/wp\/v2\/types\/post"}],"author":[{"embeddable":true,"href":"https:\/\/rdnews.al\/index.php\/wp-json\/wp\/v2\/users\/4"}],"replies":[{"embeddable":true,"href":"https:\/\/rdnews.al\/index.php\/wp-json\/wp\/v2\/comments?post=101604"}],"version-history":[{"count":1,"href":"https:\/\/rdnews.al\/index.php\/wp-json\/wp\/v2\/posts\/101604\/revisions"}],"predecessor-version":[{"id":101605,"href":"https:\/\/rdnews.al\/index.php\/wp-json\/wp\/v2\/posts\/101604\/revisions\/101605"}],"wp:featuredmedia":[{"embeddable":true,"href":"https:\/\/rdnews.al\/index.php\/wp-json\/wp\/v2\/media\/70796"}],"wp:attachment":[{"href":"https:\/\/rdnews.al\/index.php\/wp-json\/wp\/v2\/media?parent=101604"}],"wp:term":[{"taxonomy":"category","embeddable":true,"href":"https:\/\/rdnews.al\/index.php\/wp-json\/wp\/v2\/categories?post=101604"},{"taxonomy":"post_tag","embeddable":true,"href":"https:\/\/rdnews.al\/index.php\/wp-json\/wp\/v2\/tags?post=101604"}],"curies":[{"name":"wp","href":"https:\/\/api.w.org\/{rel}","templated":true}]}}