{"id":101716,"date":"2025-01-17T21:34:25","date_gmt":"2025-01-17T21:34:25","guid":{"rendered":"https:\/\/rdnews.al\/?p=101716"},"modified":"2025-01-17T22:01:12","modified_gmt":"2025-01-17T22:01:12","slug":"rama-nuk-ftohet-ne-ceremonine-e-inaugurimit-te-trump","status":"publish","type":"post","link":"https:\/\/rdnews.al\/index.php\/2025\/01\/17\/rama-nuk-ftohet-ne-ceremonine-e-inaugurimit-te-trump\/","title":{"rendered":"Rama nuk ftohet n\u00eb ceremonin\u00eb e inaugurimit t\u00eb Trump"},"content":{"rendered":"<p>Rama nuk ka mundur q\u00eb t\u00eb siguroj\u00eb nj\u00eb ftes\u00eb n\u00eb ceremonin\u00eb e naugurimit t\u00eb Presidentit Trump megjith\u00eb lobimet e shumta p\u00ebr t\u00eb qen\u00eb pjes\u00eb e k\u00ebsaj ceremonie me \u00ebrmasa bot\u00ebrore. Rama po k\u00ebrkon tani q\u00eb t\u00eb mund ti dal\u00eb para Trump gjat\u00eb takimit t\u00eb Davos, sikurse b\u00ebri me Elon Musk pak dit\u00eb m\u00eb par\u00eb.<\/p>\n<p>Top Channel pa raportuar fare lajmin se p\u00ebr Ram\u00ebn nuk pati ftes\u00eb ashtu si edhe p\u00ebr liderat e vendeve t\u00eb tjera, ka publikuar nj\u00eb lajm q\u00eb dit\u00ebn e inagurimit, pra m\u00eb 20 janar, Edi Rama ka axhend\u00eb tjet\u00ebr n\u00eb Forumin Ekonomik t\u00eb Davosit.<\/p>\n<p>Teksa lexon \u00e7far\u00eb shkruan\u00a0<a href=\"https:\/\/top-channel.tv\/video\/top-news-dita-e-inaugurimit-te-donald-trump-rama-te-forumi-ekonomik-i-davosit-me-20-janar\/\" target=\"_blank\" rel=\"noopener\"><strong>TCH<\/strong><\/a>, t\u00eb krijohet p\u00ebrshtypja sikur Rama e kishte t\u00eb pamundur t\u00eb shkonte prej axhend\u00ebs tejet t\u00eb ngjeshur me forumin n\u00eb Davos. N\u00eb fakt, \u00ebsht\u00eb thjesht munges\u00eb ftese. Po ta kishte pasur at\u00eb ftes\u00eb, me siguri q\u00eb kryeministri shqiptar do t\u00eb kishte zgjedhur t\u00eb shkonte n\u00eb inagurimin e Trump qoft\u00eb dhe p\u00ebr nj\u00eb foto sesa t\u00eb jet\u00eb n\u00eb Davos duke iu dh\u00ebn\u00eb leksione udh\u00ebheq\u00ebsve t\u00eb tjer\u00eb t\u00eb bot\u00ebs se si duhet zhvilluar ekonomia dhe si duhen adresuar sfidat globale.<\/p>\n","protected":false},"excerpt":{"rendered":"<p>Rama nuk ka mundur q\u00eb t\u00eb siguroj\u00eb nj\u00eb ftes\u00eb n\u00eb ceremonin\u00eb e naugurimit t\u00eb Presidentit Trump megjith\u00eb lobimet e shumta p\u00ebr t\u00eb qen\u00eb pjes\u00eb e k\u00ebsaj ceremonie me \u00ebrmasa bot\u00ebrore. Rama po k\u00ebrkon tani q\u00eb t\u00eb mund ti dal\u00eb para Trump gjat\u00eb takimit t\u00eb Davos, sikurse b\u00ebri me Elon Musk pak dit\u00eb m\u00eb par\u00eb. Top &hellip;<\/p>\n","protected":false},"author":3,"featured_media":69910,"comment_status":"closed","ping_status":"closed","sticky":false,"template":"","format":"standard","meta":{"footnotes":""},"categories":[40],"tags":[],"class_list":["post-101716","post","type-post","status-publish","format-standard","has-post-thumbnail","","category-aktualitet"],"_links":{"self":[{"href":"https:\/\/rdnews.al\/index.php\/wp-json\/wp\/v2\/posts\/101716","targetHints":{"allow":["GET"]}}],"collection":[{"href":"https:\/\/rdnews.al\/index.php\/wp-json\/wp\/v2\/posts"}],"about":[{"href":"https:\/\/rdnews.al\/index.php\/wp-json\/wp\/v2\/types\/post"}],"author":[{"embeddable":true,"href":"https:\/\/rdnews.al\/index.php\/wp-json\/wp\/v2\/users\/3"}],"replies":[{"embeddable":true,"href":"https:\/\/rdnews.al\/index.php\/wp-json\/wp\/v2\/comments?post=101716"}],"version-history":[{"count":1,"href":"https:\/\/rdnews.al\/index.php\/wp-json\/wp\/v2\/posts\/101716\/revisions"}],"predecessor-version":[{"id":101717,"href":"https:\/\/rdnews.al\/index.php\/wp-json\/wp\/v2\/posts\/101716\/revisions\/101717"}],"wp:featuredmedia":[{"embeddable":true,"href":"https:\/\/rdnews.al\/index.php\/wp-json\/wp\/v2\/media\/69910"}],"wp:attachment":[{"href":"https:\/\/rdnews.al\/index.php\/wp-json\/wp\/v2\/media?parent=101716"}],"wp:term":[{"taxonomy":"category","embeddable":true,"href":"https:\/\/rdnews.al\/index.php\/wp-json\/wp\/v2\/categories?post=101716"},{"taxonomy":"post_tag","embeddable":true,"href":"https:\/\/rdnews.al\/index.php\/wp-json\/wp\/v2\/tags?post=101716"}],"curies":[{"name":"wp","href":"https:\/\/api.w.org\/{rel}","templated":true}]}}