{"id":101722,"date":"2025-01-17T22:04:47","date_gmt":"2025-01-17T22:04:47","guid":{"rendered":"https:\/\/rdnews.al\/?p=101722"},"modified":"2025-01-17T22:04:47","modified_gmt":"2025-01-17T22:04:47","slug":"hamasi-nuk-do-te-kishte-paqe-me-izraelin-pa-donald-trumpin","status":"publish","type":"post","link":"https:\/\/rdnews.al\/index.php\/2025\/01\/17\/hamasi-nuk-do-te-kishte-paqe-me-izraelin-pa-donald-trumpin\/","title":{"rendered":"Hamasi: Nuk do t\u00eb kishte paqe me Izraelin pa Donald Trumpin"},"content":{"rendered":"<p><strong>Nj\u00eb zyrtar i lart\u00eb i Hamasit, Basem Naim, tha se nj\u00eb marr\u00ebveshje p\u00ebr arm\u00ebpushim n\u00eb Gaz\u00eb midis Izraelit dhe Hamasit nuk do t\u00eb ishte e mundur pa presidentin e sapo zgjedhur t\u00eb SHBA-s\u00eb, Donald Trump, dhe d\u00ebrguarin e tij, Steve Witkoff.<\/strong><\/p>\n<p>Ai shtoi se Witkoff kishte regjistruar t\u00eb gjitha detajet dhe pengesat, duke b\u00ebr\u00eb presion, ve\u00e7an\u00ebrisht mbi qeverin\u00eb izraelite.<\/p>\n<p>Naim gjithashtu e lidh vones\u00ebn disa mujore n\u00eb arritjen e marr\u00ebveshjes me pasigurin\u00eb dhe mb\u00ebshtetje t\u00eb padiskutueshme p\u00ebr Izraelin nga administrata e Joe Biden.<\/p>\n<p>N\u00eb marr\u00ebveshje, Hamas do t\u00eb liroj\u00eb 33 t\u00eb burgosur izraelit\u00eb, nd\u00ebrsa Izraeli do t\u00eb liroj\u00eb t\u00eb gjitha grat\u00eb dhe f\u00ebmij\u00ebt palestinez\u00eb n\u00ebn 19 vje\u00e7 q\u00eb ndodhen n\u00eb burgjet izraelite.<\/p>\n<p>Pavar\u00ebsisht k\u00ebsaj, sulmet ajrore izraelite vazhduan, duke shkaktuar viktima, nd\u00ebrkoh\u00eb q\u00eb marr\u00ebveshja nuk do t\u00eb jet\u00eb zyrtare deri sa t\u00eb miratohet nga kabineti i siguris\u00eb izraelite dhe qeveria.<\/p>\n<p>Ndryshe, Izraeli faj\u00ebsoi Hamasin p\u00ebr vones\u00ebn e minut\u00ebs s\u00eb fundit, nd\u00ebrsa Hamasi tha t\u00eb enjten se mbetet i p\u00ebrkushtuar ndaj marr\u00ebveshjes, e cila do t\u00eb hyj\u00eb n\u00eb fuqi t\u00eb diel\u00ebn.<\/p>\n","protected":false},"excerpt":{"rendered":"<p>Nj\u00eb zyrtar i lart\u00eb i Hamasit, Basem Naim, tha se nj\u00eb marr\u00ebveshje p\u00ebr arm\u00ebpushim n\u00eb Gaz\u00eb midis Izraelit dhe Hamasit nuk do t\u00eb ishte e mundur pa presidentin e sapo zgjedhur t\u00eb SHBA-s\u00eb, Donald Trump, dhe d\u00ebrguarin e tij, Steve Witkoff. Ai shtoi se Witkoff kishte regjistruar t\u00eb gjitha detajet dhe pengesat, duke b\u00ebr\u00eb presion, &hellip;<\/p>\n","protected":false},"author":3,"featured_media":1464,"comment_status":"closed","ping_status":"closed","sticky":false,"template":"","format":"standard","meta":{"footnotes":""},"categories":[38],"tags":[],"class_list":["post-101722","post","type-post","status-publish","format-standard","has-post-thumbnail","","category-bota"],"_links":{"self":[{"href":"https:\/\/rdnews.al\/index.php\/wp-json\/wp\/v2\/posts\/101722","targetHints":{"allow":["GET"]}}],"collection":[{"href":"https:\/\/rdnews.al\/index.php\/wp-json\/wp\/v2\/posts"}],"about":[{"href":"https:\/\/rdnews.al\/index.php\/wp-json\/wp\/v2\/types\/post"}],"author":[{"embeddable":true,"href":"https:\/\/rdnews.al\/index.php\/wp-json\/wp\/v2\/users\/3"}],"replies":[{"embeddable":true,"href":"https:\/\/rdnews.al\/index.php\/wp-json\/wp\/v2\/comments?post=101722"}],"version-history":[{"count":1,"href":"https:\/\/rdnews.al\/index.php\/wp-json\/wp\/v2\/posts\/101722\/revisions"}],"predecessor-version":[{"id":101723,"href":"https:\/\/rdnews.al\/index.php\/wp-json\/wp\/v2\/posts\/101722\/revisions\/101723"}],"wp:featuredmedia":[{"embeddable":true,"href":"https:\/\/rdnews.al\/index.php\/wp-json\/wp\/v2\/media\/1464"}],"wp:attachment":[{"href":"https:\/\/rdnews.al\/index.php\/wp-json\/wp\/v2\/media?parent=101722"}],"wp:term":[{"taxonomy":"category","embeddable":true,"href":"https:\/\/rdnews.al\/index.php\/wp-json\/wp\/v2\/categories?post=101722"},{"taxonomy":"post_tag","embeddable":true,"href":"https:\/\/rdnews.al\/index.php\/wp-json\/wp\/v2\/tags?post=101722"}],"curies":[{"name":"wp","href":"https:\/\/api.w.org\/{rel}","templated":true}]}}