{"id":101757,"date":"2025-01-18T11:02:40","date_gmt":"2025-01-18T11:02:40","guid":{"rendered":"https:\/\/rdnews.al\/?p=101757"},"modified":"2025-01-18T11:02:40","modified_gmt":"2025-01-18T11:02:40","slug":"berisha-rama-ka-kthyer-ligjet-e-vitit-1946-per-grabitjen-e-pronave","status":"publish","type":"post","link":"https:\/\/rdnews.al\/index.php\/2025\/01\/18\/berisha-rama-ka-kthyer-ligjet-e-vitit-1946-per-grabitjen-e-pronave\/","title":{"rendered":"Berisha: Rama ka kthyer ligjet e vitit 1946 p\u00ebr grabitjen e pronave!"},"content":{"rendered":"<p><strong>Edi Rama dhe Vu\u00e7i\u00e7 jan\u00eb armiq t\u00eb Kosov\u00ebs!<\/strong><\/p>\n<p>Kryetari i Partis\u00eb Demokratike, Sali Berisha i ka b\u00ebr\u00eb thirrje t\u00eb gjith\u00eb atdhetar\u00ebve dhe pasardh\u00ebsve t\u00eb familjeve patriote t\u00eb jen\u00eb t\u00eb angazhuar dhe t\u00eb mobilizohen p\u00ebr shp\u00ebtimin e Shqip\u00ebris\u00eb. Ai ka theksuar se ky \u00ebsht\u00eb nj\u00eb moment historik p\u00ebr t\u00eb kontribuar n\u00eb ndryshimin e situat\u00ebs, si brenda vendit ashtu edhe jasht\u00eb tij.<\/p>\n<p>Berisha ka shprehur besimin se me angazhimin e t\u00eb gjith\u00eb atyre q\u00eb jan\u00eb t\u00eb gatsh\u00ebm t\u00eb luftojn\u00eb p\u00ebr liri, n\u00eb zgjedhjet e 11 majit do t\u00eb arrihet t\u00eb p\u00ebrzihet regjimi\u00a0aktual nga pushteti. Ai ka akuzuar Edi Ram\u00ebn dhe Aleksandar Vu\u00e7i\u00e7in si aleat\u00eb t\u00eb d\u00ebmsh\u00ebm p\u00ebr Shqip\u00ebrin\u00eb dhe Kosov\u00ebn, duke theksuar se t\u00eb dy po punonin p\u00ebr ndarjen e Kosov\u00ebs<\/p>\n<p>\u201cFibra juaj, luft\u00ebtar\u00eb lirie, atdhetar\u00eb, pasardh\u00ebs t\u00eb familjeve patriote, sot duhet t\u00eb ndjehet m\u00eb aktive se kurr\u00eb p\u00ebr shp\u00ebtimin e Shqip\u00ebris\u00eb. Ndaj dhe k\u00ebrkoj nga ju kontributin tuaj, mobilizimin tuaj maksimal si shtres\u00eb, k\u00ebtu dhe jasht\u00eb vendit.<\/p>\n<p>Un\u00eb e kuptoj se p\u00ebr arsye t\u00eb ndryshme, shum\u00eb nga familjar\u00ebt tuaj, njer\u00ebzit tuaj, si\u00e7 jan\u00eb t\u00eb gjith\u00eb shqiptar\u00ebve jasht\u00eb, por sot \u00ebsht\u00eb nj\u00eb rast kudo q\u00ebndodhet t\u00eb kontribuoj\u00eb n\u00eb m\u00ebnyr\u00eb historike p\u00ebr Shqip\u00ebrin\u00eb.<\/p>\n<p>Un\u00eb kam besim t\u00eb plot\u00eb se do ia dalim. Se me 11 maj do e p\u00ebrz\u00ebm\u00eb nga pushteti k\u00ebt\u00eb regjim antishqiptar n\u00eb \u00e7do aspekt t\u00eb tij.<br \/>\nArmik t\u00eb lirive t\u00eb shqiptar\u00ebve, armik t\u00eb Kosov\u00ebs. Nuk \u00ebsht\u00eb Vu\u00e7i\u00e7i m\u00eb pak armik se Edi Rama n\u00eb q\u00ebndrimet e tij.<\/p>\n<p>Q\u00eb t\u00eb dy donin ta ndanin Kosov\u00ebn, bashkoheshin n\u00eb projektin p\u00ebr ndarjen e Kosov\u00ebs, kjo \u00ebsht\u00eb e v\u00ebrteta.<\/p>\n<p>Edhe n\u00eb k\u00ebt\u00eb kontekst, duhet t\u00eb ngrihemi me maksimumin e forcave dhe energjive tona.<\/p>\n<p>Un\u00eb ju fal\u00ebnderoj shum\u00eb edhe nj\u00ebher\u00eb.<\/p>\n<p>Un\u00eb k\u00ebrkoj q\u00eb t\u00eb p\u00ebrgatisni programin.<\/p>\n<p>Dhe nj\u00eb program i ri, p\u00ebr qeverin\u00eb e ardhshme t\u00eb PD, duhet t\u00eb jet\u00eb sa m\u00eb shpejt gati q\u00eb ta shpallim, ta njohin t\u00eb gjith\u00eb an\u00ebtar\u00ebt e k\u00ebsaj shtrese, por ta njoh\u00eb edhe shoq\u00ebria.<\/p>\n<p>T\u00eb nj\u00ebjt\u00ebn gj\u00eb do b\u00ebjm\u00eb me pronar\u00ebt ne.<\/p>\n<p>Katastrofale \u00ebsht\u00eb gjendja sot.<\/p>\n<p>Me ligjin e investimeve strategjike absolutisht ka kthyer ligjet e vitit 1946. Dora e zez\u00eb e shtetit shtrihet n\u00eb pron\u00ebn e cilit t\u00eb doj\u00eb.<\/p>\n<p>Por, ne q\u00ebndrojm\u00eb t\u00eb bindur se n\u00eb bashk\u00ebpunim me ju, n\u00eb bashk\u00ebpunim me pronar\u00ebt, n\u00eb bashk\u00ebpunim me qytetar\u00ebt, do e p\u00ebrcjellim k\u00ebt\u00eb regjim\u201d, tha Berisha.<\/p>\n","protected":false},"excerpt":{"rendered":"<p>Edi Rama dhe Vu\u00e7i\u00e7 jan\u00eb armiq t\u00eb Kosov\u00ebs! Kryetari i Partis\u00eb Demokratike, Sali Berisha i ka b\u00ebr\u00eb thirrje t\u00eb gjith\u00eb atdhetar\u00ebve dhe pasardh\u00ebsve t\u00eb familjeve patriote t\u00eb jen\u00eb t\u00eb angazhuar dhe t\u00eb mobilizohen p\u00ebr shp\u00ebtimin e Shqip\u00ebris\u00eb. Ai ka theksuar se ky \u00ebsht\u00eb nj\u00eb moment historik p\u00ebr t\u00eb kontribuar n\u00eb ndryshimin e situat\u00ebs, si brenda &hellip;<\/p>\n","protected":false},"author":4,"featured_media":101758,"comment_status":"closed","ping_status":"closed","sticky":false,"template":"","format":"standard","meta":{"footnotes":""},"categories":[37],"tags":[],"class_list":["post-101757","post","type-post","status-publish","format-standard","has-post-thumbnail","","category-politike"],"_links":{"self":[{"href":"https:\/\/rdnews.al\/index.php\/wp-json\/wp\/v2\/posts\/101757","targetHints":{"allow":["GET"]}}],"collection":[{"href":"https:\/\/rdnews.al\/index.php\/wp-json\/wp\/v2\/posts"}],"about":[{"href":"https:\/\/rdnews.al\/index.php\/wp-json\/wp\/v2\/types\/post"}],"author":[{"embeddable":true,"href":"https:\/\/rdnews.al\/index.php\/wp-json\/wp\/v2\/users\/4"}],"replies":[{"embeddable":true,"href":"https:\/\/rdnews.al\/index.php\/wp-json\/wp\/v2\/comments?post=101757"}],"version-history":[{"count":1,"href":"https:\/\/rdnews.al\/index.php\/wp-json\/wp\/v2\/posts\/101757\/revisions"}],"predecessor-version":[{"id":101759,"href":"https:\/\/rdnews.al\/index.php\/wp-json\/wp\/v2\/posts\/101757\/revisions\/101759"}],"wp:featuredmedia":[{"embeddable":true,"href":"https:\/\/rdnews.al\/index.php\/wp-json\/wp\/v2\/media\/101758"}],"wp:attachment":[{"href":"https:\/\/rdnews.al\/index.php\/wp-json\/wp\/v2\/media?parent=101757"}],"wp:term":[{"taxonomy":"category","embeddable":true,"href":"https:\/\/rdnews.al\/index.php\/wp-json\/wp\/v2\/categories?post=101757"},{"taxonomy":"post_tag","embeddable":true,"href":"https:\/\/rdnews.al\/index.php\/wp-json\/wp\/v2\/tags?post=101757"}],"curies":[{"name":"wp","href":"https:\/\/api.w.org\/{rel}","templated":true}]}}