{"id":101760,"date":"2025-01-18T11:06:39","date_gmt":"2025-01-18T11:06:39","guid":{"rendered":"https:\/\/rdnews.al\/?p=101760"},"modified":"2025-01-18T11:12:54","modified_gmt":"2025-01-18T11:12:54","slug":"vrasja-e-martin-canit-nxenesi-i-plagosur-ne-proteste-kane-qene-dy-persona-me-thika","status":"publish","type":"post","link":"https:\/\/rdnews.al\/index.php\/2025\/01\/18\/vrasja-e-martin-canit-nxenesi-i-plagosur-ne-proteste-kane-qene-dy-persona-me-thika\/","title":{"rendered":"Vrasja e Martin Canit\/ Edhe nx\u00ebn\u00ebsi i plagosur n\u00eb protest\u00eb: Kan\u00eb qen\u00eb dy persona me thika&#8230;"},"content":{"rendered":"<p>Luis Me\u00e7ja, adoleshenti q\u00eb mbeti i plagosur n\u00eb ngjarjen ku u vra Martin Cani \u00ebsht\u00eb shfaqur p\u00ebr her\u00eb t\u00eb par\u00eb n\u00eb protest\u00eb.\u00a0Ai shihet krah prind\u00ebrve t\u00eb Martin Canit dhe qytetar\u00ebve t\u00eb tjer\u00eb t\u00eb pranish\u00ebm n\u00eb protest\u00eb.<\/p>\n<p>Me\u00e7ja i q\u00ebndron versionit t\u00eb tij dh\u00ebn\u00eb edhe m\u00eb par\u00eb, se kan\u00eb qen\u00eb dy persona me thika.<\/p>\n<p>Prind\u00ebrit e 14-vje\u00e7arit, k\u00ebrkojn\u00eb drejt\u00ebsi, nd\u00ebrsa shprehen se deri tani nuk ka pasur asnj\u00eb reagim nga institucionet.\u00a0Babai i tij thot\u00eb se ata jan\u00eb t\u00eb traumatizuar, duke i b\u00ebri thirrje f\u00ebmij\u00ebve t\u00eb tjer\u00eb q\u00eb ti bashkohen kauz\u00ebs.<\/p>\n<p>\u201cHeshtja vret m\u00eb shum\u00eb se gjith\u00e7ka. Kemi dy muaj q\u00eb e p\u00ebrjetojm\u00eb k\u00ebt\u00eb dram\u00eb t\u00eb madhe dhe nuk kemi asnj\u00eb reagim, as nga prokurori as nga shkolla dhe as nga sh\u00ebndet\u00ebsia, sepse Martini b\u00ebri xhiron e madhe t\u00eb Tiran\u00ebs p\u00ebr arsye se Spitali Ushtarak nuk kishte asnj\u00eb makineri p\u00ebr t&#8217;i mbajtur zemr\u00ebn atij.<\/p>\n<p>U b\u00ebj thirrje f\u00ebmij\u00ebve shqiptar\u00eb, t\u00eb bashkohemi p\u00ebr kauz\u00ebn. Ka ardhur fundi. F\u00ebmija \u00ebsht\u00eb mbi t\u00eb gjitha. Nuk kam fjal\u00eb,. Por p\u00ebrjetojm\u00eb nj\u00eb ngjarje tragjike, kemi nj\u00eb traum\u00eb t\u00eb madhe. I b\u00ebj thirrje prind\u00ebrve, institucioneve\u2026sepse na ka kapur frika. Nj\u00ebher\u00eb m\u00eb ka shkuar n\u00eb Prokurori dhe prokurorja m\u00eb tha q\u00eb do t&#8217;i shkojm\u00eb deri n\u00eb fund. Por kan\u00eb kaluar dy muaj dhe asgj\u00eb\u201d,\u00a0tha babai i 14-vje\u00e7arit.<\/p>\n","protected":false},"excerpt":{"rendered":"<p>Luis Me\u00e7ja, adoleshenti q\u00eb mbeti i plagosur n\u00eb ngjarjen ku u vra Martin Cani \u00ebsht\u00eb shfaqur p\u00ebr her\u00eb t\u00eb par\u00eb n\u00eb protest\u00eb.\u00a0Ai shihet krah prind\u00ebrve t\u00eb Martin Canit dhe qytetar\u00ebve t\u00eb tjer\u00eb t\u00eb pranish\u00ebm n\u00eb protest\u00eb. Me\u00e7ja i q\u00ebndron versionit t\u00eb tij dh\u00ebn\u00eb edhe m\u00eb par\u00eb, se kan\u00eb qen\u00eb dy persona me thika. Prind\u00ebrit e &hellip;<\/p>\n","protected":false},"author":4,"featured_media":101761,"comment_status":"closed","ping_status":"closed","sticky":false,"template":"","format":"standard","meta":{"footnotes":""},"categories":[37],"tags":[],"class_list":["post-101760","post","type-post","status-publish","format-standard","has-post-thumbnail","","category-politike"],"_links":{"self":[{"href":"https:\/\/rdnews.al\/index.php\/wp-json\/wp\/v2\/posts\/101760","targetHints":{"allow":["GET"]}}],"collection":[{"href":"https:\/\/rdnews.al\/index.php\/wp-json\/wp\/v2\/posts"}],"about":[{"href":"https:\/\/rdnews.al\/index.php\/wp-json\/wp\/v2\/types\/post"}],"author":[{"embeddable":true,"href":"https:\/\/rdnews.al\/index.php\/wp-json\/wp\/v2\/users\/4"}],"replies":[{"embeddable":true,"href":"https:\/\/rdnews.al\/index.php\/wp-json\/wp\/v2\/comments?post=101760"}],"version-history":[{"count":2,"href":"https:\/\/rdnews.al\/index.php\/wp-json\/wp\/v2\/posts\/101760\/revisions"}],"predecessor-version":[{"id":101763,"href":"https:\/\/rdnews.al\/index.php\/wp-json\/wp\/v2\/posts\/101760\/revisions\/101763"}],"wp:featuredmedia":[{"embeddable":true,"href":"https:\/\/rdnews.al\/index.php\/wp-json\/wp\/v2\/media\/101761"}],"wp:attachment":[{"href":"https:\/\/rdnews.al\/index.php\/wp-json\/wp\/v2\/media?parent=101760"}],"wp:term":[{"taxonomy":"category","embeddable":true,"href":"https:\/\/rdnews.al\/index.php\/wp-json\/wp\/v2\/categories?post=101760"},{"taxonomy":"post_tag","embeddable":true,"href":"https:\/\/rdnews.al\/index.php\/wp-json\/wp\/v2\/tags?post=101760"}],"curies":[{"name":"wp","href":"https:\/\/api.w.org\/{rel}","templated":true}]}}