{"id":101782,"date":"2025-01-18T12:37:44","date_gmt":"2025-01-18T12:37:44","guid":{"rendered":"https:\/\/rdnews.al\/?p=101782"},"modified":"2025-01-18T12:46:41","modified_gmt":"2025-01-18T12:46:41","slug":"dashi-fitoj-zgjedhjet-me-lulin-dhe-enkeleidin","status":"publish","type":"post","link":"https:\/\/rdnews.al\/index.php\/2025\/01\/18\/dashi-fitoj-zgjedhjet-me-lulin-dhe-enkeleidin\/","title":{"rendered":"Dashi thot\u00eb se do t\u00eb fitoj\u00eb zgjedhjet me Lulin dhe Enkeleidin"},"content":{"rendered":"<p>Kreu i LZHK, Dashamir Shehi, njoftoi se \u00ebsht\u00eb n\u00eb negociata me tre grupime opozitare n\u00eb Parlament, p\u00ebrfshir\u00eb Lulzim Bash\u00ebn dhe Enkelejd Alibeajn, p\u00ebr t\u00eb garuar bashk\u00ebrisht n\u00eb zgjedhjet e ardhshme parlamentare.<\/p>\n<p>Synimi, sipas tij, \u00ebsht\u00eb maksimalizimi i vot\u00ebs s\u00eb opozit\u00ebs n\u00eb prodhimin e mandateve. Ftesa p\u00ebr bashk\u00ebpunim shkoi p\u00ebr k\u00ebdo q\u00eb nuk bashkohet me grupin Berisha-Meta, si brenda ashtu edhe jasht\u00eb Parlamentit.<\/p>\n<p>\u201cPo negociojm\u00eb me t\u00eb gjitha grupet q\u00eb jan\u00eb brenda parlamentit dhe pothuajse jemi dakord, Alibeaj, grupi i Bash\u00ebs. Po diskutohen gj\u00ebra t\u00eb vogla, d\u00ebshira \u00ebsht\u00eb e mir\u00eb. Hajde ta b\u00ebjm\u00eb bashk\u00eb. Lista \u00ebsht\u00eb e p\u00ebrbashk\u00ebt, lista \u00ebsht\u00eb e hapur. Se kush \u00ebsht\u00eb lideri m\u00eb i men\u00e7ur k\u00ebt\u00eb e mbyll populli. Kjo \u00ebsht\u00eb rruga e vetme dhe po e them p\u00ebr her\u00eb t\u00eb fundit, t\u00eb reflektojn\u00eb dhe t\u00eb mendojn\u00eb. \u00cbsht\u00eb nj\u00eb shans i madh q\u00eb ka opozita alternative\u201d, tha Shehi.<\/p>\n","protected":false},"excerpt":{"rendered":"<p>Kreu i LZHK, Dashamir Shehi, njoftoi se \u00ebsht\u00eb n\u00eb negociata me tre grupime opozitare n\u00eb Parlament, p\u00ebrfshir\u00eb Lulzim Bash\u00ebn dhe Enkelejd Alibeajn, p\u00ebr t\u00eb garuar bashk\u00ebrisht n\u00eb zgjedhjet e ardhshme parlamentare. Synimi, sipas tij, \u00ebsht\u00eb maksimalizimi i vot\u00ebs s\u00eb opozit\u00ebs n\u00eb prodhimin e mandateve. Ftesa p\u00ebr bashk\u00ebpunim shkoi p\u00ebr k\u00ebdo q\u00eb nuk bashkohet me grupin &hellip;<\/p>\n","protected":false},"author":3,"featured_media":101783,"comment_status":"closed","ping_status":"closed","sticky":false,"template":"","format":"standard","meta":{"footnotes":""},"categories":[37],"tags":[],"class_list":["post-101782","post","type-post","status-publish","format-standard","has-post-thumbnail","","category-politike"],"_links":{"self":[{"href":"https:\/\/rdnews.al\/index.php\/wp-json\/wp\/v2\/posts\/101782","targetHints":{"allow":["GET"]}}],"collection":[{"href":"https:\/\/rdnews.al\/index.php\/wp-json\/wp\/v2\/posts"}],"about":[{"href":"https:\/\/rdnews.al\/index.php\/wp-json\/wp\/v2\/types\/post"}],"author":[{"embeddable":true,"href":"https:\/\/rdnews.al\/index.php\/wp-json\/wp\/v2\/users\/3"}],"replies":[{"embeddable":true,"href":"https:\/\/rdnews.al\/index.php\/wp-json\/wp\/v2\/comments?post=101782"}],"version-history":[{"count":2,"href":"https:\/\/rdnews.al\/index.php\/wp-json\/wp\/v2\/posts\/101782\/revisions"}],"predecessor-version":[{"id":101788,"href":"https:\/\/rdnews.al\/index.php\/wp-json\/wp\/v2\/posts\/101782\/revisions\/101788"}],"wp:featuredmedia":[{"embeddable":true,"href":"https:\/\/rdnews.al\/index.php\/wp-json\/wp\/v2\/media\/101783"}],"wp:attachment":[{"href":"https:\/\/rdnews.al\/index.php\/wp-json\/wp\/v2\/media?parent=101782"}],"wp:term":[{"taxonomy":"category","embeddable":true,"href":"https:\/\/rdnews.al\/index.php\/wp-json\/wp\/v2\/categories?post=101782"},{"taxonomy":"post_tag","embeddable":true,"href":"https:\/\/rdnews.al\/index.php\/wp-json\/wp\/v2\/tags?post=101782"}],"curies":[{"name":"wp","href":"https:\/\/api.w.org\/{rel}","templated":true}]}}