{"id":101785,"date":"2025-01-18T12:44:18","date_gmt":"2025-01-18T12:44:18","guid":{"rendered":"https:\/\/rdnews.al\/?p=101785"},"modified":"2025-01-18T12:44:43","modified_gmt":"2025-01-18T12:44:43","slug":"skandali-ps-fton-emigrante-te-votojne-ne-zyrat-e-saj-pasi-ti-kene-paguar","status":"publish","type":"post","link":"https:\/\/rdnews.al\/index.php\/2025\/01\/18\/skandali-ps-fton-emigrante-te-votojne-ne-zyrat-e-saj-pasi-ti-kene-paguar\/","title":{"rendered":"Skandali\/PS fton emigrant\u00ebt t\u00eb votojn\u00eb n\u00eb zyrat e saj, pasi ti ken\u00eb paguar"},"content":{"rendered":"<p>P\u00ebr gazetaren Esiona Konomi, zyrat e asistenc\u00ebs q\u00eb Partia Socialiste ka hapur n\u00eb Greqi dhe Itali, duke ftuar emigrant\u00ebt t\u00eb regjistrohen n\u00eb k\u00ebto ambiente p\u00ebr t\u00eb votuar n\u00eb zgjedhjet parlamentare t\u00eb 11 majit, jan\u00eb n\u00eb shkelje t\u00eb ligjit.<\/p>\n<p>Gazetarja Konomi tha n\u00eb \u201c\u00c7do k\u00ebnd\u201d nga Merita Haklaj n\u00eb A2 CNN se ka rrezik q\u00eb emigrant\u00ebt t\u00eb shantazhohen, kryesisht n\u00eb zyrat e PS ku po b\u00ebhen regjistrime n\u00eb grup dhe ekziston rreziku q\u00eb edhe t\u00eb votohet n\u00eb grup.<\/p>\n<p>Konomi k\u00ebrkoi nj\u00eb p\u00ebrgjigje nga Sekretarja p\u00ebr Diaspor\u00ebs n\u00eb PS, Zerina Bruci, duke e pyetur:\u00a0<em>\u201cZonja Bruci kush na garanton ne se kjo partia juaj, kjo partia m\u00eb e organizuar se gjith\u00eb t\u00eb tjerat dhe ka edhe m\u00eb shum\u00eb kuota se t\u00eb tjer\u00ebt, nukj do ta mbaj zyr\u00ebn hapur n\u00eb \u00e7do qytetet kryesor t\u00eb Evrop\u00ebs kur t\u00eb vij\u00eb zarfi me vota dhe ta plot\u00ebsoj\u00eb zarfin n\u00eb syrin tuaj. Se fakti q\u00eb ju i b\u00ebni regjistrimet n\u00eb m\u00ebnyr\u00eb t\u00eb organizuar na krijon dyshimin e arsyeshme q\u00eb ju edhe votimin mund ta b\u00ebni t\u00eb till\u00eb, duke cenuar vot\u00ebn dhe duke u b\u00ebr\u00eb shantazh votuesve\u201d<\/em>.<\/p>\n<p>Teksa Bruci u rrek t\u00eb shpjegonte se PS ka b\u00ebr\u00eb demo dhe trajnime, Konomi e ndali p\u00ebr t\u2019i th\u00ebn\u00eb:\u00a0<em>\u201cJo, ju nuk keni b\u00ebr\u00eb demo, ju keni b\u00ebr\u00eb regjistrime\u201d.<\/em><\/p>\n<p><em>\u201cJu lutem mos na g\u00ebnjeni. Keni b\u00ebr\u00eb regjistrime. Duhet t\u00eb tregoheni e sinqert\u00eb n\u00eb k\u00ebt\u00eb pik\u00eb se e kan\u00eb pranuar ata q\u00eb kan\u00eb qen\u00eb aty ministra q\u00eb ftojm\u00eb p\u00ebr regjistrimi jo p\u00ebr t\u2019ju m\u00ebsuar apo trajnojm\u00eb. K\u00ebshtu q\u00eb t\u00eb pakt\u00ebn n\u00eb k\u00ebt\u00eb pik\u00eb q\u00eb keni b\u00ebr\u00eb regjistrime duhet ta pranoni\u201d,<\/em>\u00a0shtoi m\u00eb tej Konomi.<\/p>\n<p>Nd\u00ebrkoh\u00eb, Bruci u p\u00ebrgjigj duke th\u00ebn\u00eb:\u00a0<em>\u201cAsistuar, q\u00eb do t\u00eb thot\u00eb si\u00e7 jan\u00eb b\u00ebr\u00eb demot ashtu edhe jan\u00eb asistuar. N\u00ebse juve ju pyet dikush si skanohet dokumenti, patjet\u00ebr q\u00eb do e ndihmonit apo jo, Sepse q\u00ebllimi yn\u00eb nuk \u00ebsht\u00eb k\u00ebtu t\u00eb v\u00ebshtirojm\u00eb regjistrimin por ta leht\u00ebsojm\u00eb at\u00eb.\u201d<\/em><\/p>\n<p><em>\u201cN\u00ebse b\u00ebhet n\u00eb kompjuterin tuaj nuk e keni asistuar por regjistruar\u201d,<\/em>\u00a0ia ktheu m\u00eb pas gazetarja Konomi.<\/p>\n<p><em>\u201cP\u00ebrpara se t\u00eb hidhni k\u00ebto akuza q\u00eb hidhen r\u00ebndomazi n\u00eb proceset zgjedhore dhe t\u00eb paragjykoni n\u00eb k\u00ebt\u00eb proces, t\u00eb mund t\u00eb shihni p\u00ebrtej k\u00ebsaj dhe t\u00eb inkurajoni t\u00eb gjith\u00eb ata q\u00eb njohim q\u00eb jetojn\u00eb n\u00eb diaspor\u00eb q\u00eb t\u00eb regjistrohen p\u00ebr t\u00eb votuar n\u00eb k\u00ebto zgjedhje\u201d,<\/em>\u00a0tha Bruci.<\/p>\n<p>Sakaq, pjes\u00eb e debatit mbi regjistrimet masive n\u00eb zyrat e asistenc\u00ebs q\u00eb PS po hap n\u00eb qytetet kryesore ku \u00ebsht\u00eb vendosur diaspora shqiptare, u b\u00eb edhe Florian Ha\u00e7ka nga \u201cDiaspora p\u00ebr Shqip\u00ebrin\u00eb e Lir\u00eb\u201d, i cili tha se do t\u2019i k\u00ebrkojn\u00eb KQZ-s\u00eb t\u00eb mos i pranoj\u00eb regjistrimet nga nj\u00eb IP e ngjashme q\u00eb b\u00ebhen n\u00eb t\u00eb nj\u00ebjt\u00ebn koh\u00eb, p\u00ebr t\u00eb frenuar k\u00ebshtu procedur\u00ebn q\u00eb po ndjek PS<\/p>\n<p><em>\u201cUn\u00eb si Flor, ne si \u201cDiaspor\u00eb p\u00ebr Shqip\u00ebrin\u00eb e Lir\u00eb\u201d po e gjykojm\u00eb direkt k\u00ebt\u00eb proces, nuk po hedhim hipoteza, nuk po e paragjykojm\u00eb. Ju keni regjistruar njer\u00ebz dhe k\u00ebrkesa jon\u00eb \u00ebsht\u00eb p\u00ebr KQZ q\u00eb do vij\u00eb dhe me shkrim n\u00eb dit\u00ebt n\u00eb vazhdim, q\u00eb t\u00eb gjitha k\u00ebrkesat q\u00eb kan\u00eb ardhur nga e nj\u00ebjta IP, n\u00eb t\u00eb nj\u00ebjt\u00ebn koh\u00eb, q\u00eb jan\u00eb ato sallat n\u00eb Greqi, q\u00eb ju that\u00eb se jan\u00eb zyrat e PS, por q\u00eb nuk jan\u00eb zyra t\u00eb partis\u00eb, un\u00eb ju nxora foton \u00ebsht\u00eb nj\u00eb AS Services. Po b\u00ebhet regjistrim, nuk po b\u00ebhet demo, jan\u00eb t\u00eb gjitha me video, q\u00eb me naivitet partia juaj i ka nxjerr\u00eb vet\u00eb. Ne do k\u00ebrkojm\u00eb q\u00eb t\u00eb gjitha k\u00ebto k\u00ebrkesa t\u00eb mos pranohen, sepse kan\u00eb ardhur nga nj\u00eb regjistrim masiv. Ne i kemi ikur me koh\u00eb vot\u00ebs familjare. Habitem sesi njer\u00ebz si ju mbroni k\u00ebt\u00eb proces t\u00eb paligjsh\u00ebm\u201d,<\/em>\u00a0tha Ha\u00e7kaj.<\/p>\n","protected":false},"excerpt":{"rendered":"<p>P\u00ebr gazetaren Esiona Konomi, zyrat e asistenc\u00ebs q\u00eb Partia Socialiste ka hapur n\u00eb Greqi dhe Itali, duke ftuar emigrant\u00ebt t\u00eb regjistrohen n\u00eb k\u00ebto ambiente p\u00ebr t\u00eb votuar n\u00eb zgjedhjet parlamentare t\u00eb 11 majit, jan\u00eb n\u00eb shkelje t\u00eb ligjit. Gazetarja Konomi tha n\u00eb \u201c\u00c7do k\u00ebnd\u201d nga Merita Haklaj n\u00eb A2 CNN se ka rrezik q\u00eb emigrant\u00ebt &hellip;<\/p>\n","protected":false},"author":3,"featured_media":54877,"comment_status":"closed","ping_status":"closed","sticky":false,"template":"","format":"standard","meta":{"footnotes":""},"categories":[37],"tags":[],"class_list":["post-101785","post","type-post","status-publish","format-standard","has-post-thumbnail","","category-politike"],"_links":{"self":[{"href":"https:\/\/rdnews.al\/index.php\/wp-json\/wp\/v2\/posts\/101785","targetHints":{"allow":["GET"]}}],"collection":[{"href":"https:\/\/rdnews.al\/index.php\/wp-json\/wp\/v2\/posts"}],"about":[{"href":"https:\/\/rdnews.al\/index.php\/wp-json\/wp\/v2\/types\/post"}],"author":[{"embeddable":true,"href":"https:\/\/rdnews.al\/index.php\/wp-json\/wp\/v2\/users\/3"}],"replies":[{"embeddable":true,"href":"https:\/\/rdnews.al\/index.php\/wp-json\/wp\/v2\/comments?post=101785"}],"version-history":[{"count":2,"href":"https:\/\/rdnews.al\/index.php\/wp-json\/wp\/v2\/posts\/101785\/revisions"}],"predecessor-version":[{"id":101787,"href":"https:\/\/rdnews.al\/index.php\/wp-json\/wp\/v2\/posts\/101785\/revisions\/101787"}],"wp:featuredmedia":[{"embeddable":true,"href":"https:\/\/rdnews.al\/index.php\/wp-json\/wp\/v2\/media\/54877"}],"wp:attachment":[{"href":"https:\/\/rdnews.al\/index.php\/wp-json\/wp\/v2\/media?parent=101785"}],"wp:term":[{"taxonomy":"category","embeddable":true,"href":"https:\/\/rdnews.al\/index.php\/wp-json\/wp\/v2\/categories?post=101785"},{"taxonomy":"post_tag","embeddable":true,"href":"https:\/\/rdnews.al\/index.php\/wp-json\/wp\/v2\/tags?post=101785"}],"curies":[{"name":"wp","href":"https:\/\/api.w.org\/{rel}","templated":true}]}}