{"id":101792,"date":"2025-01-18T16:47:08","date_gmt":"2025-01-18T16:47:08","guid":{"rendered":"https:\/\/rdnews.al\/?p=101792"},"modified":"2025-01-18T16:47:08","modified_gmt":"2025-01-18T16:47:08","slug":"topalli-dy-arsyet-pse-shqiptaret-jashte-vendit-nuk-do-te-votojne-ps-ne","status":"publish","type":"post","link":"https:\/\/rdnews.al\/index.php\/2025\/01\/18\/topalli-dy-arsyet-pse-shqiptaret-jashte-vendit-nuk-do-te-votojne-ps-ne\/","title":{"rendered":"Topalli: Dy arsyet pse shqiptar\u00ebt jasht\u00eb vendit nuk do t\u00eb votojn\u00eb PS-n\u00eb"},"content":{"rendered":"<p>Ish-kryetarja e Kuvendit Jozefina Topalli, tashm\u00eb edhe drejtuese politike e Partis\u00eb Demokratike p\u00ebr Diaspor\u00ebn, ka folur n\u00eb lidhje me sfidat q\u00eb paraqet ky proces i panjohur p\u00ebr politik\u00ebn shqiptare dhe konkretisht p\u00ebr opozit\u00ebn.<\/p>\n<p>E ftuar n\u00eb \u201cKjo Jav\u00eb\u201d n\u00eb News24, Topalli e quajti procesin nj\u00eb sfid\u00eb planetare, referuar faktit q\u00eb gjysma e popullsis\u00eb jeton jasht\u00eb vendit, nd\u00ebrsa b\u00ebri apel q\u00eb shqiptar\u00ebt q\u00eb jetojn\u00eb jasht\u00eb vendit t\u00eb regjistrohen n\u00eb platformat e v\u00ebn\u00eb \u00eb dispozicion nga KQZ.<\/p>\n<p>\u201cJemi p\u00ebrball\u00eb nj\u00eb t\u00eb panjohure sepse nuk \u00ebsht\u00eb eksperimentuar m\u00eb par\u00eb. \u00cbsht\u00eb nj\u00eb sfid\u00eb e v\u00ebshtir\u00eb, planetare, sepse gjysma e popullsis\u00eb \u00ebsht\u00eb n\u00eb \u00e7do cep t\u00eb bot\u00ebs. N\u00ebse forcat politike kan\u00eb struktura p\u00ebr t\u00eb kryer fushat\u00eb brenda shtetit, nuk kemi nj\u00eb struktur\u00eb t\u00eb till\u00eb p\u00ebr vot\u00ebn e diaspor\u00ebs.<\/p>\n<p>P\u00ebr shkak t\u00eb situatave t\u00eb v\u00ebshtira q\u00eb PD kaloi n\u00eb 4 vitet e fundit dhe ndryshimet n\u00eb Kodin Zgjedhor u b\u00ebn\u00eb gjat\u00eb muajve t\u00eb fundit, em\u00ebrimi erdhi pak me vones\u00eb nd\u00ebrsa t\u00eb tjer\u00ebt kishin nisur m\u00eb par\u00eb. Nuk me tremb v\u00ebshtir\u00ebsia e sfid\u00ebs sepse t\u00eb ankohesh nuk \u00ebsht\u00eb strategji q\u00eb t\u00eb nderon n\u00eb poetik\u00eb. Nuk i jam fshehur kurr\u00eb sfidave dhe nuk po e b\u00ebj as tani. \u00cbsht\u00eb moment delikat n\u00eb shum\u00eb aspekte, duke mos harruar edhe ndikimi zhvillimeve bot\u00ebrore.<\/p>\n<p>Njer\u00ebzit nuk duan politik\u00ebn por duhet t\u00eb jen\u00eb pjes\u00ebmarr\u00ebs sepse impakti i vendimeve t\u00eb politik\u00ebs ndikon n\u00eb \u00e7do pjes\u00eb t\u00eb jet\u00ebs s\u00eb tyre\u201d, tha ajo.<\/p>\n<p>Ish-kryeparlamentarja shtoi se ndikimi i diaspor\u00ebs n\u00eb rezultatin p\u00ebrfundimtar t\u00eb zgjedhjeve t\u00eb 11 majit mund t\u00eb jet\u00eb aq i fuqish\u00ebm, sa t\u00eb siguroj\u00eb edhe p\u00ebrmbysjen e pushtetit dhe rrotacionin politik.<\/p>\n<p>\u201cN\u00eb takimin q\u00eb kisha n\u00eb Gjermani kishim t\u00eb pranish\u00ebm edhe shqiptar\u00eb nga Kosova. Ata jan\u00eb para nesh, kan\u00eb aplikuar vot\u00ebn e diaspor\u00ebs n\u00eb dy mandate tashm\u00eb, por kan\u00eb edhe nj\u00eb lidhje shum\u00eb t\u00eb fort\u00eb me vendin e tyre dhe proceset politike q\u00eb ndodhin. Kurti m\u00eb shum\u00eb \u00ebsht\u00eb kryeminist\u00ebr fal\u00eb vot\u00ebs s\u00eb diaspor\u00ebs.<\/p>\n<p>Sa i p\u00ebrket Shqip\u00ebris\u00eb, ne kemi nj\u00eb bllok elektoral t\u00eb jasht\u00ebzakonsh\u00ebm n\u00eb t\u00eb gjith\u00eb bor\u00ebs q\u00eb n\u00ebse do t\u00eb mobilizoheshin t\u00eb regjistroheshin e m\u00eb tej t\u00eb votonin, do t\u00eb b\u00ebnin kthesa t\u00eb jasht\u00ebzakonshme politike, si nj\u00eb fuqi e pashfryt\u00ebzuar gjat\u00eb 3 dekadave p\u00ebr t\u00eb b\u00ebr\u00eb edhe rrotacionin. V\u00ebmendja shum\u00eb e fort\u00eb tek diaspora.<\/p>\n<p>Megjithat\u00eb atje \u00ebsht\u00eb nj\u00eb realitet tjet\u00ebr dhe kan\u00eb nj\u00eb mentalitet tjet\u00ebr. Por n\u00ebse v\u00ebrtet\u00eb do t\u00eb sensibilizohen, do t\u00eb jen\u00eb nj\u00eb faktor ky\u00e7, sepse kondicionojn\u00eb forcat politike dhe qeverit\u00eb e ardhshme\u201d, tha ajo.<\/p>\n<p>Topalli ka renditur edhe dy arsyet se p\u00ebrse diaspora nuk do t\u00eb pritet t\u00eb votoj\u00eb Partin\u00eb Socialiste, edhe pse theksoi se asgj\u00eb nuk mund t\u00eb parashikohet p\u00ebr sa koh\u00eb ky \u00ebsht\u00eb nj\u00eb proces q\u00eb nuk ka ndodhur m\u00eb par\u00eb, e p\u00ebr pasoj\u00eb mbetet enigmatik deri n\u00eb fund.<\/p>\n<p>\u201c\u00cbsht\u00eb nj\u00eb ekuacion me shum\u00eb t\u00eb panjohura, Por ata q\u00eb jan\u00eb p\u00ebrz\u00ebn\u00eb kaq shum\u00eb n\u00eb nj\u00eb koh\u00eb kaq t\u00eb shkurt\u00ebr nuk besoj se do t\u00eb votojn\u00eb p\u00ebr pushtetin aktual. E dyta, \u00ebsht\u00eb sepse ata jan\u00eb shum\u00eb m\u00eb t\u00eb lir\u00eb dhe t\u00eb pavarur se sa shqiptar\u00ebt jan\u00eb t\u00eb kondicionuar n\u00eb vendin e pun\u00ebs q\u00eb t\u00eb votojn\u00eb p\u00ebr pushtetin aktual\u201d, tha ajo.<\/p>\n<p>Topalli u nda edhe tek takimet e zhvilluara jasht\u00eb vendit, ku u shpreh se tashm\u00eb dram\u00ebn e atyre q\u00eb jan\u00eb detyruar t\u00eb largohen nga vendi nuk e sheh vet\u00ebm n\u00eb aspektin politik, por edhe n\u00eb at\u00eb njer\u00ebzor.<\/p>\n<p>\u201cPas em\u00ebrimit q\u00eb ndodhi n\u00eb dhjetor t\u00eb 2024, q\u00eb m\u00eb ka v\u00ebn\u00eb n\u00eb v\u00ebshtir\u00ebsi sepse duhet nj\u00eb koh\u00eb e caktuar p\u00ebr t\u00eb ndaluar infrastruktur\u00ebs k\u00ebtu e p\u00ebr t\u00eb pasur m\u00eb pas kontaktet me jasht\u00eb. Takimet kan\u00eb qen\u00eb t\u00eb mira n\u00eb New York dhe Boston. Kishin ikur aq shum\u00eb shqiptar\u00eb nga vendi sa m\u00eb erdhi \u00e7udi q\u00eb njihja m\u00eb shum\u00eb persona atje se sa brenda vendit. N\u00eb takimet me pas n\u00eb Europ\u00eb jam fokusuar n\u00eb Itali sepse aty jan\u00eb t\u00eb p\u00ebrqendruar kryesisht shqiptar\u00ebt. Ana e bukur e t\u00eb gjith\u00eb k\u00ebsaj \u00ebsht\u00eb ana njer\u00ebzore. N\u00eb k\u00ebt\u00eb faz\u00eb t\u00eb jet\u00ebs m\u00eb shum\u00eb se sa n\u00eb aspektin politik, i shoh gj\u00ebrat n\u00eb aspektin njer\u00ebzor. Kur d\u00ebgjon historit\u00eb e tyre nis e reflekton mbi fatin e miliona shqiptar\u00ebve q\u00eb jan\u00eb larguar. Jan\u00eb drama t\u00eb m\u00ebdha q\u00eb ka kaluar kombi yn\u00eb\u201d, tha ajo.<\/p>\n","protected":false},"excerpt":{"rendered":"<p>Ish-kryetarja e Kuvendit Jozefina Topalli, tashm\u00eb edhe drejtuese politike e Partis\u00eb Demokratike p\u00ebr Diaspor\u00ebn, ka folur n\u00eb lidhje me sfidat q\u00eb paraqet ky proces i panjohur p\u00ebr politik\u00ebn shqiptare dhe konkretisht p\u00ebr opozit\u00ebn. E ftuar n\u00eb \u201cKjo Jav\u00eb\u201d n\u00eb News24, Topalli e quajti procesin nj\u00eb sfid\u00eb planetare, referuar faktit q\u00eb gjysma e popullsis\u00eb jeton jasht\u00eb &hellip;<\/p>\n","protected":false},"author":4,"featured_media":101793,"comment_status":"closed","ping_status":"closed","sticky":false,"template":"","format":"standard","meta":{"footnotes":""},"categories":[37],"tags":[],"class_list":["post-101792","post","type-post","status-publish","format-standard","has-post-thumbnail","","category-politike"],"_links":{"self":[{"href":"https:\/\/rdnews.al\/index.php\/wp-json\/wp\/v2\/posts\/101792","targetHints":{"allow":["GET"]}}],"collection":[{"href":"https:\/\/rdnews.al\/index.php\/wp-json\/wp\/v2\/posts"}],"about":[{"href":"https:\/\/rdnews.al\/index.php\/wp-json\/wp\/v2\/types\/post"}],"author":[{"embeddable":true,"href":"https:\/\/rdnews.al\/index.php\/wp-json\/wp\/v2\/users\/4"}],"replies":[{"embeddable":true,"href":"https:\/\/rdnews.al\/index.php\/wp-json\/wp\/v2\/comments?post=101792"}],"version-history":[{"count":1,"href":"https:\/\/rdnews.al\/index.php\/wp-json\/wp\/v2\/posts\/101792\/revisions"}],"predecessor-version":[{"id":101794,"href":"https:\/\/rdnews.al\/index.php\/wp-json\/wp\/v2\/posts\/101792\/revisions\/101794"}],"wp:featuredmedia":[{"embeddable":true,"href":"https:\/\/rdnews.al\/index.php\/wp-json\/wp\/v2\/media\/101793"}],"wp:attachment":[{"href":"https:\/\/rdnews.al\/index.php\/wp-json\/wp\/v2\/media?parent=101792"}],"wp:term":[{"taxonomy":"category","embeddable":true,"href":"https:\/\/rdnews.al\/index.php\/wp-json\/wp\/v2\/categories?post=101792"},{"taxonomy":"post_tag","embeddable":true,"href":"https:\/\/rdnews.al\/index.php\/wp-json\/wp\/v2\/tags?post=101792"}],"curies":[{"name":"wp","href":"https:\/\/api.w.org\/{rel}","templated":true}]}}