{"id":101817,"date":"2025-01-18T18:39:37","date_gmt":"2025-01-18T18:39:37","guid":{"rendered":"https:\/\/rdnews.al\/?p=101817"},"modified":"2025-01-18T18:39:37","modified_gmt":"2025-01-18T18:39:37","slug":"sinjali-i-pare-serioz-per-ramen","status":"publish","type":"post","link":"https:\/\/rdnews.al\/index.php\/2025\/01\/18\/sinjali-i-pare-serioz-per-ramen\/","title":{"rendered":"Sinjali i par\u00eb serioz p\u00ebr Ram\u00ebn&#8230;"},"content":{"rendered":"<p><strong>Adriatik DOSTI<\/strong><\/p>\n<p>Mes dhjetera e qindra te ftuarve nga mbare bota &#8230;figura te larta te politikes boterore, presidente, mbreter, kryeministra, kryetare partish , biznesmene te fuqishem, ambasadore, miliardere e milionere, figura te spikatura te artit, sportit, shkences, mjekesise, biznesit etj etj&#8230;emri i kryeministrit klloun te Shqiperise Edi Rama mungon ne listen e deritanishme [ te pakten ne te gjitha llojet e listave te bera publike deri me sot ne 18 janar 2025 te cilat kam mundur ti lexoj une ]&#8230;..te atyre qe te henen e 20 janarit 2025 do te jene te pranishem ne ceremonine inaguruese te Presidentit te 47 te SHBA &#8211; Donald Trump ne Washington.<\/p>\n<p>Informacioni ne fjale eshte marre nga faqja zytare e W. H si dhe nga ajo e kabinetit te ri Trump&#8230;All the big name who will be at Trump&#8217;s inagurations January 20 \/ 2025 in Washington.<\/p>\n<p>Ne te kundert kanali televiziv TV 1 konfirmon ftesen dhe pjesmarrjen ne kete ceremoni te Presidentes se Kosoves &#8211; Vjosa Osmani duke e cilesuar kete gje si nje ogur te mire per Kosoven e popullin e saj ne 4 vitet e ardheshme te presidences Trump.<\/p>\n<p>Shpresoj qe ky lajm e ky parashikim te jete i sakte e serioz.<\/p>\n<p>Me sa duket as ulja ne gjunje ndaj italiankes Meloni e qurravitja ndaj saj [ e cila do te jete prezente ne 20 janar ne Washington]&#8230;as &#8221;krushqia&#8221; e Sazanit me dhenderrin e Trump &#8211; Kushnerin tashme investitor strategjik ne Shqiperi me firmen e kopilllikun e Rames &#8230;as plaku Sorros qe po jeton ditet e tij te fundit e as i biri Aleksi&#8230;por edhe as Kimetja e tij e preferuar &#8230;nuk kane mundur dot ti sigurojne Rames nje ftese per 20 janarin e vecante ne Washington<\/p>\n<p>Nuk eshte fare cudi qe Rama qe i ben te gjitha &#8230; per te mos e ulur hunden, e per te mos u ndjere si i abandonuar e si i dhjere ne breke te bleje me cfaredo lloj cmimi nje ftese &#8211; bilete per te qene i pranishem ne kete ceremoni sic do te jene edhe shume te tjere nga Amerika e mbare bota&#8230;por thjesht si asistues okular, deshmitar, apo le ta quajme spektator ne kete ceremoni e JO si i ftuar zyrtar.<\/p>\n<p>Burime te mire informuara e konfidenciale saktesojne se ky eshte vetem starti e fillimi i nje shuplake te forte qe do te pasohet absolutisht edhe me te tjera te ngjashme ne vijim &#8230;ne fytyren e kryeministrit sharlatan e palaco te Shqiperise Rama&#8230;i cili dje e quante zgjedhjen e Trump -President te Amerikes si fundin e cmendurine e botes dhe gabimin me te rende e fatal te votuesve amerikane nese e votonin ate&#8230; &#8230;ndersa sot c&#8217;nuk po ben e po e kthen boten permbys vetem e vetem qe te kete nje ftese ne dore e te jete prezent e i pranishem ne ceremonine inaguruese te Trump.<\/p>\n<p>Uroj qe te ndodhe saktesisht keshtu e qe Shqiperia e shqiptaret perfshi ketu Kosoven e kosovaret qe pas 20 janarit 2025 e hyrjes se Trump ne White House te shohin e te prekin realisht Ameriken e llojit tjeter &#8230;dhe kurresesi jo me &#8230;Ameriken e Obames, Bidenit, Kamales , Blinkenit &#8230;te Donald Lu e Yuri Kim e sigurisht as edhe te famekeqit George Sorros &#8230; apo edhe te karagjozit Grenell&#8230;te cilet ju shkaktuan deme kolosale shqiptareve e vecmas ceshtjes se tyre kombetare nder vite.<\/p>\n<p>Ne llogjiken e kendveshtrimin tim personal&#8230;mos ftuarja e Rames ne ceremonine ne fjale eshte sinjali i pare serioz ndaj tij prej Washingtonit te pas 20 janarit &#8230;c&#8217;ka do te thote se Amerika e Trump si zorr te vazhdoje te jete me mikja, aleatja e parterja historike e gjeostrategjike e atyre qe sot jane ne pushtet ne Tirane.<\/p>\n<p>Daullet bien per ata qe kane vesh qe ti degjojne ato.<\/p>\n<p>A.R.D<\/p>\n","protected":false},"excerpt":{"rendered":"<p>Adriatik DOSTI Mes dhjetera e qindra te ftuarve nga mbare bota &#8230;figura te larta te politikes boterore, presidente, mbreter, kryeministra, kryetare partish , biznesmene te fuqishem, ambasadore, miliardere e milionere, figura te spikatura te artit, sportit, shkences, mjekesise, biznesit etj etj&#8230;emri i kryeministrit klloun te Shqiperise Edi Rama mungon ne listen e deritanishme [ te &hellip;<\/p>\n","protected":false},"author":4,"featured_media":101818,"comment_status":"closed","ping_status":"closed","sticky":false,"template":"","format":"standard","meta":{"footnotes":""},"categories":[37],"tags":[],"class_list":["post-101817","post","type-post","status-publish","format-standard","has-post-thumbnail","","category-politike"],"_links":{"self":[{"href":"https:\/\/rdnews.al\/index.php\/wp-json\/wp\/v2\/posts\/101817","targetHints":{"allow":["GET"]}}],"collection":[{"href":"https:\/\/rdnews.al\/index.php\/wp-json\/wp\/v2\/posts"}],"about":[{"href":"https:\/\/rdnews.al\/index.php\/wp-json\/wp\/v2\/types\/post"}],"author":[{"embeddable":true,"href":"https:\/\/rdnews.al\/index.php\/wp-json\/wp\/v2\/users\/4"}],"replies":[{"embeddable":true,"href":"https:\/\/rdnews.al\/index.php\/wp-json\/wp\/v2\/comments?post=101817"}],"version-history":[{"count":1,"href":"https:\/\/rdnews.al\/index.php\/wp-json\/wp\/v2\/posts\/101817\/revisions"}],"predecessor-version":[{"id":101819,"href":"https:\/\/rdnews.al\/index.php\/wp-json\/wp\/v2\/posts\/101817\/revisions\/101819"}],"wp:featuredmedia":[{"embeddable":true,"href":"https:\/\/rdnews.al\/index.php\/wp-json\/wp\/v2\/media\/101818"}],"wp:attachment":[{"href":"https:\/\/rdnews.al\/index.php\/wp-json\/wp\/v2\/media?parent=101817"}],"wp:term":[{"taxonomy":"category","embeddable":true,"href":"https:\/\/rdnews.al\/index.php\/wp-json\/wp\/v2\/categories?post=101817"},{"taxonomy":"post_tag","embeddable":true,"href":"https:\/\/rdnews.al\/index.php\/wp-json\/wp\/v2\/tags?post=101817"}],"curies":[{"name":"wp","href":"https:\/\/api.w.org\/{rel}","templated":true}]}}