{"id":101824,"date":"2025-01-19T21:52:54","date_gmt":"2025-01-19T21:52:54","guid":{"rendered":"https:\/\/rdnews.al\/?p=101824"},"modified":"2025-01-19T21:52:54","modified_gmt":"2025-01-19T21:52:54","slug":"diaspora-paralajmeruesja-e-fitores-se-11-majit","status":"publish","type":"post","link":"https:\/\/rdnews.al\/index.php\/2025\/01\/19\/diaspora-paralajmeruesja-e-fitores-se-11-majit\/","title":{"rendered":"Diaspora, paralajm\u00ebruesja e fitores s\u00eb 11 majit"},"content":{"rendered":"<p>Diaspora \u00ebsht\u00eb n\u00eb pararoj\u00eb t\u00eb fitores s\u00eb 11 majit dhe paralajm\u00ebruesja m\u00eb e qart\u00eb e k\u00ebtij suksesi. Emigrant\u00ebt shqiptar\u00eb kudo n\u00eb bot\u00eb jan\u00eb m\u00eb t\u00eb motivuar se kurr\u00eb p\u00ebr t\u00eb votuar dhe ndryshuar Shqip\u00ebrin\u00eb.<\/p>\n<p>P\u00ebrfaq\u00ebsuesit e Partis\u00eb Demokratike zhvilluan t\u00eb diel\u00ebn nj\u00eb takim madh\u00ebshtor n\u00eb Bershia t\u00eb Italis\u00eb.<\/p>\n<p>Drejtuesi politik i Qarkut t\u00eb Elbasanit, Tomor Alizoti, u shpreh mjaft entuziast p\u00ebr vot\u00ebn e Diaspor\u00ebs, q\u00eb do t\u00eb jet\u00eb p\u00ebr opozit\u00ebn.<\/p>\n<p>Alizoti theksoi: \u201cEmigrant\u00ebt shqiptar\u00eb n\u00eb Brescia i kan\u00eb rezervuar nj\u00eb pritje entuziaste p\u00ebrfaq\u00ebsuesve t\u00eb Partis\u00eb Demokratike, t\u00eb cil\u00ebt mor\u00ebn pjes\u00eb n\u00eb nj\u00eb takim masiv.<\/p>\n<p>Ishte takim shum\u00eb madh\u00ebshtor. Nj\u00eb takim i nisur nga kryetar\u00ebt e deg\u00ebs s\u00eb Qarkut t\u00eb Elbasanit dhe shum\u00eb t\u00eb tjer\u00eb q\u00eb na u bashkuan. Realizuam nj\u00eb takim t\u00eb till\u00eb, ku mbet\u00ebm t\u00eb surprizuar. Mbet\u00ebm t\u00eb surprizuar. Jan\u00eb takime natyrale, nuk jan\u00eb me administrat\u00eb, me ministra, jan\u00eb takime natyrale i demokrat\u00ebve., takim i v\u00ebrtet\u00eb.<\/p>\n<p>&nbsp;<\/p>\n","protected":false},"excerpt":{"rendered":"<p>Diaspora \u00ebsht\u00eb n\u00eb pararoj\u00eb t\u00eb fitores s\u00eb 11 majit dhe paralajm\u00ebruesja m\u00eb e qart\u00eb e k\u00ebtij suksesi. Emigrant\u00ebt shqiptar\u00eb kudo n\u00eb bot\u00eb jan\u00eb m\u00eb t\u00eb motivuar se kurr\u00eb p\u00ebr t\u00eb votuar dhe ndryshuar Shqip\u00ebrin\u00eb. P\u00ebrfaq\u00ebsuesit e Partis\u00eb Demokratike zhvilluan t\u00eb diel\u00ebn nj\u00eb takim madh\u00ebshtor n\u00eb Bershia t\u00eb Italis\u00eb. Drejtuesi politik i Qarkut t\u00eb Elbasanit, Tomor &hellip;<\/p>\n","protected":false},"author":3,"featured_media":101825,"comment_status":"closed","ping_status":"closed","sticky":false,"template":"","format":"standard","meta":{"footnotes":""},"categories":[37],"tags":[],"class_list":["post-101824","post","type-post","status-publish","format-standard","has-post-thumbnail","","category-politike"],"_links":{"self":[{"href":"https:\/\/rdnews.al\/index.php\/wp-json\/wp\/v2\/posts\/101824","targetHints":{"allow":["GET"]}}],"collection":[{"href":"https:\/\/rdnews.al\/index.php\/wp-json\/wp\/v2\/posts"}],"about":[{"href":"https:\/\/rdnews.al\/index.php\/wp-json\/wp\/v2\/types\/post"}],"author":[{"embeddable":true,"href":"https:\/\/rdnews.al\/index.php\/wp-json\/wp\/v2\/users\/3"}],"replies":[{"embeddable":true,"href":"https:\/\/rdnews.al\/index.php\/wp-json\/wp\/v2\/comments?post=101824"}],"version-history":[{"count":1,"href":"https:\/\/rdnews.al\/index.php\/wp-json\/wp\/v2\/posts\/101824\/revisions"}],"predecessor-version":[{"id":101826,"href":"https:\/\/rdnews.al\/index.php\/wp-json\/wp\/v2\/posts\/101824\/revisions\/101826"}],"wp:featuredmedia":[{"embeddable":true,"href":"https:\/\/rdnews.al\/index.php\/wp-json\/wp\/v2\/media\/101825"}],"wp:attachment":[{"href":"https:\/\/rdnews.al\/index.php\/wp-json\/wp\/v2\/media?parent=101824"}],"wp:term":[{"taxonomy":"category","embeddable":true,"href":"https:\/\/rdnews.al\/index.php\/wp-json\/wp\/v2\/categories?post=101824"},{"taxonomy":"post_tag","embeddable":true,"href":"https:\/\/rdnews.al\/index.php\/wp-json\/wp\/v2\/tags?post=101824"}],"curies":[{"name":"wp","href":"https:\/\/api.w.org\/{rel}","templated":true}]}}