{"id":101836,"date":"2025-01-19T22:13:58","date_gmt":"2025-01-19T22:13:58","guid":{"rendered":"https:\/\/rdnews.al\/?p=101836"},"modified":"2025-01-19T22:13:58","modified_gmt":"2025-01-19T22:13:58","slug":"trump-rikthen-tiktok-un-ne-shba","status":"publish","type":"post","link":"https:\/\/rdnews.al\/index.php\/2025\/01\/19\/trump-rikthen-tiktok-un-ne-shba\/","title":{"rendered":"Trump rikthen TikTok-un n\u00eb SHBA"},"content":{"rendered":"<p>\u2018TikTok-u\u2019 njoftoi t\u00eb diel\u00ebn se po rikthehej n\u00eb funksion pasi Presidenti i zgjedhur Donald Trump tha se do t\u00eb rikthente qasjen n\u00eb k\u00ebt\u00eb aplikacion n\u00eb Shtetet e Bashkuara kur t\u00eb merrte detyr\u00ebn t\u00eb h\u00ebn\u00ebn.<\/p>\n<p>Deklarata u b\u00eb pasi p\u00ebrdoruesit amerikan\u00eb njoftuan se ishin n\u00eb gjendje t\u00eb hynin n\u00eb faqen e internetit t\u00eb aplikacionit n\u00eb pron\u00ebsi kineze. Megjithat\u00eb, vet\u00eb aplikacioni \u2018TikTok\u2019 nuk dukej se mund t\u00eb p\u00ebrdorej menj\u00ebher\u00eb.<\/p>\n<p>\u201cN\u00eb marr\u00ebveshje me ata q\u00eb ofrojn\u00eb sh\u00ebrbimet tona, TikTok \u00ebsht\u00eb n\u00eb proces t\u00eb rikthimit n\u00eb funksionim\u201d, tha platforma e mediave sociale n\u00eb nj\u00eb deklarat\u00eb. Ajo gjithashtu fal\u00ebnderoi zotin Trump p\u00ebr \u201cofrimin e qart\u00ebsis\u00eb dhe garancis\u00eb s\u00eb nevojshme p\u00ebr ata q\u00eb ofrojn\u00eb sh\u00ebrbimet tona p\u00ebr mbi 170 milion\u00eb amerikan\u00eb se nuk do t\u00eb p\u00ebrballen me ndonj\u00eb nd\u00ebshkim dhe q\u00eb lejon mbi 7 milion\u00eb biznese t\u00eb vogla t\u00eb lul\u00ebzojn\u00eb\u201d.<\/p>\n<p>\u2018TikTok-u\u2019 ndaloi s\u00eb funksionuari p\u00ebr 170 milion\u00eb p\u00ebrdoruesit e tij amerikan\u00eb t\u00eb shtun\u00ebn n\u00eb mbr\u00ebmje pak para se t\u00eb hynte n\u00eb fuqi ligji p\u00ebr mbylljen e tij, p\u00ebr arsye t\u00eb siguris\u00eb komb\u00ebtare. Zyrtar\u00ebt amerikan\u00eb kishin paralajm\u00ebruar se n\u00ebn kompanin\u00eb m\u00ebm\u00eb kineze ByteDance, ekzistonte rreziku q\u00eb t\u00eb dh\u00ebnat e amerikan\u00ebve t\u00eb keqp\u00ebrdoreshin.<\/p>\n<p>&nbsp;<\/p>\n<p>&nbsp;<\/p>\n<p>Presidenti i zgjedhur Donald Trump tha se do t\u00eb \u201czgjaste periudh\u00ebn kohore p\u00ebrpara se ndalesat e p\u00ebrcaktuara nga ligji t\u00eb hyjn\u00eb n\u00eb fuqi, n\u00eb m\u00ebnyr\u00eb q\u00eb ne t\u00eb arrijm\u00eb nj\u00eb marr\u00ebveshje p\u00ebr t\u00eb mbrojtur sigurin\u00eb ton\u00eb komb\u00ebtare\u201d.<\/p>\n<p>\u201cUn\u00eb do t\u00eb doja q\u00eb Shtetet e Bashkuara t\u00eb ken\u00eb mbi 50% pron\u00ebsi\u201d, shkroi ai n\u00eb rrjetin social \u2018Truth\u2019.<\/p>\n<p>Zoti Trump tha se urdh\u00ebri ekzekutiv i tij do t\u00eb sqaronte se nuk do t\u00eb kishte asnj\u00eb p\u00ebrgjegj\u00ebsi p\u00ebr ndonj\u00eb kompani q\u00eb ndihmoi TikTok-un t\u00eb mos ndalonte s\u00eb funksionuari, p\u00ebrpara urdhrit t\u00eb tij.<\/p>\n<p>Presidenti i zgjedhur Trump kishte th\u00ebn\u00eb m\u00eb her\u00ebt se sipas t\u00eb gjitha gjasave do t\u2019i jepte platform\u00ebs s\u00eb mediave sociale \u2018TikTok\u2019 afat 90-ditor nga ndalimi, pasi t\u00eb merrte detyr\u00ebn. \u2018TikTok-u\u2019 e p\u00ebrmendi k\u00ebt\u00eb zotim t\u00eb zotit Trump n\u00eb njoftimin e publikuar p\u00ebr p\u00ebrdoruesit n\u00eb aplikacion.<\/p>\n<p>\u201cNj\u00eb ligj q\u00eb ndalon TikTok-un \u00ebsht\u00eb miratuar n\u00eb Shtetet e Bashkuara. P\u00ebr fat t\u00eb keq, kjo do t\u00eb thot\u00eb q\u00eb ju nuk mund t\u00eb p\u00ebrdorni TikTok-un p\u00ebr momentin. Jemi me fat q\u00eb Presidenti Trump ka treguar se ai do t\u00eb punoj\u00eb me ne p\u00ebr nj\u00eb zgjidhje p\u00ebr t\u00eb rikthyer n\u00eb funksionim TikTok-un, sapo t\u00eb marr\u00eb detyr\u00ebn\u201d, thot\u00eb mesazhi q\u00eb njoftoi p\u00ebrdoruesit e platform\u00ebs s\u00eb mediave sociale.<\/p>\n<p>Edhe n\u00ebse \u00ebsht\u00eb e p\u00ebrkohshme, mbyllja e paprecedent\u00eb e \u2018TikTok-ut\u2019 do t\u00eb ket\u00eb nj\u00eb ndikim t\u00eb gjer\u00eb n\u00eb marr\u00ebdh\u00ebniet SHBA-Kin\u00eb, politik\u00ebn e Shteteve t\u00eb Bashkuara, tregun e mediave sociale dhe miliona amerikan\u00eb q\u00eb varen nga aplikacioni ekonomikisht dhe nga pik\u00ebpamja kulturore.<\/p>\n","protected":false},"excerpt":{"rendered":"<p>\u2018TikTok-u\u2019 njoftoi t\u00eb diel\u00ebn se po rikthehej n\u00eb funksion pasi Presidenti i zgjedhur Donald Trump tha se do t\u00eb rikthente qasjen n\u00eb k\u00ebt\u00eb aplikacion n\u00eb Shtetet e Bashkuara kur t\u00eb merrte detyr\u00ebn t\u00eb h\u00ebn\u00ebn. Deklarata u b\u00eb pasi p\u00ebrdoruesit amerikan\u00eb njoftuan se ishin n\u00eb gjendje t\u00eb hynin n\u00eb faqen e internetit t\u00eb aplikacionit n\u00eb pron\u00ebsi &hellip;<\/p>\n","protected":false},"author":3,"featured_media":101837,"comment_status":"closed","ping_status":"closed","sticky":false,"template":"","format":"standard","meta":{"footnotes":""},"categories":[38],"tags":[],"class_list":["post-101836","post","type-post","status-publish","format-standard","has-post-thumbnail","","category-bota"],"_links":{"self":[{"href":"https:\/\/rdnews.al\/index.php\/wp-json\/wp\/v2\/posts\/101836","targetHints":{"allow":["GET"]}}],"collection":[{"href":"https:\/\/rdnews.al\/index.php\/wp-json\/wp\/v2\/posts"}],"about":[{"href":"https:\/\/rdnews.al\/index.php\/wp-json\/wp\/v2\/types\/post"}],"author":[{"embeddable":true,"href":"https:\/\/rdnews.al\/index.php\/wp-json\/wp\/v2\/users\/3"}],"replies":[{"embeddable":true,"href":"https:\/\/rdnews.al\/index.php\/wp-json\/wp\/v2\/comments?post=101836"}],"version-history":[{"count":1,"href":"https:\/\/rdnews.al\/index.php\/wp-json\/wp\/v2\/posts\/101836\/revisions"}],"predecessor-version":[{"id":101838,"href":"https:\/\/rdnews.al\/index.php\/wp-json\/wp\/v2\/posts\/101836\/revisions\/101838"}],"wp:featuredmedia":[{"embeddable":true,"href":"https:\/\/rdnews.al\/index.php\/wp-json\/wp\/v2\/media\/101837"}],"wp:attachment":[{"href":"https:\/\/rdnews.al\/index.php\/wp-json\/wp\/v2\/media?parent=101836"}],"wp:term":[{"taxonomy":"category","embeddable":true,"href":"https:\/\/rdnews.al\/index.php\/wp-json\/wp\/v2\/categories?post=101836"},{"taxonomy":"post_tag","embeddable":true,"href":"https:\/\/rdnews.al\/index.php\/wp-json\/wp\/v2\/tags?post=101836"}],"curies":[{"name":"wp","href":"https:\/\/api.w.org\/{rel}","templated":true}]}}