{"id":101909,"date":"2025-01-20T12:17:57","date_gmt":"2025-01-20T12:17:57","guid":{"rendered":"https:\/\/rdnews.al\/?p=101909"},"modified":"2025-01-20T12:17:57","modified_gmt":"2025-01-20T12:17:57","slug":"berisha-taulant-balla-dhe-lulzim-basha-jane-nje-binom-i-pandare-si-tymi-dhe-bloza","status":"publish","type":"post","link":"https:\/\/rdnews.al\/index.php\/2025\/01\/20\/berisha-taulant-balla-dhe-lulzim-basha-jane-nje-binom-i-pandare-si-tymi-dhe-bloza\/","title":{"rendered":"Berisha: Taulant Balla dhe Lulzim Basha jan\u00eb nj\u00eb binom i pandar\u00eb si tymi dhe bloza"},"content":{"rendered":"<p>Gjat\u00eb nj\u00eb konference p\u00ebr shtyp, kreu i PD, Sali Berisha thekson se, thirrja e tij \u00ebsht\u00eb p\u00ebr njer\u00ebzit e lir\u00eb, ata q\u00eb kan\u00eb q\u00ebndruar t\u00eb pap\u00ebrkulur dhe t\u00eb pavarur gjat\u00eb gjith\u00eb periudh\u00ebs s\u00eb pas viteve \u201990. Berisha tha se, Taulant Balla dhe Lulzim Basha jan\u00eb nj\u00eb binom i pandar\u00eb.<\/p>\n<p>\u201cUn\u00eb mendoj se thirrja ime kishte t\u00eb b\u00ebnte, dhe ka t\u00eb b\u00ebj\u00eb, vet\u00ebm me njer\u00ebz t\u00eb lir\u00eb.<\/p>\n<p>T\u00eb gjith\u00eb ata q\u00eb jan\u00eb t\u00eb lir\u00eb dhe jan\u00eb vetja e tyre, nga \u201990 gjer sot, pavar\u00ebsisht se \u00e7far\u00eb kan\u00eb menduar dhe mendojn\u00eb aktualisht p\u00ebr Sali Berish\u00ebn, jan\u00eb t\u00eb ftuar t\u00eb bashkohen.<\/p>\n<p>Por t\u00eb m\u00eb thoni ju p\u00ebr Lulzim Bash\u00ebn, ju mund t\u00eb m\u00eb thoni edhe p\u00ebr Taulant Ball\u00ebn pastaj.<\/p>\n<p>Taulant Balla dhe Lulzim Basha jan\u00eb nj\u00eb binom i pandar\u00eb.<\/p>\n<p>Aq sa mund t\u00eb ndash tymin nga bloza, aq mund t\u00eb ndash k\u00ebto dy persona\u201d, tha Berisha.<\/p>\n","protected":false},"excerpt":{"rendered":"<p>Gjat\u00eb nj\u00eb konference p\u00ebr shtyp, kreu i PD, Sali Berisha thekson se, thirrja e tij \u00ebsht\u00eb p\u00ebr njer\u00ebzit e lir\u00eb, ata q\u00eb kan\u00eb q\u00ebndruar t\u00eb pap\u00ebrkulur dhe t\u00eb pavarur gjat\u00eb gjith\u00eb periudh\u00ebs s\u00eb pas viteve \u201990. Berisha tha se, Taulant Balla dhe Lulzim Basha jan\u00eb nj\u00eb binom i pandar\u00eb. \u201cUn\u00eb mendoj se thirrja ime kishte &hellip;<\/p>\n","protected":false},"author":4,"featured_media":101910,"comment_status":"closed","ping_status":"closed","sticky":false,"template":"","format":"standard","meta":{"footnotes":""},"categories":[37],"tags":[],"class_list":["post-101909","post","type-post","status-publish","format-standard","has-post-thumbnail","","category-politike"],"_links":{"self":[{"href":"https:\/\/rdnews.al\/index.php\/wp-json\/wp\/v2\/posts\/101909","targetHints":{"allow":["GET"]}}],"collection":[{"href":"https:\/\/rdnews.al\/index.php\/wp-json\/wp\/v2\/posts"}],"about":[{"href":"https:\/\/rdnews.al\/index.php\/wp-json\/wp\/v2\/types\/post"}],"author":[{"embeddable":true,"href":"https:\/\/rdnews.al\/index.php\/wp-json\/wp\/v2\/users\/4"}],"replies":[{"embeddable":true,"href":"https:\/\/rdnews.al\/index.php\/wp-json\/wp\/v2\/comments?post=101909"}],"version-history":[{"count":1,"href":"https:\/\/rdnews.al\/index.php\/wp-json\/wp\/v2\/posts\/101909\/revisions"}],"predecessor-version":[{"id":101911,"href":"https:\/\/rdnews.al\/index.php\/wp-json\/wp\/v2\/posts\/101909\/revisions\/101911"}],"wp:featuredmedia":[{"embeddable":true,"href":"https:\/\/rdnews.al\/index.php\/wp-json\/wp\/v2\/media\/101910"}],"wp:attachment":[{"href":"https:\/\/rdnews.al\/index.php\/wp-json\/wp\/v2\/media?parent=101909"}],"wp:term":[{"taxonomy":"category","embeddable":true,"href":"https:\/\/rdnews.al\/index.php\/wp-json\/wp\/v2\/categories?post=101909"},{"taxonomy":"post_tag","embeddable":true,"href":"https:\/\/rdnews.al\/index.php\/wp-json\/wp\/v2\/tags?post=101909"}],"curies":[{"name":"wp","href":"https:\/\/api.w.org\/{rel}","templated":true}]}}