{"id":101927,"date":"2025-01-20T12:38:23","date_gmt":"2025-01-20T12:38:23","guid":{"rendered":"https:\/\/rdnews.al\/?p=101927"},"modified":"2025-01-20T12:40:22","modified_gmt":"2025-01-20T12:40:22","slug":"berisha-ps-ka-frike-nga-vota-e-diaspores","status":"publish","type":"post","link":"https:\/\/rdnews.al\/index.php\/2025\/01\/20\/berisha-ps-ka-frike-nga-vota-e-diaspores\/","title":{"rendered":"Berisha: PS ka frik\u00eb nga vota e diaspor\u00ebs!"},"content":{"rendered":"<p><strong>T\u00eb votojn\u00eb t\u00eb gjith\u00eb emigrant\u00ebt pavar\u00ebsisht kur i skadon dokumenti i l\u00ebshuar n\u00eb Shqip\u00ebri!<\/strong><\/p>\n<p>Lideri i opozit\u00ebs, Sali Berisha, shprehu shqet\u00ebsimin p\u00ebr munges\u00ebn e vullnetit nga ana e Partis\u00eb Socialiste p\u00ebr t\u00eb mb\u00ebshtetur t\u00eb drejt\u00ebn e vot\u00ebs p\u00ebr emigrant\u00ebt shqiptar\u00eb.<\/p>\n<p>Ai theksoi se PS ka frik\u00eb dhe tmerr nga diaspora dhe tenton t\u2019i mashtroj\u00eb ata, duke e quajtur k\u00ebt\u00eb nj\u00eb \u201calergji\u201d ndaj komunitetit t\u00eb emigrant\u00ebve, i cili, sipas tij, ka nj\u00eb q\u00ebndrim negativ ndaj \u201cpartis\u00eb s\u00eb krimit\u201d.<\/p>\n<p>\u201cKonstatoj nj\u00eb munges\u00eb t\u00eb madhe vullneti nga PS, ka frik\u00eb dhe tmerr nga vota e diaspor\u00ebs. Kjo \u00ebsht\u00eb e v\u00ebrteta, ju e keni par\u00eb se si i presin, si i p\u00ebrz\u00ebn\u00eb. Ka nj\u00eb alergji, t\u00eb themi realitetin.<\/p>\n<p>Emigracioni dhe diaspora ka nj\u00eb alergji ndaj partis\u00eb s\u00eb krimit, dhe k\u00ebta po shohin se si mund ti mashtrojn\u00eb.<\/p>\n<p>Ne ku q\u00ebndrojm\u00eb? Ne q\u00ebndrojm\u00eb q\u00eb \u00e7do emigrant duhet t\u00eb ket\u00eb t\u00eb drejt\u00eb t\u00eb veproj\u00eb me \u00e7do dokument t\u00eb l\u00ebshuar n\u00eb Shqip\u00ebri, pavar\u00ebsisht nga data e skadimit t\u00eb saj. \u00c7do emigrant me t\u00eb drejt\u00eb vote, q\u00eb ekziston n\u00eb listat e votimit duhet t\u00eb ket\u00eb t\u00eb drejt\u00eb t\u00eb votoj\u00eb me dokumentet biometrike t\u00eb vendit ku jeton.<\/p>\n<p>P\u00ebrjashtimi i emigrant\u00ebve p\u00ebr shkak t\u00eb munges\u00ebs s\u00eb dokumentit shqiptar, dhe z\u00ebvend\u00ebsimit q\u00eb i ka b\u00ebr\u00eb ai me dokumentin biometrik t\u00eb vendit ku jeton, \u00ebsht\u00eb nj\u00eb krim n\u00eb nivelin kushtetues.<\/p>\n<p>A merr pjes\u00eb apo jo, n\u00eb zgjedhje at\u00eb e p\u00ebrcakton lista e zgjedh\u00ebsve, ligji dhe kushtetuta.<\/p>\n<p>Ne sigurisht po e ndjekim, jemi t\u00eb gatsh\u00ebm t\u00eb votojm\u00eb ndryshime p\u00ebr hir t\u00eb emigrant\u00ebve, por ndryshime q\u00eb u sh\u00ebrbejn\u00eb v\u00ebrtet\u00eb atyre dhe jo seleksionimit t\u00eb tyre\u201d, tha Berisha.<\/p>\n","protected":false},"excerpt":{"rendered":"<p>T\u00eb votojn\u00eb t\u00eb gjith\u00eb emigrant\u00ebt pavar\u00ebsisht kur i skadon dokumenti i l\u00ebshuar n\u00eb Shqip\u00ebri! Lideri i opozit\u00ebs, Sali Berisha, shprehu shqet\u00ebsimin p\u00ebr munges\u00ebn e vullnetit nga ana e Partis\u00eb Socialiste p\u00ebr t\u00eb mb\u00ebshtetur t\u00eb drejt\u00ebn e vot\u00ebs p\u00ebr emigrant\u00ebt shqiptar\u00eb. Ai theksoi se PS ka frik\u00eb dhe tmerr nga diaspora dhe tenton t\u2019i mashtroj\u00eb ata, &hellip;<\/p>\n","protected":false},"author":4,"featured_media":101893,"comment_status":"closed","ping_status":"closed","sticky":false,"template":"","format":"standard","meta":{"footnotes":""},"categories":[37],"tags":[],"class_list":["post-101927","post","type-post","status-publish","format-standard","has-post-thumbnail","","category-politike"],"_links":{"self":[{"href":"https:\/\/rdnews.al\/index.php\/wp-json\/wp\/v2\/posts\/101927","targetHints":{"allow":["GET"]}}],"collection":[{"href":"https:\/\/rdnews.al\/index.php\/wp-json\/wp\/v2\/posts"}],"about":[{"href":"https:\/\/rdnews.al\/index.php\/wp-json\/wp\/v2\/types\/post"}],"author":[{"embeddable":true,"href":"https:\/\/rdnews.al\/index.php\/wp-json\/wp\/v2\/users\/4"}],"replies":[{"embeddable":true,"href":"https:\/\/rdnews.al\/index.php\/wp-json\/wp\/v2\/comments?post=101927"}],"version-history":[{"count":1,"href":"https:\/\/rdnews.al\/index.php\/wp-json\/wp\/v2\/posts\/101927\/revisions"}],"predecessor-version":[{"id":101929,"href":"https:\/\/rdnews.al\/index.php\/wp-json\/wp\/v2\/posts\/101927\/revisions\/101929"}],"wp:featuredmedia":[{"embeddable":true,"href":"https:\/\/rdnews.al\/index.php\/wp-json\/wp\/v2\/media\/101893"}],"wp:attachment":[{"href":"https:\/\/rdnews.al\/index.php\/wp-json\/wp\/v2\/media?parent=101927"}],"wp:term":[{"taxonomy":"category","embeddable":true,"href":"https:\/\/rdnews.al\/index.php\/wp-json\/wp\/v2\/categories?post=101927"},{"taxonomy":"post_tag","embeddable":true,"href":"https:\/\/rdnews.al\/index.php\/wp-json\/wp\/v2\/tags?post=101927"}],"curies":[{"name":"wp","href":"https:\/\/api.w.org\/{rel}","templated":true}]}}