{"id":102087,"date":"2025-01-22T09:15:36","date_gmt":"2025-01-22T09:15:36","guid":{"rendered":"https:\/\/rdnews.al\/?p=102087"},"modified":"2025-01-22T11:57:25","modified_gmt":"2025-01-22T11:57:25","slug":"rama-e-ka-te-humbur-shkodren-ndaj-po-perdor-spk-un-per-te-goditur-bardh-spahine","status":"publish","type":"post","link":"https:\/\/rdnews.al\/index.php\/2025\/01\/22\/rama-e-ka-te-humbur-shkodren-ndaj-po-perdor-spk-un-per-te-goditur-bardh-spahine\/","title":{"rendered":"Rama e ka t\u00eb humbur Shkodr\u00ebn ndaj po p\u00ebrdor SPAK-un p\u00ebr t\u00eb goditur Bardh Spahin\u00eb"},"content":{"rendered":"<p><strong>Eliona Kodra Shkreli<\/strong><br \/>\n<em><strong>Kryetare e PD Shkod\u00ebr\u00a0<\/strong><\/em><\/p>\n<p>Bardh Spahia nuk shkoi n\u00eb SPAK e as nuk u mor i pandehur p\u00ebr tendera korruptiv\u00eb apo lidhje me grupe kriminale. Bardh Spahia u mor i pandehur t\u00ebr\u00ebsisht politikisht p\u00ebr shkarkimin e nj\u00eb drejtuesi q\u00eb Uj\u00ebsjell\u00ebsin e kishte kthyer n\u00eb pron\u00eb private.<\/p>\n<p>Gjykimin mbi shkarkimin e ish drejtuesit t\u00eb Uj\u00ebsjell\u00ebsit e dhan\u00eb qytetar\u00ebt shkodran\u00eb dhe kjo s\u2019ka nevoj\u00eb p\u00ebr asnj\u00eb koment m\u00eb shum\u00eb. Bardh Spahia, n\u00eb cil\u00ebsin\u00eb e kryebashkiakut t\u00eb at\u00ebhersh\u00ebm, zbatoi vet\u00ebm tagrin q\u00eb i kishte dh\u00ebn\u00eb ligji.<\/p>\n<p>Pse SPAK nuk merr t\u00eb pandehur Benet Becin, i cili ka shkarkuar nga puna demokrat\u00ebt, \u2018pastroi\u2019 administrat\u00ebn p\u00ebr t\u00eb em\u00ebruar patronazhist\u00eb dhe rilindas?<\/p>\n<p>Pse nuk merret SPAK me Becin i cili po humb t\u00eb gjitha \u00e7\u00ebshtjet gjyq\u00ebsore p\u00ebr shkarkimet e padrejta q\u00eb ka b\u00ebr\u00eb ndaj demokrat\u00ebve, dhe t\u00eb gjitha parat\u00eb e d\u00ebmshp\u00ebrblimeve po paguhen nga taksat e qytetar\u00ebve shkodran\u00eb?<\/p>\n<p>Kjo \u00ebsht\u00eb drejt\u00ebsia e SPAK?<\/p>\n<p>Bardh Spahia po p\u00ebrdoret \u201cmish p\u00ebr top\u201d nga drejt\u00ebsia e Ram\u00ebs, i cili duke par\u00eb se Shkodr\u00ebn e ka t\u00eb humbur k\u00ebt\u00eb radh\u00eb po mundohet t\u00eb intimidoj\u00eb figurat e opozit\u00ebs p\u00ebr t\u00eb mbuluar korrupsionin dhe zullumin e t\u00eb zgjedhurit t\u00eb Tij, Beci, i cili p\u00ebrdit\u00eb e m\u00eb shum\u00eb po zhg\u00ebnjen liderin suprem me skandalet dhe pak\u00ebnaq\u00ebsit\u00eb q\u00eb ka ngjallur tek banor\u00ebt e Shkodr\u00ebs por edhe tek strukturat e PS n\u00eb Shkod\u00ebr!<\/p>\n<p>Kjo \u00ebsht\u00eb frika e Ram\u00ebs dhe Becit t\u00eb cil\u00ebt t\u00eb ndodhur p\u00ebrball\u00eb pak\u00ebnaq\u00ebsive t\u00eb Shkodr\u00ebs ndaj tyre, mundohen t\u00eb hedhin balt\u00eb ndaj opozit\u00ebs duke \u201cp\u00ebrdorur\u201d drejt\u00ebsin\u00eb e kapur nga pushteti diktatorial Ramist!<\/p>\n<p>Veprime t\u00eb tilla jan\u00eb sulme t\u00eb pastra politike ndaj Partis\u00eb Demokratike dhe eksponet\u00ebve t\u00eb saj, me qellimin e vet\u00ebm frik\u00ebsimin dhe pastrimin e terrenit p\u00ebr grabitjen edhe nj\u00ebher\u00eb t\u00eb Shkodres. Por nuk do ia dalin!<\/p>\n<p>Fitorja e PD fillon nga Shkodra!<\/p>\n<p><a href=\"https:\/\/www.facebook.com\/hashtag\/%C3%ABsht%C3%ABradhajon%C3%AB?__eep__=6&amp;__cft__%5b0%5d=AZUc-jsfawIuvOq3K2WlBcmithzsYxmjlLPf1lCY8BD44LwlQmFCStS_lJE_qnnFSoTKDn7sgtAdigW28FDU_7CtngIykcurX98mj8trGqTmLhRlDV3gc7BZog6LH2-kqCRW7ogjD6mQf4t_xnxynEiwbcIq8Wpb3Fuw-d1N8oaVz9ETN0qlYI9p6gudLiRTpi-TfGd1n2sXJRYh23wMrmaebCTCTXfeEtBCIBUzTCpWTg&amp;__tn__=*NK-R\" target=\"_blank\" rel=\"noopener\">#\u00cbsht\u00ebRadhaJon\u00eb<\/a><\/p>\n<p><a href=\"https:\/\/www.facebook.com\/hashtag\/fitorjafillonngashkodra?__eep__=6&amp;__cft__%5b0%5d=AZUc-jsfawIuvOq3K2WlBcmithzsYxmjlLPf1lCY8BD44LwlQmFCStS_lJE_qnnFSoTKDn7sgtAdigW28FDU_7CtngIykcurX98mj8trGqTmLhRlDV3gc7BZog6LH2-kqCRW7ogjD6mQf4t_xnxynEiwbcIq8Wpb3Fuw-d1N8oaVz9ETN0qlYI9p6gudLiRTpi-TfGd1n2sXJRYh23wMrmaebCTCTXfeEtBCIBUzTCpWTg&amp;__tn__=*NK-R\" target=\"_blank\" rel=\"noopener\">#FitorjaFillonNgaShkodra<\/a><\/p>\n<p><img loading=\"lazy\" decoding=\"async\" class=\"alignnone size-medium wp-image-6304\" src=\"https:\/\/rdnews.al\/wp-content\/uploads\/2022\/03\/Spahia1-300x166.jpg\" alt=\"\" width=\"300\" height=\"166\" srcset=\"https:\/\/rdnews.al\/wp-content\/uploads\/2022\/03\/Spahia1-300x166.jpg 300w, https:\/\/rdnews.al\/wp-content\/uploads\/2022\/03\/Spahia1-768x424.jpg 768w, https:\/\/rdnews.al\/wp-content\/uploads\/2022\/03\/Spahia1.jpg 800w\" sizes=\"auto, (max-width: 300px) 100vw, 300px\" \/><\/p>\n","protected":false},"excerpt":{"rendered":"<p>Eliona Kodra Shkreli Kryetare e PD Shkod\u00ebr\u00a0 Bardh Spahia nuk shkoi n\u00eb SPAK e as nuk u mor i pandehur p\u00ebr tendera korruptiv\u00eb apo lidhje me grupe kriminale. Bardh Spahia u mor i pandehur t\u00ebr\u00ebsisht politikisht p\u00ebr shkarkimin e nj\u00eb drejtuesi q\u00eb Uj\u00ebsjell\u00ebsin e kishte kthyer n\u00eb pron\u00eb private. Gjykimin mbi shkarkimin e ish drejtuesit &hellip;<\/p>\n","protected":false},"author":4,"featured_media":96563,"comment_status":"closed","ping_status":"closed","sticky":false,"template":"","format":"standard","meta":{"footnotes":""},"categories":[37],"tags":[],"class_list":["post-102087","post","type-post","status-publish","format-standard","has-post-thumbnail","","category-politike"],"_links":{"self":[{"href":"https:\/\/rdnews.al\/index.php\/wp-json\/wp\/v2\/posts\/102087","targetHints":{"allow":["GET"]}}],"collection":[{"href":"https:\/\/rdnews.al\/index.php\/wp-json\/wp\/v2\/posts"}],"about":[{"href":"https:\/\/rdnews.al\/index.php\/wp-json\/wp\/v2\/types\/post"}],"author":[{"embeddable":true,"href":"https:\/\/rdnews.al\/index.php\/wp-json\/wp\/v2\/users\/4"}],"replies":[{"embeddable":true,"href":"https:\/\/rdnews.al\/index.php\/wp-json\/wp\/v2\/comments?post=102087"}],"version-history":[{"count":2,"href":"https:\/\/rdnews.al\/index.php\/wp-json\/wp\/v2\/posts\/102087\/revisions"}],"predecessor-version":[{"id":102128,"href":"https:\/\/rdnews.al\/index.php\/wp-json\/wp\/v2\/posts\/102087\/revisions\/102128"}],"wp:featuredmedia":[{"embeddable":true,"href":"https:\/\/rdnews.al\/index.php\/wp-json\/wp\/v2\/media\/96563"}],"wp:attachment":[{"href":"https:\/\/rdnews.al\/index.php\/wp-json\/wp\/v2\/media?parent=102087"}],"wp:term":[{"taxonomy":"category","embeddable":true,"href":"https:\/\/rdnews.al\/index.php\/wp-json\/wp\/v2\/categories?post=102087"},{"taxonomy":"post_tag","embeddable":true,"href":"https:\/\/rdnews.al\/index.php\/wp-json\/wp\/v2\/tags?post=102087"}],"curies":[{"name":"wp","href":"https:\/\/api.w.org\/{rel}","templated":true}]}}