{"id":102099,"date":"2025-01-22T09:40:02","date_gmt":"2025-01-22T09:40:02","guid":{"rendered":"https:\/\/rdnews.al\/?p=102099"},"modified":"2025-01-22T09:40:02","modified_gmt":"2025-01-22T09:40:02","slug":"elbasani-nga-qyteti-i-arsimit-ne-qytet-i-krimit","status":"publish","type":"post","link":"https:\/\/rdnews.al\/index.php\/2025\/01\/22\/elbasani-nga-qyteti-i-arsimit-ne-qytet-i-krimit\/","title":{"rendered":"Elbasani, nga qyteti i Arsimit n\u00eb qytet i krimit!"},"content":{"rendered":"<p><strong>Nga Alesia BALLIU<\/strong><\/p>\n<p>P\u00ebr kushtet ku ndodhej Shqip\u00ebria n\u00eb at\u00eb periudh\u00eb, hapja e nj\u00eb shkolle t\u00eb mesme p\u00ebr p\u00ebrgatitjen e m\u00ebsuesve t\u00eb par\u00eb shqiptar\u00eb p\u00ebrb\u00ebnte nj\u00eb hap t\u00eb madh p\u00ebrpara. N\u00eb Kongresin e Elbasanit u vendos q\u00eb kjo shkoll\u00eb t\u00eb ngrihej pik\u00ebrisht n\u00eb k\u00ebt\u00eb qytet, duke i dh\u00ebn\u00eb atij nj\u00eb rol t\u00eb paz\u00ebvend\u00ebsuesh\u00ebm n\u00eb zhvillimin e arsimit dhe kultur\u00ebs shqiptare. Ky vendim tregon jo vet\u00ebm r\u00ebnd\u00ebsin\u00eb e Elbasanit n\u00eb historin\u00eb komb\u00ebtare, por edhe kontributin e tij t\u00eb vyer n\u00eb nd\u00ebrtimin e themeleve t\u00eb nj\u00eb kombi t\u00eb arsimuar.<\/p>\n<p>E sjell k\u00ebt\u00eb fragment historie p\u00ebr t\u00eb kujtuar arsyet pse elbasanasit duhet t\u00eb ndihen krenar\u00eb dhe t\u00eb ecin me kok\u00ebn lart. Ky qytet, djep i kultur\u00ebs dhe arsimit, ka mbajtur gjithmon\u00eb nj\u00eb pesh\u00eb t\u00eb ve\u00e7ant\u00eb n\u00eb identitetin komb\u00ebtar shqiptar. Fatkeq\u00ebsisht, sot, krenaria dhe trash\u00ebgimia e Elbasanit po sfidohen nga nj\u00eb qeverisje q\u00eb, p\u00ebrve\u00e7se ka deformuar struktur\u00ebn sociale t\u00eb qytetit, po l\u00eb n\u00eb harres\u00eb dhe shp\u00ebrfillje historin\u00eb dhe vlerat e tij.<\/p>\n<p>Elbasani \u00ebsht\u00eb nd\u00ebr qytetet q\u00eb ka vuajtur m\u00eb shum\u00eb nga keqqeverisja e viteve t\u00eb fundit. Shikoni reja e zez\u00eb t\u00eb ndotjes q\u00eb ngrihet nga metalurgjiku dhe do t\u00eb kuptoni se ky qytet po mbytet nga mungesa e nj\u00eb menaxhimi t\u00eb p\u00ebrgjegjsh\u00ebm dhe nga korrupsioni i p\u00ebrhapur. Nj\u00eb re tjet\u00ebr, m\u00eb e r\u00ebnd\u00eb, \u00ebsht\u00eb ajo e varf\u00ebris\u00eb dhe pesimizmit q\u00eb ka pllakosur qytetin. Nga nj\u00eb vend q\u00eb gum\u00ebzhinte nga z\u00ebrat e student\u00ebve, sot Elbasani po vuan largimin e rinis\u00eb dhe mbylljen e deg\u00ebve universitare, nj\u00eb proces q\u00eb jo vet\u00ebm d\u00ebmtoi arsimin, por edhe ndikoi negativisht n\u00eb ekonomin\u00eb lokale. Me mbylljen e universiteteve dhe largimin e student\u00ebve, shum\u00eb biznese t\u00eb lidhura me jet\u00ebn studentore u zhduk\u00ebn, duke l\u00ebn\u00eb qytetin m\u00eb t\u00eb varf\u00ebr dhe m\u00eb t\u00eb heshtur.<\/p>\n<p>P\u00ebrve\u00e7 k\u00ebsaj, qyteti, i njohur dikur si djepi i arsimit, po p\u00ebrballet me nj\u00eb transformim t\u00eb dhimbsh\u00ebm. N\u00eb vend q\u00eb t\u00eb p\u00ebrmendet p\u00ebr kultur\u00ebn dhe arsimin, Elbasani p\u00ebrmendet gjithnj\u00eb e m\u00eb shum\u00eb n\u00eb media p\u00ebr krimin dhe bandat. Ky realitet i zymt\u00eb \u00ebsht\u00eb nj\u00eb pasqyr\u00eb e tjet\u00ebrsimit q\u00eb ka ndodhur n\u00eb vite dhe nj\u00eb thirrje p\u00ebr t\u00eb gjith\u00eb ne q\u00eb t\u00eb reagojm\u00eb.<\/p>\n<p>Nuk duhet t\u00eb lejojm\u00eb q\u00eb dekadenca t\u00eb rr\u00ebnoj\u00eb k\u00ebt\u00eb qytet t\u00eb lavdish\u00ebm. \u00cbsht\u00eb koha t\u00eb b\u00ebhemi bashk\u00eb p\u00ebr t\u00eb sjell\u00eb ndryshimin, p\u00ebr t\u00eb kthyer Elbasanin n\u00eb at\u00eb q\u00eb ka qen\u00eb dikur \u2013 nj\u00eb simbol i arsimit, kultur\u00ebs dhe dinjitetit. Vet\u00ebm duke bashk\u00ebpunuar mund t&#8217;i japim qytetit ton\u00eb fytyr\u00ebn q\u00eb i takon dhe t\u00eb rikthejm\u00eb krenarin\u00eb p\u00ebr brezat e ardhsh\u00ebm.<\/p>\n","protected":false},"excerpt":{"rendered":"<p>Nga Alesia BALLIU P\u00ebr kushtet ku ndodhej Shqip\u00ebria n\u00eb at\u00eb periudh\u00eb, hapja e nj\u00eb shkolle t\u00eb mesme p\u00ebr p\u00ebrgatitjen e m\u00ebsuesve t\u00eb par\u00eb shqiptar\u00eb p\u00ebrb\u00ebnte nj\u00eb hap t\u00eb madh p\u00ebrpara. N\u00eb Kongresin e Elbasanit u vendos q\u00eb kjo shkoll\u00eb t\u00eb ngrihej pik\u00ebrisht n\u00eb k\u00ebt\u00eb qytet, duke i dh\u00ebn\u00eb atij nj\u00eb rol t\u00eb paz\u00ebvend\u00ebsuesh\u00ebm n\u00eb zhvillimin &hellip;<\/p>\n","protected":false},"author":4,"featured_media":102100,"comment_status":"closed","ping_status":"closed","sticky":false,"template":"","format":"standard","meta":{"footnotes":""},"categories":[44],"tags":[],"class_list":["post-102099","post","type-post","status-publish","format-standard","has-post-thumbnail","","category-editorial"],"_links":{"self":[{"href":"https:\/\/rdnews.al\/index.php\/wp-json\/wp\/v2\/posts\/102099","targetHints":{"allow":["GET"]}}],"collection":[{"href":"https:\/\/rdnews.al\/index.php\/wp-json\/wp\/v2\/posts"}],"about":[{"href":"https:\/\/rdnews.al\/index.php\/wp-json\/wp\/v2\/types\/post"}],"author":[{"embeddable":true,"href":"https:\/\/rdnews.al\/index.php\/wp-json\/wp\/v2\/users\/4"}],"replies":[{"embeddable":true,"href":"https:\/\/rdnews.al\/index.php\/wp-json\/wp\/v2\/comments?post=102099"}],"version-history":[{"count":1,"href":"https:\/\/rdnews.al\/index.php\/wp-json\/wp\/v2\/posts\/102099\/revisions"}],"predecessor-version":[{"id":102101,"href":"https:\/\/rdnews.al\/index.php\/wp-json\/wp\/v2\/posts\/102099\/revisions\/102101"}],"wp:featuredmedia":[{"embeddable":true,"href":"https:\/\/rdnews.al\/index.php\/wp-json\/wp\/v2\/media\/102100"}],"wp:attachment":[{"href":"https:\/\/rdnews.al\/index.php\/wp-json\/wp\/v2\/media?parent=102099"}],"wp:term":[{"taxonomy":"category","embeddable":true,"href":"https:\/\/rdnews.al\/index.php\/wp-json\/wp\/v2\/categories?post=102099"},{"taxonomy":"post_tag","embeddable":true,"href":"https:\/\/rdnews.al\/index.php\/wp-json\/wp\/v2\/tags?post=102099"}],"curies":[{"name":"wp","href":"https:\/\/api.w.org\/{rel}","templated":true}]}}