{"id":102102,"date":"2025-01-22T09:44:06","date_gmt":"2025-01-22T09:44:06","guid":{"rendered":"https:\/\/rdnews.al\/?p=102102"},"modified":"2025-01-22T10:00:14","modified_gmt":"2025-01-22T10:00:14","slug":"peleshi-maskon-zyren-e-ps-si-zyre-te-kqz-prane-konsullates-shqiptare-ne-selanik-per-te-manipuluar-voten-e-diaspores","status":"publish","type":"post","link":"https:\/\/rdnews.al\/index.php\/2025\/01\/22\/peleshi-maskon-zyren-e-ps-si-zyre-te-kqz-prane-konsullates-shqiptare-ne-selanik-per-te-manipuluar-voten-e-diaspores\/","title":{"rendered":"PD: Peleshi &#8220;maskon&#8221; zyr\u00ebn e PS si zyr\u00eb t\u00eb KQZ pran\u00eb Konsullat\u00ebs n\u00eb Selanik p\u00ebr t\u00eb manipuluar vot\u00ebn e diaspor\u00ebs"},"content":{"rendered":"<p>Deklarata e t\u00eb deleguarit politik t\u00eb PD n\u00eb Kor\u00e7\u00eb, Ivi Kaso:<\/p>\n<p>Niko Peleshi, prej 21 vjet\u00ebsh n\u00eb pushtet, sa n\u00eb Kor\u00e7\u00eb e sa n\u00eb Tiran\u00eb, p\u00ebr t\u00eb mbetur n\u00eb pushtet sa m\u00eb gjat\u00eb \u00ebsht\u00eb gati t\u00eb b\u00ebj\u00eb gjith\u00e7ka brenda e jasht\u00eb ligjit.<\/p>\n<p>Ai, bashk\u00eb me lukunin\u00eb e ministrave dhe drejtor\u00ebve t\u00eb pushtetit, jan\u00eb sulur n\u00eb Greqi e gjetk\u00eb, p\u00ebr t\u00eb patronazhuar vullnetin e shqiptar\u00ebve duke keqp\u00ebrdorur t\u00eb dh\u00ebnat e tyre.<\/p>\n<p>Si pjes\u00eb e k\u00ebtij plani p\u00ebr manipulim t\u00eb vot\u00ebs s\u00eb 11 majit, ai ka hapur nj\u00eb zyr\u00eb t\u00eb PS ngjitur me konsullat\u00ebn e Shqip\u00ebris\u00eb n\u00eb Selanik dhe e paraqet si zyr\u00eb shtet\u00ebrore t\u00eb KQZ. Si\u00e7 \u00ebsht\u00eb n\u00eb tradit\u00ebn e komunist\u00ebve, p\u00ebrziejn\u00eb shtetin me partin\u00eb.<\/p>\n<p>U b\u00ebjm\u00eb thirrje shqiptar\u00ebve n\u00eb Greqi q\u00eb t\u00eb mos g\u00ebnjehen nga af\u00ebrsia e zyr\u00ebs me konsullat\u00ebn shqiptare, edhe kjo nj\u00eb shkelje m\u00eb vete, dhe t\u00eb kuptojn\u00eb se t\u00eb dh\u00ebnat q\u00eb japin aty i shkojn\u00eb PS dhe rrjetit t\u00eb patronazhimit.<\/p>\n<p>Komisionerit shtet\u00ebror t\u00eb zgjedhjeve i b\u00ebjm\u00eb thirrje t\u00eb sqaroj\u00eb qytetar\u00ebt se KQZ ka zyra vet\u00ebm n\u00eb Tiran\u00eb dhe operon p\u00ebrmes sajtit zyrtar online.<\/p>\n<p>\u00c7do zyr\u00eb q\u00eb paraqitet si e KQZ \u00ebsht\u00eb nj\u00eb p\u00ebrpjekje e Rilindjes p\u00ebr t\u00eb manipuluar dhe g\u00ebnjyer emigrant\u00ebt shqiptar\u00eb.<\/p>\n<p>Patronazhimi dhe keqp\u00ebrdorimi i t\u00eb dh\u00ebnave personale n\u00eb k\u00ebto zyra c\u00ebnon standardin e zgjedhjeve, rr\u00ebmben kompetencat dhe autoritetin e KQZ dhe p\u00ebrb\u00ebn vep\u00ebr penale.<\/p>\n<p>Pamjet e shumta dhe flagrante t\u00eb k\u00ebtyre zyrave t\u00eb pushtetit t\u00eb hapura n\u00eb diaspor\u00eb, do t\u00eb duhet t\u00eb ishin motiv shqet\u00ebsimi si p\u00ebr Komisionerin e t\u00eb dh\u00ebnave personale, i cili s\u2019ka hezituar t\u00eb marr\u00eb masa dhe gjobis\u00eb opozit\u00ebn n\u00eb zgjedhjet vendore.<\/p>\n<p>Zyrat elektorale p\u00ebr patronazhimin e t\u00eb dh\u00ebnave, duhet t\u00eb jen\u00eb n\u00eb v\u00ebmendje edhe t\u00eb SPAK-ut, i cili duhet t\u00eb hetoj\u00eb jo vet\u00ebm burimin e financimit t\u00eb tyre por dhe t\u00eb hetoj\u00eb e parandaloj\u00eb q\u00eb nga zyra patronazhimi t\u00eb mos kthehen n\u00eb zyra shitblerje vote.<\/p>\n<p>PD do t\u00eb jet\u00eb vigjilente n\u00eb monitorimin e tyre dhe m\u00eb referimin n\u00eb organet ligjzbatuese t\u00eb \u00e7do shkelje q\u00eb ndodh n\u00eb to, dhe p\u00ebr k\u00ebt\u00eb fton gjith\u00eb qytetar\u00ebt n\u00eb diaspor\u00eb t\u00eb denoncojn\u00eb pran\u00eb PD \u00e7do shkelje q\u00eb ndodh n\u00eb to.<\/p>\n<p>Nd\u00ebrkoh\u00eb, Nikos q\u00eb garon t\u00eb dal\u00eb kampion i manipulimit t\u00eb vullnetit t\u00eb zgjedh\u00ebsve p\u00ebr t\u2019ju rikthyer n\u00eb qejf shefit t\u00eb vet, i themi q\u00eb kor\u00e7ar\u00ebt, pogradecar\u00ebt, devollinjt\u00eb, por edhe Maliqi e Pusteci e kan\u00eb ndar\u00eb mendjen q\u00eb t\u00eb mos votojn\u00eb p\u00ebr p\u00ebrmbushjen e \u00e7erek shekullit t\u00eb Nikos n\u00eb pushtet, por p\u00ebr t\u00eb ardhmen e f\u00ebmij\u00ebve dhe vendit t\u00eb tyre.<\/p>\n","protected":false},"excerpt":{"rendered":"<p>Deklarata e t\u00eb deleguarit politik t\u00eb PD n\u00eb Kor\u00e7\u00eb, Ivi Kaso: Niko Peleshi, prej 21 vjet\u00ebsh n\u00eb pushtet, sa n\u00eb Kor\u00e7\u00eb e sa n\u00eb Tiran\u00eb, p\u00ebr t\u00eb mbetur n\u00eb pushtet sa m\u00eb gjat\u00eb \u00ebsht\u00eb gati t\u00eb b\u00ebj\u00eb gjith\u00e7ka brenda e jasht\u00eb ligjit. Ai, bashk\u00eb me lukunin\u00eb e ministrave dhe drejtor\u00ebve t\u00eb pushtetit, jan\u00eb sulur n\u00eb &hellip;<\/p>\n","protected":false},"author":4,"featured_media":102103,"comment_status":"closed","ping_status":"closed","sticky":false,"template":"","format":"standard","meta":{"footnotes":""},"categories":[37],"tags":[],"class_list":["post-102102","post","type-post","status-publish","format-standard","has-post-thumbnail","","category-politike"],"_links":{"self":[{"href":"https:\/\/rdnews.al\/index.php\/wp-json\/wp\/v2\/posts\/102102","targetHints":{"allow":["GET"]}}],"collection":[{"href":"https:\/\/rdnews.al\/index.php\/wp-json\/wp\/v2\/posts"}],"about":[{"href":"https:\/\/rdnews.al\/index.php\/wp-json\/wp\/v2\/types\/post"}],"author":[{"embeddable":true,"href":"https:\/\/rdnews.al\/index.php\/wp-json\/wp\/v2\/users\/4"}],"replies":[{"embeddable":true,"href":"https:\/\/rdnews.al\/index.php\/wp-json\/wp\/v2\/comments?post=102102"}],"version-history":[{"count":3,"href":"https:\/\/rdnews.al\/index.php\/wp-json\/wp\/v2\/posts\/102102\/revisions"}],"predecessor-version":[{"id":102107,"href":"https:\/\/rdnews.al\/index.php\/wp-json\/wp\/v2\/posts\/102102\/revisions\/102107"}],"wp:featuredmedia":[{"embeddable":true,"href":"https:\/\/rdnews.al\/index.php\/wp-json\/wp\/v2\/media\/102103"}],"wp:attachment":[{"href":"https:\/\/rdnews.al\/index.php\/wp-json\/wp\/v2\/media?parent=102102"}],"wp:term":[{"taxonomy":"category","embeddable":true,"href":"https:\/\/rdnews.al\/index.php\/wp-json\/wp\/v2\/categories?post=102102"},{"taxonomy":"post_tag","embeddable":true,"href":"https:\/\/rdnews.al\/index.php\/wp-json\/wp\/v2\/tags?post=102102"}],"curies":[{"name":"wp","href":"https:\/\/api.w.org\/{rel}","templated":true}]}}