{"id":102211,"date":"2025-01-23T11:59:38","date_gmt":"2025-01-23T11:59:38","guid":{"rendered":"https:\/\/rdnews.al\/?p=102211"},"modified":"2025-01-23T11:59:38","modified_gmt":"2025-01-23T11:59:38","slug":"vetem-ne-nje-vit-iken-465-mjeke-dhe-infermiere-nga-shqiperia","status":"publish","type":"post","link":"https:\/\/rdnews.al\/index.php\/2025\/01\/23\/vetem-ne-nje-vit-iken-465-mjeke-dhe-infermiere-nga-shqiperia\/","title":{"rendered":"Vet\u00ebm n\u00eb nj\u00eb vit ik\u00ebn 465 mjek\u00eb dhe infermier\u00eb nga Shqip\u00ebria"},"content":{"rendered":"<p>Pavar\u00ebsisht rritjes s\u00eb vazhdueshme t\u00eb numrit t\u00eb mjek\u00ebve, infermier\u00ebve dhe punonj\u00ebsve t\u00eb tjer\u00eb sh\u00ebndet\u00ebsor\u00eb gjat\u00eb dekadave t\u00eb fundit, fuqia pun\u00ebtore n\u00eb sh\u00ebndet\u00ebsin\u00eb Europiane po p\u00ebrballet me kriz\u00eb thot\u00eb nj\u00eb studim i fundit i BE-s\u00eb mbi gjendjen sh\u00ebndet\u00ebsore n\u00eb Europ\u00eb p\u00ebr vitin 2024.<\/p>\n<div class=\"jeg_ad jeg_ad_article jnews_content_inline_ads  \">\n<div class=\"ads-wrapper align-center \"><\/div>\n<\/div>\n<p>Vet\u00ebm n\u00eb vitin 2022 Gjermania mori nga Shqip\u00ebria 465 infermier\u00eb, v\u00ebrehet n\u00eb studim, e treta n\u00eb rajon, pas Bosnj\u00eb Hercegovn\u00ebs dhe Serbis\u00eb. Nga vendi yn\u00eb largohen \u00e7do qindra doktor\u00eb dhe infermier\u00eb si rrjedhoj\u00eb e k\u00ebrkes\u00ebs s\u00eb lart\u00eb n\u00eb vende e BE, kryesisht n\u00eb Gjermani. K\u00ebrkesat p\u00ebr mjek\u00eb dhe infermier\u00eb t\u00eb huaj pritet t\u00eb jet\u00eb shum\u00eb e lart\u00eb n\u00eb vitet n\u00eb vijim nga BE, thuhet n\u00eb publikimin BE-se.<\/p>\n<p>Shumica e vendeve europiane po p\u00ebrballen me mungesa t\u00eb konsiderueshme n\u00eb disa kategorive t\u00eb punonj\u00ebsve sh\u00ebndet\u00ebsor\u00eb p\u00ebr shkak t\u00eb rritjes s\u00eb k\u00ebrkes\u00ebs p\u00ebr kujdes sh\u00ebndet\u00ebsor si dhe reduktimit t\u00eb orarit t\u00eb pun\u00ebs t\u00eb disa kategorive t\u00eb punonj\u00ebsve q\u00eb synojn\u00eb nj\u00eb ekuilib\u00ebr m\u00eb t\u00eb mir\u00eb pun\u00eb-jet\u00eb.<\/p>\n<p>K\u00ebto mungesa t\u00eb fuqis\u00eb pun\u00ebtore n\u00eb sh\u00ebndet\u00ebsi do t\u00eb p\u00ebrkeq\u00ebsohen n\u00eb vitet e ardhshme, t\u00eb nxitura nga dyfishimi i popullsis\u00eb s\u00eb vjet\u00ebr n\u00eb nj\u00ebr\u00ebn an\u00eb dhe plakjen e punonj\u00ebsve t\u00eb sh\u00ebndet\u00ebsis\u00eb n\u00eb an\u00eb tjet\u00ebr. Studimi v\u00eb n\u00eb dukje se sistemi sh\u00ebndet\u00ebsor i BE-s\u00eb \u00ebsht\u00eb para nj\u00eb k\u00ebrc\u00ebnimi serioz.<\/p>\n<p>Nd\u00ebrsa p\u00ebrqindja e popullsis\u00eb s\u00eb mosh\u00ebs 65 vje\u00e7 e lart n\u00eb BE parashikohet t\u00eb rritet nga 23% n\u00eb 2023 n\u00eb gati 30% deri n\u00eb vitin 2050, k\u00ebrkesa p\u00ebr sh\u00ebrbime sh\u00ebndet\u00ebsore pritet t\u00eb rritet gjithashtu.<\/p>\n<p>N\u00eb an\u00ebn e ofert\u00ebs, nj\u00eb num\u00ebr i madh i profesionist\u00ebve sh\u00ebndet\u00ebsor\u00eb jan\u00eb af\u00ebr mosh\u00ebs s\u00eb pensionit n\u00eb nj\u00eb num\u00ebr t\u00eb konsideruesh\u00ebm vendesh t\u00eb BE-s\u00eb. K\u00ebto zhvillime do t\u00eb k\u00ebrkojn\u00eb nj\u00eb fluks t\u00eb konsideruesh\u00ebm t\u00eb profesionist\u00ebve t\u00eb rinj sh\u00ebndet\u00ebsor\u00eb p\u00ebr ti z\u00ebvend\u00ebsuar.<\/p>\n<p>Analiza t\u00eb tjera kan\u00eb zbuluar tendenca shqet\u00ebsuese, t\u00eb tilla si nivele t\u00eb larta t\u00eb pak\u00ebnaq\u00ebsis\u00eb n\u00eb pun\u00eb midis punonj\u00ebsve aktual\u00eb t\u00eb sh\u00ebndet\u00ebsis\u00eb. Nivelet e pak\u00ebnaq\u00ebsis\u00eb jan\u00eb p\u00ebrkeq\u00ebsuar nga pandemia COVID-19, n\u00eb nj\u00eb koh\u00eb q\u00eb ka r\u00ebn\u00eb interesi p\u00ebr karrier\u00ebn sh\u00ebndet\u00ebsore tek t\u00eb rinjt\u00eb.<\/p>\n<p>Sfidat e fuqis\u00eb pun\u00ebtore do t\u00eb k\u00ebrkojn\u00eb nj\u00eb qasje t\u00eb shum\u00eb-anshme, me disa politika q\u00eb kan\u00eb ndikim n\u00eb afat t\u00eb shkurt\u00ebr. Numri n\u00eb r\u00ebnie i aplikant\u00ebve p\u00ebr programet e infermieris\u00eb n\u00eb disa vende n\u00ebnvizon urgjenc\u00ebn p\u00ebr t\u00eb b\u00ebr\u00eb karrier\u00ebn n\u00eb infermieri m\u00eb t\u00ebrheq\u00ebse. P\u00ebrmir\u00ebsimi i kushteve t\u00eb pun\u00ebs dhe shp\u00ebrblimit t\u00eb punonj\u00ebsve sh\u00ebndet\u00ebsor\u00eb duhet t\u00eb aplikohet si nj\u00eb hap i par\u00eb thelb\u00ebsor dhe q\u00eb parandalon nj\u00eb cik\u00ebl vicioz dor\u00ebheqjesh.<\/p>\n<p>Shum\u00eb vende jan\u00eb duke shikuar si zgjidhje rritjen e migrimit nd\u00ebrkomb\u00ebtar t\u00eb punonj\u00ebsve sh\u00ebndet\u00ebsor\u00eb n\u00eb Europ\u00eb si pjes\u00eb e strategjive q\u00eb shum\u00eb vende po p\u00ebrdorin p\u00ebr t\u00eb adresuar munges\u00ebn e fuqis\u00eb pun\u00ebtore sh\u00ebndet\u00ebsore.<\/p>\n<p>Nd\u00ebrsa rekrutimi i profesionist\u00ebve sh\u00ebndet\u00ebsor\u00eb t\u00eb trajnuar nga jasht\u00eb mund t\u00eb siguroj\u00eb nj\u00eb zgjidhje t\u00eb shpejt\u00eb p\u00ebr nevojat e brendshme, mb\u00ebshtetja e tep\u00ebrt n\u00eb k\u00ebt\u00eb qasje \u00ebsht\u00eb joefikase dhe do t\u00eb p\u00ebrkeq\u00ebsoj\u00eb mungesat n\u00eb vendet e origjin\u00ebs duke krijuar dob\u00ebsi n\u00eb sistemet sh\u00ebndet\u00ebsore t\u00eb vendeve t\u00eb destinacionit.<\/p>\n<p>Shqip\u00ebria \u00ebsht\u00eb nj\u00eb nga vendet e rrezikuara q\u00eb teka po shkollon me fonde publike qindra dhe mij\u00ebra infermier\u00eb t\u00eb cil\u00ebt jan\u00eb t\u00eb destinuar p\u00ebr shtetet e huaja.\/MONITOR<\/p>\n<p><img loading=\"lazy\" decoding=\"async\" class=\"alignnone size-medium wp-image-1497252\" src=\"https:\/\/boldnews.al\/wp-content\/uploads\/2025\/01\/ki-640x373.jpg\" sizes=\"auto, (max-width: 640px) 100vw, 640px\" srcset=\"https:\/\/boldnews.al\/wp-content\/uploads\/2025\/01\/ki-640x373.jpg 640w, https:\/\/boldnews.al\/wp-content\/uploads\/2025\/01\/ki-1024x596.jpg 1024w, https:\/\/boldnews.al\/wp-content\/uploads\/2025\/01\/ki-750x437.jpg 750w, https:\/\/boldnews.al\/wp-content\/uploads\/2025\/01\/ki-1140x664.jpg 1140w, https:\/\/boldnews.al\/wp-content\/uploads\/2025\/01\/ki.jpg 1223w\" alt=\"\" width=\"640\" height=\"373\" data-pin-no-hover=\"true\" \/><\/p>\n","protected":false},"excerpt":{"rendered":"<p>Pavar\u00ebsisht rritjes s\u00eb vazhdueshme t\u00eb numrit t\u00eb mjek\u00ebve, infermier\u00ebve dhe punonj\u00ebsve t\u00eb tjer\u00eb sh\u00ebndet\u00ebsor\u00eb gjat\u00eb dekadave t\u00eb fundit, fuqia pun\u00ebtore n\u00eb sh\u00ebndet\u00ebsin\u00eb Europiane po p\u00ebrballet me kriz\u00eb thot\u00eb nj\u00eb studim i fundit i BE-s\u00eb mbi gjendjen sh\u00ebndet\u00ebsore n\u00eb Europ\u00eb p\u00ebr vitin 2024. Vet\u00ebm n\u00eb vitin 2022 Gjermania mori nga Shqip\u00ebria 465 infermier\u00eb, v\u00ebrehet n\u00eb studim, &hellip;<\/p>\n","protected":false},"author":4,"featured_media":102212,"comment_status":"closed","ping_status":"closed","sticky":false,"template":"","format":"standard","meta":{"footnotes":""},"categories":[37],"tags":[],"class_list":["post-102211","post","type-post","status-publish","format-standard","has-post-thumbnail","","category-politike"],"_links":{"self":[{"href":"https:\/\/rdnews.al\/index.php\/wp-json\/wp\/v2\/posts\/102211","targetHints":{"allow":["GET"]}}],"collection":[{"href":"https:\/\/rdnews.al\/index.php\/wp-json\/wp\/v2\/posts"}],"about":[{"href":"https:\/\/rdnews.al\/index.php\/wp-json\/wp\/v2\/types\/post"}],"author":[{"embeddable":true,"href":"https:\/\/rdnews.al\/index.php\/wp-json\/wp\/v2\/users\/4"}],"replies":[{"embeddable":true,"href":"https:\/\/rdnews.al\/index.php\/wp-json\/wp\/v2\/comments?post=102211"}],"version-history":[{"count":1,"href":"https:\/\/rdnews.al\/index.php\/wp-json\/wp\/v2\/posts\/102211\/revisions"}],"predecessor-version":[{"id":102213,"href":"https:\/\/rdnews.al\/index.php\/wp-json\/wp\/v2\/posts\/102211\/revisions\/102213"}],"wp:featuredmedia":[{"embeddable":true,"href":"https:\/\/rdnews.al\/index.php\/wp-json\/wp\/v2\/media\/102212"}],"wp:attachment":[{"href":"https:\/\/rdnews.al\/index.php\/wp-json\/wp\/v2\/media?parent=102211"}],"wp:term":[{"taxonomy":"category","embeddable":true,"href":"https:\/\/rdnews.al\/index.php\/wp-json\/wp\/v2\/categories?post=102211"},{"taxonomy":"post_tag","embeddable":true,"href":"https:\/\/rdnews.al\/index.php\/wp-json\/wp\/v2\/tags?post=102211"}],"curies":[{"name":"wp","href":"https:\/\/api.w.org\/{rel}","templated":true}]}}