{"id":102214,"date":"2025-01-23T12:15:40","date_gmt":"2025-01-23T12:15:40","guid":{"rendered":"https:\/\/rdnews.al\/?p=102214"},"modified":"2025-01-23T12:15:40","modified_gmt":"2025-01-23T12:15:40","slug":"afp-rama-u-terhoq-nga-mbyllja-e-tiktok-dy-dite-pas-vendimit-te-trump","status":"publish","type":"post","link":"https:\/\/rdnews.al\/index.php\/2025\/01\/23\/afp-rama-u-terhoq-nga-mbyllja-e-tiktok-dy-dite-pas-vendimit-te-trump\/","title":{"rendered":"AFP: Rama u t\u00ebrhoq nga mbyllja e TikTok, dy dit\u00eb pas vendimit t\u00eb Trump"},"content":{"rendered":"<p><strong>&#8220;AFP&#8221;<\/strong><\/p>\n<p>Kryeministri shqiptar Edi Rama, i cili n\u00eb dhjetor njoftoi nj\u00eb ndalim nj\u00eb vje\u00e7ar t\u00eb TikTok, tha k\u00ebt\u00eb jav\u00eb se kishte zhvilluar bisedime \u201ct\u00eb hapura dhe konstruktive\u201d me platform\u00ebn e mediave sociale. Rama kishte th\u00ebn\u00eb p\u00ebr platform\u00ebn n\u00eb pron\u00ebsi kineze se Tirana do ta \u201cp\u00ebrzinte k\u00ebt\u00eb bandit nga lagjja jon\u00eb\u201d kur shpalli ndalimin, q\u00eb do t\u00eb zgjas\u00eb gjith\u00eb vitin 2025. Ai gjithashtu njoftoi se qeveria do t\u00eb nis\u00eb programe p\u00ebr t\u2019i \u201csh\u00ebrbyer arsimit t\u00eb student\u00ebve.<\/p>\n<p>Por pas diskutimeve me Christine Grahn, nj\u00eb nga zyrtar\u00ebt m\u00eb t\u00eb lart\u00eb t\u00eb TikTok n\u00eb Evrop\u00eb, ai sugjeroi q\u00eb nj\u00eb ndryshim i politik\u00ebs ishte i mundur. \u201cNe diskutuam p\u00ebr shqet\u00ebsimet q\u00eb na shtyn\u00eb t\u00eb pezullojm\u00eb p\u00ebrkoh\u00ebsisht aksesin n\u00eb platform\u00eb n\u00eb Shqip\u00ebri\u201d, tha Rama n\u00eb llogarin\u00eb e tij n\u00eb Facebook t\u00eb mart\u00ebn.<\/p>\n<p>Ishte \u201cnj\u00eb diskutim plot\u00ebsisht i hapur dhe konstruktiv, gjat\u00eb t\u00eb cilit vendos\u00ebm disa momente historike bashk\u00ebpunimi p\u00ebr jav\u00ebt dhe muajt e ardhsh\u00ebm\u2026 p\u00ebrndryshe do t\u00eb jemi t\u00eb detyruar t\u00eb ruajm\u00eb mbylljen e aksesit n\u00eb platform\u00eb, \u201cshtoi Rama, i cili u takua me Grahn n\u00eb Davos. Burimet e TikTok treguan t\u00eb m\u00ebrkur\u00ebn p\u00ebr AFP se \u201cishte nj\u00eb takim konstruktiv me marr\u00ebveshje p\u00ebr t\u00eb punuar me qeverin\u00eb p\u00ebr t\u00eb adresuar \u00e7do shqet\u00ebsim\u201d.<\/p>\n<p>Bllokimi i rrjetit t\u00eb diskutuesh\u00ebm social erdhi m\u00eb pak se nj\u00eb muaj pasi nj\u00eb nx\u00ebn\u00ebs 14-vje\u00e7ar u vra dhe nj\u00eb tjet\u00ebr u plagos n\u00eb nj\u00eb p\u00ebrleshje pran\u00eb nj\u00eb shkolle n\u00eb Tiran\u00eb. P\u00ebrleshja ishte zhvilluar nga nj\u00eb konfrontim online n\u00eb rrjetet sociale. Vrasja ndezi nj\u00eb debat n\u00eb vend mes prind\u00ebrve, psikolog\u00ebve dhe institucioneve arsimore p\u00ebr ndikimin e rrjeteve sociale tek t\u00eb rinjt\u00eb.<\/p>\n<p>\u201cN\u00eb Kin\u00eb, TikTok promovon sesi student\u00ebt mund t\u00eb ndjekin kurse, si t\u00eb mbrojn\u00eb natyr\u00ebn, si t\u00eb ruajn\u00eb traditat\u201d, tha Rama n\u00eb dhjetor. \u201cPor n\u00eb TikTok jasht\u00eb Kin\u00ebs ne shohim vet\u00ebm llum dhe balt\u00eb. Pse na duhet kjo?\u201d Pasi TikTok k\u00ebrkoi nj\u00eb shpjegim p\u00ebr ndalimin, Rama u p\u00ebrgjigj se platforma \u201cnuk kishte arsye p\u00ebr t\u00eb k\u00ebrkuar sqarime nga Shqip\u00ebria\u201d. Kthesa e dukshme e Ram\u00ebs erdhi dy dit\u00eb pasi Presidenti i SHBA Donald Trump n\u00ebnshkroi nj\u00eb dekret pezullimi.<\/p>\n<p>Kryeministri Edi Rama n\u00eb 21 dhjetor, njoftoi mbylljen e platform\u00ebs si pjes\u00eb e nj\u00eb plani p\u00ebr rritjen e siguris\u00eb n\u00eb shkolla. Rama tha se vendimi erdhi pas nj\u00eb muaj konsultimesh mes zyrtar\u00ebve t\u00eb arsimit me prind\u00ebrit pas vrasjes me thik\u00eb t\u00eb 14-vje\u00e7arit Martin Cani, nx\u00ebn\u00ebs i shkoll\u00ebs \u2018Fan Noli\u2019, gjat\u00eb nj\u00eb konflikti me nj\u00eb tjet\u00ebr nx\u00ebn\u00ebs Mario P\u00ebrlleshi, ndodhur m\u00eb 18 n\u00ebntor 2024. Sa i p\u00ebrket vendimit, TikTok ka deklaruar se nuk ka prova q\u00eb incidentet e dhunshme t\u00eb p\u00ebrmendura jan\u00eb t\u00eb lidhura drejtp\u00ebrdrejt me platform\u00ebn e tyre. Pa prova konkrete q\u00eb v\u00ebrtetojn\u00eb se TikTok \u00ebsht\u00eb shkaku kryesor i problemeve t\u00eb identifikuara, ndalimi mund t\u00eb konsiderohet i pabazuar dhe arbitrar.<\/p>\n","protected":false},"excerpt":{"rendered":"<p>&#8220;AFP&#8221; Kryeministri shqiptar Edi Rama, i cili n\u00eb dhjetor njoftoi nj\u00eb ndalim nj\u00eb vje\u00e7ar t\u00eb TikTok, tha k\u00ebt\u00eb jav\u00eb se kishte zhvilluar bisedime \u201ct\u00eb hapura dhe konstruktive\u201d me platform\u00ebn e mediave sociale. Rama kishte th\u00ebn\u00eb p\u00ebr platform\u00ebn n\u00eb pron\u00ebsi kineze se Tirana do ta \u201cp\u00ebrzinte k\u00ebt\u00eb bandit nga lagjja jon\u00eb\u201d kur shpalli ndalimin, q\u00eb do &hellip;<\/p>\n","protected":false},"author":3,"featured_media":102215,"comment_status":"closed","ping_status":"closed","sticky":false,"template":"","format":"standard","meta":{"footnotes":""},"categories":[37],"tags":[],"class_list":["post-102214","post","type-post","status-publish","format-standard","has-post-thumbnail","","category-politike"],"_links":{"self":[{"href":"https:\/\/rdnews.al\/index.php\/wp-json\/wp\/v2\/posts\/102214","targetHints":{"allow":["GET"]}}],"collection":[{"href":"https:\/\/rdnews.al\/index.php\/wp-json\/wp\/v2\/posts"}],"about":[{"href":"https:\/\/rdnews.al\/index.php\/wp-json\/wp\/v2\/types\/post"}],"author":[{"embeddable":true,"href":"https:\/\/rdnews.al\/index.php\/wp-json\/wp\/v2\/users\/3"}],"replies":[{"embeddable":true,"href":"https:\/\/rdnews.al\/index.php\/wp-json\/wp\/v2\/comments?post=102214"}],"version-history":[{"count":1,"href":"https:\/\/rdnews.al\/index.php\/wp-json\/wp\/v2\/posts\/102214\/revisions"}],"predecessor-version":[{"id":102219,"href":"https:\/\/rdnews.al\/index.php\/wp-json\/wp\/v2\/posts\/102214\/revisions\/102219"}],"wp:featuredmedia":[{"embeddable":true,"href":"https:\/\/rdnews.al\/index.php\/wp-json\/wp\/v2\/media\/102215"}],"wp:attachment":[{"href":"https:\/\/rdnews.al\/index.php\/wp-json\/wp\/v2\/media?parent=102214"}],"wp:term":[{"taxonomy":"category","embeddable":true,"href":"https:\/\/rdnews.al\/index.php\/wp-json\/wp\/v2\/categories?post=102214"},{"taxonomy":"post_tag","embeddable":true,"href":"https:\/\/rdnews.al\/index.php\/wp-json\/wp\/v2\/tags?post=102214"}],"curies":[{"name":"wp","href":"https:\/\/api.w.org\/{rel}","templated":true}]}}