{"id":102216,"date":"2025-01-23T12:15:31","date_gmt":"2025-01-23T12:15:31","guid":{"rendered":"https:\/\/rdnews.al\/?p=102216"},"modified":"2025-01-23T12:15:31","modified_gmt":"2025-01-23T12:15:31","slug":"vota-e-diaspores-ivi-kaso-kryeproblemi-eshte-vlefshmeria-e-dokumenteve-do-ta-cojme-ne-kuvend","status":"publish","type":"post","link":"https:\/\/rdnews.al\/index.php\/2025\/01\/23\/vota-e-diaspores-ivi-kaso-kryeproblemi-eshte-vlefshmeria-e-dokumenteve-do-ta-cojme-ne-kuvend\/","title":{"rendered":"Vota e diaspor\u00ebs\/ Ivi Kaso: Kryeproblemi \u00ebsht\u00eb vlefshm\u00ebria e dokumenteve, do ta \u00e7ojm\u00eb n\u00eb Kuvend"},"content":{"rendered":"<p>Opozita ka prezantuar amendamentin p\u00ebr problematikat e hasura n\u00eb procesin e vot\u00ebs s\u00eb diaspor\u00ebs ku do t\u00eb adresohen problematikat e hasura n\u00eb verifikimin e dokumenteve tek shtetasit shqiptar\u00eb q\u00eb jetojn\u00eb p\u00ebrtej kufijve.<\/p>\n<p>Sekretari p\u00ebr \u00c7\u00ebshtjet Ligjore n\u00eb Pd, Ivi Kaso, tha n\u00eb deklarat\u00ebn p\u00ebr media se problematikat jan\u00eb ngritur edhe nga Komisioni Shtet\u00ebror i Zgjedhjeve.<\/p>\n<p>&nbsp;<\/p>\n<p>\u201cLidhur me propozimin, me amendamentin q\u00eb ne kemi propozuar dhe m\u00ebnyr\u00ebn se si arrit\u00ebm deri k\u00ebtu.<\/p>\n<p>Momentin q\u00eb ne kemi materializuar k\u00ebt\u00eb me iniciativ\u00eb t\u00eb kodit p\u00ebr ndryshimet ligjore, ka qen\u00eb moment gjithashtu q\u00eb Kuvendi ka hasur me propozimin e Komisionerit Shtet\u00ebror t\u00eb Zgjedhjeve, i diskutuar m\u00eb par\u00eb me partit\u00eb politike.<\/p>\n<p>Problematika kryesore q\u00eb kishte ngritur Komisioni Shtet\u00ebror i Zgjedhjeve, ishte me afatin e p\u00ebrgatitjes s\u00eb k\u00ebtij procesi p\u00ebr nj\u00eb num\u00ebr t\u00eb lart\u00eb zgjedh\u00ebsish t\u00eb cil\u00ebt priteshin. Po verifikohet \u00e7do dit\u00eb q\u00eb ka nj\u00eb interes relativisht t\u00eb lart\u00eb nga Diaspora p\u00ebr t\u2019u regjistruar. N\u00ebse alarmi i ngritur nga Komisioneri Shtet\u00ebror i Zgjedhjeve n\u00eb fund t\u00eb muajit tetor lidhur me pamjaftueshm\u00ebrin\u00eb e koh\u00ebs s\u00eb p\u00ebrgatitjes s\u00eb flet\u00ebs s\u00eb votimit n\u00eb m\u00ebnyr\u00eb efektive shtetasve jasht\u00eb dhe kthimit t\u00eb tyre brenda afatit ligjor q\u00eb \u00ebsht\u00eb dita e votimit.<\/p>\n<p>Opozita ka ndar\u00eb t\u00eb nj\u00ebjtin shqet\u00ebsim p\u00ebr k\u00ebt\u00eb problematik\u00eb. Gjithashtu ka ndar\u00eb po t\u00eb nj\u00ebjtin shqet\u00ebsim p\u00ebr t\u00eb nd\u00ebrhyr\u00eb n\u00eb Kodin Zgjedhor p\u00ebr t\u00eb adresuar problematik\u00ebn e \u00e7\u00ebshtjes s\u00eb pages\u00ebs, e cila p\u00ebr fat t\u00eb mir\u00eb u mor p\u00ebrsip\u00ebr nga shteti.<\/p>\n<p>Duhet kujtuar dhe marr\u00eb parasysh q\u00eb ky proces nuk \u00ebsht\u00eb nj\u00eb proces votimi i ndar\u00eb, nuk jan\u00eb nj\u00eb pal\u00eb zgjedhje m\u00eb vete q\u00eb organizohen p\u00ebr Diaspor\u00ebn, jasht\u00eb por \u00ebsht\u00eb nj\u00eb pjes\u00eb e atij procesi q\u00eb duhet t\u00eb administrohet sipas t\u00eb t\u00eb nj\u00ebjtave rregullave.<\/p>\n<p>N\u00ebse ka dhjet\u00ebra probleme q\u00eb lidhen me votimin e diaspor\u00ebs, kryeproblemi i tyre \u00ebsht\u00eb vlefshm\u00ebria e dokumentave t\u00eb shtetasve. P\u00ebr ata q\u00eb kan\u00eb dhe i kan\u00eb skaduar, p\u00ebr ata q\u00eb nuk jan\u00eb pajisur kurr\u00eb me nj\u00eb dokument shqiptar dhe p\u00ebr ata q\u00eb p\u00ebr nj\u00eb arsye apo nj\u00eb tjet\u00ebr, nuk disponojn\u00eb nj\u00eb dokument shqiptar por kan\u00eb nj\u00eb dokument t\u00eb nj\u00eb shteti t\u00eb huaj.<\/p>\n<p>Jan\u00eb pik\u00ebrisht k\u00ebto q\u00eb ne kemi p\u00ebrfshir\u00eb n\u00eb k\u00ebt\u00eb amendament, t\u00eb cilin e kemi paraqitur n\u00eb Kuvend. Synojn\u00eb dhe vler\u00ebsojm\u00eb q\u00eb duhet t\u00eb jet\u00eb e nj\u00ebjta vler\u00eb ligjore dhe e nj\u00ebjta mund\u00ebsi atyre t\u00eb cil\u00ebve disponojn\u00eb jo vet\u00ebm kart\u00ebn e identitetit t\u00eb vlefsh\u00ebm n\u00eb republik\u00ebn e Shqip\u00ebris\u00eb, por edhe ata shtetas q\u00eb u kan\u00eb skaduar dhe atyre q\u00eb nuk kan\u00eb nj\u00eb dokument biometrik shqiptar.<\/p>\n<p>Nuk ka asnj\u00eb arsye ligjore q\u00eb jo vet\u00ebm kjo t\u00eb mos implementohet n\u00eb procesin zgjedhor, por t\u00eb krijoj\u00eb edhe barazi trajtimi midis zgjedh\u00ebsve.<\/p>\n<p>Synimi jon\u00eb ka qen\u00eb ta b\u00ebjm\u00eb k\u00ebt\u00eb t\u00eb drejt\u00eb t\u00eb barabart\u00eb dhe efektive. \u00cbsht\u00eb nj\u00eb shqet\u00ebsim q\u00eb ne nuk e ngrem\u00eb p\u00ebr her\u00eb t\u00eb par\u00eb. E kemi ngritur n\u00eb mbledhje e komisione. Ne ua kemi parath\u00ebn\u00eb t\u00eb gjitha pal\u00ebve q\u00eb do ta ngrem\u00eb k\u00ebt\u00eb shqet\u00ebsim. Opozita do ta kishte mjaft t\u00eb thjesht\u00eb n\u00ebse do ta shihte vot\u00ebn e diaspor\u00ebs si instrument tregtie, si instrument shantazhi ndaj mazhoranc\u00ebs, mund ta lidhte k\u00ebt\u00eb me \u00e7do lloj k\u00ebrkes\u00eb q\u00eb do t\u00eb b\u00ebnte avantazh p\u00ebr opozit\u00ebn.<\/p>\n<p>Ka vendosur q\u00eb k\u00ebt\u00eb gj\u00eb ta shtrij\u00eb p\u00ebr t\u00eb gjith\u00eb shtetasit q\u00eb jetojn\u00eb jasht\u00eb Shqip\u00ebris\u00eb. Ky \u00ebsht\u00eb konteksti p\u00ebr t\u00eb cil\u00ebn n\u00eb kemi b\u00ebr\u00eb k\u00ebt\u00eb amendament.<\/p>\n<p>N\u00ebse qeveria do t\u00eb kishte b\u00ebr\u00eb nj\u00eb proces pa cenuar ask\u00ebnd, do ta kishte b\u00ebr\u00eb para dat\u00ebs 11. Tashm\u00eb nuk \u00ebsht\u00eb m\u00eb detyr\u00eb e qeveris\u00eb, por e Kuvendit q\u00eb t\u00eb marr\u00eb masa.<\/p>\n<p>P\u00ebr her\u00eb t\u00eb par\u00eb kemi nj\u00eb qeveri q\u00eb kontrollon edhe procesin e dh\u00ebnies s\u00eb nj\u00eb dokumenti tek shtetasit shqiptar\u00eb\u201d, tha Kaso.<\/p>\n","protected":false},"excerpt":{"rendered":"<p>Opozita ka prezantuar amendamentin p\u00ebr problematikat e hasura n\u00eb procesin e vot\u00ebs s\u00eb diaspor\u00ebs ku do t\u00eb adresohen problematikat e hasura n\u00eb verifikimin e dokumenteve tek shtetasit shqiptar\u00eb q\u00eb jetojn\u00eb p\u00ebrtej kufijve. Sekretari p\u00ebr \u00c7\u00ebshtjet Ligjore n\u00eb Pd, Ivi Kaso, tha n\u00eb deklarat\u00ebn p\u00ebr media se problematikat jan\u00eb ngritur edhe nga Komisioni Shtet\u00ebror i Zgjedhjeve. &hellip;<\/p>\n","protected":false},"author":4,"featured_media":102217,"comment_status":"closed","ping_status":"closed","sticky":false,"template":"","format":"standard","meta":{"footnotes":""},"categories":[37],"tags":[],"class_list":["post-102216","post","type-post","status-publish","format-standard","has-post-thumbnail","","category-politike"],"_links":{"self":[{"href":"https:\/\/rdnews.al\/index.php\/wp-json\/wp\/v2\/posts\/102216","targetHints":{"allow":["GET"]}}],"collection":[{"href":"https:\/\/rdnews.al\/index.php\/wp-json\/wp\/v2\/posts"}],"about":[{"href":"https:\/\/rdnews.al\/index.php\/wp-json\/wp\/v2\/types\/post"}],"author":[{"embeddable":true,"href":"https:\/\/rdnews.al\/index.php\/wp-json\/wp\/v2\/users\/4"}],"replies":[{"embeddable":true,"href":"https:\/\/rdnews.al\/index.php\/wp-json\/wp\/v2\/comments?post=102216"}],"version-history":[{"count":1,"href":"https:\/\/rdnews.al\/index.php\/wp-json\/wp\/v2\/posts\/102216\/revisions"}],"predecessor-version":[{"id":102218,"href":"https:\/\/rdnews.al\/index.php\/wp-json\/wp\/v2\/posts\/102216\/revisions\/102218"}],"wp:featuredmedia":[{"embeddable":true,"href":"https:\/\/rdnews.al\/index.php\/wp-json\/wp\/v2\/media\/102217"}],"wp:attachment":[{"href":"https:\/\/rdnews.al\/index.php\/wp-json\/wp\/v2\/media?parent=102216"}],"wp:term":[{"taxonomy":"category","embeddable":true,"href":"https:\/\/rdnews.al\/index.php\/wp-json\/wp\/v2\/categories?post=102216"},{"taxonomy":"post_tag","embeddable":true,"href":"https:\/\/rdnews.al\/index.php\/wp-json\/wp\/v2\/tags?post=102216"}],"curies":[{"name":"wp","href":"https:\/\/api.w.org\/{rel}","templated":true}]}}