{"id":102265,"date":"2025-01-23T18:52:22","date_gmt":"2025-01-23T18:52:22","guid":{"rendered":"https:\/\/rdnews.al\/?p=102265"},"modified":"2025-01-23T18:52:22","modified_gmt":"2025-01-23T18:52:22","slug":"berisha-me-ardhjen-e-trump-merr-fund-krijimi-i-drejtesive-monstra-dhe-agresioni-ndaj-opozitave-konservatore","status":"publish","type":"post","link":"https:\/\/rdnews.al\/index.php\/2025\/01\/23\/berisha-me-ardhjen-e-trump-merr-fund-krijimi-i-drejtesive-monstra-dhe-agresioni-ndaj-opozitave-konservatore\/","title":{"rendered":"Berisha: Me ardhjen e Trump merr fund krijimi i drejt\u00ebsive monstra dhe agresioni ndaj opozitave konservatore"},"content":{"rendered":"<p>Kryetari i PD, Sali Berisha u shpreh se, gjat\u00eb fjal\u00ebs me t\u00eb deleguarit e Tiran\u00ebs, me Donald Trump president, nuk do t\u00eb ket\u00eb m\u00eb drejt\u00ebsi mostra, apo agresione ndaj opozitave.<\/p>\n<p>Berisha tha se, me ardhjen e Trump merr fund krijimi i drejt\u00ebsive monstra dhe agresioni ndaj opozitave konservatore.<\/p>\n<p>\u201cPra, n\u00eb k\u00ebt\u00eb kontekst, k\u00ebto jan\u00eb arritje t\u00eb m\u00ebdha.<\/p>\n<p>Askujt nuk mund t\u2019i shkonte nd\u00ebrmend se nj\u00eb dit\u00eb, nj\u00eb stuhi e till\u00eb marksiste-leniniste e ekstremit t\u00eb majt\u00eb, do frynte nga SHBA n\u00eb drejtim t\u00eb bot\u00ebs, n\u00eb drejtim t\u00eb vendeve t\u00eb lira.<\/p>\n<p>Por jo vet\u00ebm kaq. Shqip\u00ebria, kopshti eksperimental i Xhorxh Sorosit dhe jo i Xhorxh Oruellit, u p\u00ebrball me pasoja t\u00eb tjera si n\u00eb asnj\u00eb vend tjet\u00ebr t\u00eb agresionit ndaj opozit\u00ebs konservatore n\u00eb Shqip\u00ebri.<\/p>\n<p>Me dekretet e djeshme dhe fillimit t\u00eb detyr\u00ebs t\u00eb sekretarit Rubio dhe dekretet e presidentit Trump, merr fund nj\u00ebher\u00eb e p\u00ebrgjithmon\u00eb p\u00ebrdorimi i parave t\u00eb taksapaguesve amerikan\u00eb kund\u00ebr pluralizmit politik n\u00eb kuptimin kund\u00ebr opozitave konservatore si\u00e7 ndodhi n\u00eb Shqip\u00ebri.<\/p>\n<p>Dhe kjo p\u00ebrb\u00ebn nj\u00eb zhvillim jasht\u00ebzakonisht t\u00eb r\u00ebnd\u00ebsish\u00ebm.<\/p>\n<p>Kjo praktik\u00eb e paprecedent m\u00eb par\u00eb, t\u00eb jemi realist\u00eb, njohu kulmi gjat\u00eb k\u00ebsaj administrate.<\/p>\n<p>U nd\u00ebrmor\u00ebn akte direkt n\u00eb shkelje t\u00eb plot\u00eb t\u00eb ligjit amerikan kund\u00ebr lidershipit t\u00eb k\u00ebsaj partie apo ish-lidershipit t\u00eb saj, vet\u00ebm e vet\u00ebm p\u00ebr t\u2019i caktuar asaj kryetarin q\u00eb donte Edi Rama.<\/p>\n<p>Nuk ishte vet\u00ebm kjo.<\/p>\n<p>Diplomacia sorosiane e Entoni Blinken u angazhua n\u00eb m\u00ebnyr\u00eb t\u00eb turpshme p\u00ebr izolimin e llojit stalinist t\u00eb nj\u00eb force politike q\u00eb kishte p\u00ebrmbysur diktatur\u00ebn komuniste n\u00eb Shqip\u00ebri, q\u00eb kishte dh\u00ebn\u00eb kontributin m\u00eb t\u00eb madh n\u00eb marr\u00ebdh\u00ebniet mes Shqip\u00ebris\u00eb dhe SHBA, integrimin n\u00eb NATO dhe K\u00ebshillin e Europ\u00ebs.<\/p>\n<p>Praktika t\u00eb turpshme dhe t\u00eb d\u00ebnueshme, t\u00eb cilat marrin fund dhe n\u00eb fjal\u00ebn e tij sekretari Rubio mendoi se dha vizionin m\u00eb t\u00eb qart\u00eb t\u00eb misionit t\u00eb diplomacis\u00eb amerikane.<\/p>\n<p>Me inaugurimin dhe fillimin e detyr\u00ebs t\u00eb presidentit Donald Trump merr fund p\u00ebrdorimi i fondeve t\u00eb taksapaguesve amerikan\u00eb p\u00ebr krijimin e drejt\u00ebsive monstra.<\/p>\n<p>Shp\u00ebrndarjen e k\u00ebsaj race gjykat\u00ebsish dhe prokuror\u00ebsh, replikimin e tyre n\u00eb vende t\u00eb tjera si mercenar\u00eb t\u00eb ekzekutivit t\u00eb qeverive t\u00eb majta dhe ekstremit t\u00eb majt\u00eb.<\/p>\n<p>Pra, n\u00eb qoft\u00eb se ka nj\u00eb komb q\u00eb ka fituar m\u00eb shum\u00eb me k\u00ebt\u00eb fitore pas kombit amerikan, un\u00eb nuk di nj\u00eb t\u00eb dyt\u00eb q\u00eb t\u00eb vij\u00eb p\u00ebrve\u00e7 kombit shqiptar.<\/p>\n<p>Nuk di nj\u00eb t\u00eb dyt\u00eb p\u00ebrve\u00e7 opozit\u00ebs shqiptare dhe forcave konservatore n\u00eb Shqip\u00ebri\u201d, u shpreh Berisha.<\/p>\n","protected":false},"excerpt":{"rendered":"<p>Kryetari i PD, Sali Berisha u shpreh se, gjat\u00eb fjal\u00ebs me t\u00eb deleguarit e Tiran\u00ebs, me Donald Trump president, nuk do t\u00eb ket\u00eb m\u00eb drejt\u00ebsi mostra, apo agresione ndaj opozitave. Berisha tha se, me ardhjen e Trump merr fund krijimi i drejt\u00ebsive monstra dhe agresioni ndaj opozitave konservatore. \u201cPra, n\u00eb k\u00ebt\u00eb kontekst, k\u00ebto jan\u00eb arritje &hellip;<\/p>\n","protected":false},"author":4,"featured_media":102266,"comment_status":"closed","ping_status":"closed","sticky":false,"template":"","format":"standard","meta":{"footnotes":""},"categories":[37],"tags":[],"class_list":["post-102265","post","type-post","status-publish","format-standard","has-post-thumbnail","","category-politike"],"_links":{"self":[{"href":"https:\/\/rdnews.al\/index.php\/wp-json\/wp\/v2\/posts\/102265","targetHints":{"allow":["GET"]}}],"collection":[{"href":"https:\/\/rdnews.al\/index.php\/wp-json\/wp\/v2\/posts"}],"about":[{"href":"https:\/\/rdnews.al\/index.php\/wp-json\/wp\/v2\/types\/post"}],"author":[{"embeddable":true,"href":"https:\/\/rdnews.al\/index.php\/wp-json\/wp\/v2\/users\/4"}],"replies":[{"embeddable":true,"href":"https:\/\/rdnews.al\/index.php\/wp-json\/wp\/v2\/comments?post=102265"}],"version-history":[{"count":1,"href":"https:\/\/rdnews.al\/index.php\/wp-json\/wp\/v2\/posts\/102265\/revisions"}],"predecessor-version":[{"id":102267,"href":"https:\/\/rdnews.al\/index.php\/wp-json\/wp\/v2\/posts\/102265\/revisions\/102267"}],"wp:featuredmedia":[{"embeddable":true,"href":"https:\/\/rdnews.al\/index.php\/wp-json\/wp\/v2\/media\/102266"}],"wp:attachment":[{"href":"https:\/\/rdnews.al\/index.php\/wp-json\/wp\/v2\/media?parent=102265"}],"wp:term":[{"taxonomy":"category","embeddable":true,"href":"https:\/\/rdnews.al\/index.php\/wp-json\/wp\/v2\/categories?post=102265"},{"taxonomy":"post_tag","embeddable":true,"href":"https:\/\/rdnews.al\/index.php\/wp-json\/wp\/v2\/tags?post=102265"}],"curies":[{"name":"wp","href":"https:\/\/api.w.org\/{rel}","templated":true}]}}