{"id":102290,"date":"2025-01-23T21:53:29","date_gmt":"2025-01-23T21:53:29","guid":{"rendered":"https:\/\/rdnews.al\/?p=102290"},"modified":"2025-01-23T21:54:16","modified_gmt":"2025-01-23T21:54:16","slug":"luli-thote-se-eshte-dora-e-amerikes","status":"publish","type":"post","link":"https:\/\/rdnews.al\/index.php\/2025\/01\/23\/luli-thote-se-eshte-dora-e-amerikes\/","title":{"rendered":"Luli thot\u00eb se \u00ebsht\u00eb dora e Amerik\u00ebs"},"content":{"rendered":"<p>Lul euro-atlantiku thot\u00eb se marr\u00ebdh\u00ebniet e tij me Shtetet e Bashkuara t\u00eb Amerik\u00ebs jan\u00eb t\u00eb konsoliduara dhe shum\u00eb solide. Ai pohon se \u00ebsht\u00eb vet\u00eb dora e Amerik\u00ebs n\u00eb Shqip\u00ebri.<\/p>\n<p>Ai tha se ishte nj\u00eb moment historik pjes\u00ebmarrja e tij n\u00eb inagurimin e presidentit amerikan, Donald Trump, duke shtuar se ky ishte nj\u00eb moment ky\u00e7, jo vet\u00ebm p\u00ebr shqiptar\u00ebt, por edhe p\u00ebr ndryshimet e m\u00ebdha gjeopolitike q\u00eb po ndodhin n\u00eb Ballkan.<\/p>\n","protected":false},"excerpt":{"rendered":"<p>Lul euro-atlantiku thot\u00eb se marr\u00ebdh\u00ebniet e tij me Shtetet e Bashkuara t\u00eb Amerik\u00ebs jan\u00eb t\u00eb konsoliduara dhe shum\u00eb solide. Ai pohon se \u00ebsht\u00eb vet\u00eb dora e Amerik\u00ebs n\u00eb Shqip\u00ebri. Ai tha se ishte nj\u00eb moment historik pjes\u00ebmarrja e tij n\u00eb inagurimin e presidentit amerikan, Donald Trump, duke shtuar se ky ishte nj\u00eb moment ky\u00e7, jo &hellip;<\/p>\n","protected":false},"author":3,"featured_media":102291,"comment_status":"closed","ping_status":"closed","sticky":false,"template":"","format":"standard","meta":{"footnotes":""},"categories":[37],"tags":[],"class_list":["post-102290","post","type-post","status-publish","format-standard","has-post-thumbnail","","category-politike"],"_links":{"self":[{"href":"https:\/\/rdnews.al\/index.php\/wp-json\/wp\/v2\/posts\/102290","targetHints":{"allow":["GET"]}}],"collection":[{"href":"https:\/\/rdnews.al\/index.php\/wp-json\/wp\/v2\/posts"}],"about":[{"href":"https:\/\/rdnews.al\/index.php\/wp-json\/wp\/v2\/types\/post"}],"author":[{"embeddable":true,"href":"https:\/\/rdnews.al\/index.php\/wp-json\/wp\/v2\/users\/3"}],"replies":[{"embeddable":true,"href":"https:\/\/rdnews.al\/index.php\/wp-json\/wp\/v2\/comments?post=102290"}],"version-history":[{"count":1,"href":"https:\/\/rdnews.al\/index.php\/wp-json\/wp\/v2\/posts\/102290\/revisions"}],"predecessor-version":[{"id":102292,"href":"https:\/\/rdnews.al\/index.php\/wp-json\/wp\/v2\/posts\/102290\/revisions\/102292"}],"wp:featuredmedia":[{"embeddable":true,"href":"https:\/\/rdnews.al\/index.php\/wp-json\/wp\/v2\/media\/102291"}],"wp:attachment":[{"href":"https:\/\/rdnews.al\/index.php\/wp-json\/wp\/v2\/media?parent=102290"}],"wp:term":[{"taxonomy":"category","embeddable":true,"href":"https:\/\/rdnews.al\/index.php\/wp-json\/wp\/v2\/categories?post=102290"},{"taxonomy":"post_tag","embeddable":true,"href":"https:\/\/rdnews.al\/index.php\/wp-json\/wp\/v2\/tags?post=102290"}],"curies":[{"name":"wp","href":"https:\/\/api.w.org\/{rel}","templated":true}]}}