{"id":102405,"date":"2025-01-24T17:22:52","date_gmt":"2025-01-24T17:22:52","guid":{"rendered":"https:\/\/rdnews.al\/?p=102405"},"modified":"2025-01-24T17:24:39","modified_gmt":"2025-01-24T17:24:39","slug":"berisha-krimi-ka-kapur-kryeministrin-kjo-diktature-sot-eshte-2-3-here-me-e-centralizuar-se-e-enver-hoxhes","status":"publish","type":"post","link":"https:\/\/rdnews.al\/index.php\/2025\/01\/24\/berisha-krimi-ka-kapur-kryeministrin-kjo-diktature-sot-eshte-2-3-here-me-e-centralizuar-se-e-enver-hoxhes\/","title":{"rendered":"Berisha: Krimi ka kapur kryeministrin, kjo diktatur\u00eb sot \u00ebsht\u00eb 2-3 her\u00eb me e centralizuar se e Enver Hoxh\u00ebs!"},"content":{"rendered":"<p>Lideri i opozit\u00ebs, Sali Berisha, n\u00eb eventin e organizuar nga departamenti \u201cBrain Gain\u201d i Partis\u00eb Demokratike, vler\u00ebsoi kontributin e an\u00ebtar\u00ebve t\u00eb k\u00ebtij departamenti p\u00ebr pasurimin dhe modernizimin e Partis\u00eb Demokratike n\u00eb nj\u00eb koh\u00eb sfidash.<\/p>\n<p>Berisha theksoi se puna e tyre ka sjell\u00eb nj\u00eb dimension t\u00eb ri dhe t\u00eb v\u00ebrtet\u00eb p\u00ebr partin\u00eb, duke n\u00ebnvizuar r\u00ebnd\u00ebsin\u00eb e trash\u00ebgimis\u00eb demokratike. Ai kujtoi arritjet e Partis\u00eb Demokratike nga viti 1992 deri n\u00eb vitin 2013, duke theksuar transformimin ekonomik dhe politik t\u00eb Shqip\u00ebris\u00eb gjat\u00eb k\u00ebsaj periudhe.<\/p>\n<p>\u201cNj\u00eb p\u00ebrsh\u00ebndetje t\u00eb p\u00ebrzem\u00ebrt, ju an\u00ebtar\u00ebve t\u00eb departamentit Brain Gain dhe Ekselencave, p\u00ebr pun\u00ebn e \u00e7muar, risit\u00eb shum\u00eb t\u00eb r\u00ebnd\u00ebsishme dhe kontributet q\u00eb ju dhat\u00eb me veprimtarin\u00eb tuaj, dhe jepni n\u00eb PD.<br \/>\nJu ja dol\u00ebt ti jepni k\u00ebsaj partie n\u00eb koh\u00eb t\u00eb v\u00ebshtira nj\u00eb dimension q\u00eb ajo nuk e ka patur ndonj\u00ebher\u00eb. Nj\u00eb dimension t\u00eb ri, modern, t\u00eb bukur, t\u00eb v\u00ebrtet\u00eb dhe kjo pa diskutim ka pasuruar PD-n\u00eb shum\u00eb, ka ndikuar n\u00eb t\u00ebr\u00ebsi, n\u00eb jet\u00ebn e saj.<\/p>\n<p>Ky \u00ebsht\u00eb publikimi i dyt\u00eb i juaji, pas publikimit \u2018Pun\u00ebt e Mira t\u00eb PD-s\u00eb\u2019, t\u00eb cilat e v\u00ebrteta \u00ebsht\u00eb se jan\u00eb nd\u00ebrtesa dhe themelet e Shqip\u00ebris\u00eb demokratike, e Shqip\u00ebris\u00eb s\u00eb integruar n\u00eb NATO, n\u00eb K\u00ebshillin e Europ\u00ebs dhe e Shqip\u00ebris\u00eb s\u00eb nj\u00eb rendi t\u00eb ri kushtetues.<\/p>\n<p>Po t&#8217;i rikthehemi shprehjes s\u00eb Dante Aligerit, q\u00eb thot\u00eb se \u2018nuk ka dhimbje m\u00eb t\u00eb madhe, kur kujton koh\u00ebrat e lumtura n\u00eb mjerim\u2019, publikimi juaj nuk ishte se t\u00eb krijonte dhimbje, por sh\u00ebrbeu dhe ishte i domosdosh\u00ebm tu rikujtonte demokrat\u00ebve trash\u00ebgimin e tyre.<br \/>\n\u00cbsht\u00eb shum\u00eb interesante.<\/p>\n<p>Kur kjo parti u themelu, u themelua nga njer\u00ebz 99.9 p\u00ebrqind e tyre nuk kishin asnj\u00eb lidhje me shtetnd\u00ebrtimin apo me institucionet. N\u00eb t\u00ebr\u00ebsi ishin intelektual t\u00eb fushave teknike ose humanitare, por q\u00eb vendos\u00ebn idealet e tyre t\u00eb liris\u00eb. Njer\u00ebzit duhet t\u00eb jen\u00eb t\u00eb lir\u00eb, t\u00eb flasin lirisht, t\u00eb votojn\u00eb t\u00eb lir\u00eb.<\/p>\n<p>K\u00ebta njer\u00ebz arrit\u00ebn t\u00eb nd\u00ebrtojn\u00eb, t\u00eb shnd\u00ebrrojn\u00eb n\u00eb realitet idealet e tyre me v\u00ebshtir\u00ebsi, por nj\u00eb gj\u00eb kurr\u00eb nuk duhet harruar, se Shqip\u00ebria nga viti 1992-2013 \u00ebsht\u00eb, n\u00eb dijenin\u00eb time, \u00ebsht\u00eb vendi i vet\u00ebm q\u00eb \u00ebsht\u00eb rritur 21 her\u00eb.<\/p>\n<p>N\u00eb vitin 1992 rrogat ishin 5-6 dollar\u00eb, rroga ime si president ishte 16 dollar\u00eb. Dhe kur e thash\u00eb nj\u00eb dit\u00eb m\u00eb kishte shkruar dikush n\u00eb Facebook se po tregon \u00ebnd\u00ebrra. Ai kishte t\u00eb drejt\u00eb se nuk mund ta besonte, por e v\u00ebrteta ishte se kjo ishte Shqip\u00ebria.<\/p>\n<p>Partia tjet\u00ebr kishte nj\u00eb trash\u00ebgimi shum\u00eb t\u00eb r\u00ebnd\u00eb, kishte trash\u00ebgimi krimin politik, kasaphana e luft\u00ebs s\u00eb klasave, tradh\u00ebtin\u00eb e \u00e7\u00ebshtjes komb\u00ebtare pasi ishte themeluar nga Beogradi n\u00eb vitin 1941. Nuk duhet t\u00eb harroj\u00eb kush se n\u00eb at\u00eb koh\u00eb, Partia e Pun\u00ebs s\u00eb Shqip\u00ebris\u00eb, qe e dyta parti n\u00eb vendet ish-komuniste e cila nuk u shkri, por ndryshoi emrin n\u00eb Parti Socialiste. Nuk them me k\u00ebt\u00eb se nuk b\u00ebri evolucion, se u an\u00ebtar\u00ebsua n\u00eb Internacionalen Socialiste, por trash\u00ebgimnia e saj e ndoqi k\u00ebt\u00eb parti dhe nuk ju nda. Nuk ju nda n\u00eb aspektin m\u00eb tragjik t\u00eb saj, n\u00eb lidhjen me krimin.<\/p>\n<p>N\u00ebqoft\u00ebse komunizmi, apo partit\u00eb komuniste, krimin, dhun\u00ebn e cil\u00ebsonin, e ekzaltonin me superlativa, e quanin nj\u00eb domosdoshm\u00ebri absolute, teoria e krimit t\u00eb dobish\u00ebm nuk u nda asnj\u00ebher\u00eb, p\u00ebr asnj\u00eb moment nga PS.<\/p>\n<p>T\u00eb kthehemi m\u00eb konkret.<\/p>\n<p>N\u00eb diktatur\u00eb ishin ministrat, sekretar\u00ebt e par\u00eb, an\u00ebtar\u00ebt e byros\u00eb. Por kishte gjithnj\u00eb nj\u00eb grup njer\u00ebzish n\u00eb gjys\u00ebm hije t\u00eb cil\u00ebt ishin njer\u00ebzit m\u00eb t\u00eb r\u00ebnd\u00ebsish\u00ebm, m\u00eb t\u00eb \u00e7muar t\u00eb tyre.<\/p>\n<p>Cil\u00ebt ishin do thoni ju? Ata q\u00eb torturonin njer\u00ebzit n\u00eb qeli, dhe q\u00eb i detyronin t\u00eb firmosnin ato q\u00eb donin. Ata ishin padiskutim njer\u00ebzit e \u2018karta bianka\u2019, sepse aq jetik ishte krimi p\u00ebr ta. Dhe ishin t\u00eb vet\u00ebdijsh\u00ebm.<\/p>\n<p>E ka shkruar mir\u00eb Bashkim Shehu; na thoshte n\u00ebna, kthehuni shpejt, se kemi armiq.<\/p>\n<p>\u00cbsht\u00eb identike sot metamorfoza e partis\u00eb s\u00eb krimit p\u00ebrs\u00ebri, tani jo mbi baza ideologjike, por mbi baza mafioze t\u00eb pakufishme.<\/p>\n<p>Sot krimi n\u00eb k\u00ebt\u00eb parti e merr nj\u00eb anonim dhe e \u00e7on n\u00eb pozicionin e dyt\u00eb n\u00eb Durr\u00ebs, pas Edi Ram\u00ebs deputet.<\/p>\n<p>Sot krimi e merr ministrin p\u00ebr zverku, i thot\u00eb shko e m\u00eb arresto kund\u00ebrshtar\u00ebt e mi n\u00eb m\u00ebnyr\u00eb q\u00eb t\u00eb jap votat.<\/p>\n<p>Sot krimi ka pushtuar zyr\u00ebn m\u00eb nevralgjike t\u00eb t\u00eb gjith\u00eb urbanistik\u00ebs s\u00eb vendet, lejeve t\u00eb nd\u00ebrtimit dhe resorteve turistike. E kontrollon n\u00eb m\u00ebnyr\u00eb dragoniane, vet\u00eb kryeministrin, q\u00eb ndan, \u00ebsht\u00eb i vetmi n\u00eb bot\u00eb q\u00eb firmos \u00e7do leje nd\u00ebrtimi n\u00eb vendin e tij.<\/p>\n<p>Sot kjo diktatur\u00eb nuk ka aspekte kruele t\u00eb luft\u00ebs s\u00eb klasave sepse \u00ebsht\u00eb nj\u00eb koh\u00eb tjet\u00ebr, por ju do t\u00eb \u00e7uditeni, por n\u00eb rrafshin e centralizimit dhe decentralizimit ju garantoj se pothuajse n\u00eb \u00e7do fush\u00eb kjo diktatur\u00eb sot \u00ebsht\u00eb 2 her\u00eb, 3 her\u00eb me e centralizuar se diktatura m\u00eb Staliniste q\u00eb ishte diktatura e Enver Hoxh\u00ebs\u201d, u shpreh Berisha.<\/p>\n","protected":false},"excerpt":{"rendered":"<p>Lideri i opozit\u00ebs, Sali Berisha, n\u00eb eventin e organizuar nga departamenti \u201cBrain Gain\u201d i Partis\u00eb Demokratike, vler\u00ebsoi kontributin e an\u00ebtar\u00ebve t\u00eb k\u00ebtij departamenti p\u00ebr pasurimin dhe modernizimin e Partis\u00eb Demokratike n\u00eb nj\u00eb koh\u00eb sfidash. Berisha theksoi se puna e tyre ka sjell\u00eb nj\u00eb dimension t\u00eb ri dhe t\u00eb v\u00ebrtet\u00eb p\u00ebr partin\u00eb, duke n\u00ebnvizuar r\u00ebnd\u00ebsin\u00eb e &hellip;<\/p>\n","protected":false},"author":4,"featured_media":102406,"comment_status":"closed","ping_status":"closed","sticky":false,"template":"","format":"standard","meta":{"footnotes":""},"categories":[37],"tags":[],"class_list":["post-102405","post","type-post","status-publish","format-standard","has-post-thumbnail","","category-politike"],"_links":{"self":[{"href":"https:\/\/rdnews.al\/index.php\/wp-json\/wp\/v2\/posts\/102405","targetHints":{"allow":["GET"]}}],"collection":[{"href":"https:\/\/rdnews.al\/index.php\/wp-json\/wp\/v2\/posts"}],"about":[{"href":"https:\/\/rdnews.al\/index.php\/wp-json\/wp\/v2\/types\/post"}],"author":[{"embeddable":true,"href":"https:\/\/rdnews.al\/index.php\/wp-json\/wp\/v2\/users\/4"}],"replies":[{"embeddable":true,"href":"https:\/\/rdnews.al\/index.php\/wp-json\/wp\/v2\/comments?post=102405"}],"version-history":[{"count":1,"href":"https:\/\/rdnews.al\/index.php\/wp-json\/wp\/v2\/posts\/102405\/revisions"}],"predecessor-version":[{"id":102407,"href":"https:\/\/rdnews.al\/index.php\/wp-json\/wp\/v2\/posts\/102405\/revisions\/102407"}],"wp:featuredmedia":[{"embeddable":true,"href":"https:\/\/rdnews.al\/index.php\/wp-json\/wp\/v2\/media\/102406"}],"wp:attachment":[{"href":"https:\/\/rdnews.al\/index.php\/wp-json\/wp\/v2\/media?parent=102405"}],"wp:term":[{"taxonomy":"category","embeddable":true,"href":"https:\/\/rdnews.al\/index.php\/wp-json\/wp\/v2\/categories?post=102405"},{"taxonomy":"post_tag","embeddable":true,"href":"https:\/\/rdnews.al\/index.php\/wp-json\/wp\/v2\/tags?post=102405"}],"curies":[{"name":"wp","href":"https:\/\/api.w.org\/{rel}","templated":true}]}}