{"id":102440,"date":"2025-01-24T20:20:42","date_gmt":"2025-01-24T20:20:42","guid":{"rendered":"https:\/\/rdnews.al\/?p=102440"},"modified":"2025-01-24T20:20:42","modified_gmt":"2025-01-24T20:20:42","slug":"studentet-ne-serbi-bllokojne-rruget-mosbindje-civile-per-rrezimin-e-vucic","status":"publish","type":"post","link":"https:\/\/rdnews.al\/index.php\/2025\/01\/24\/studentet-ne-serbi-bllokojne-rruget-mosbindje-civile-per-rrezimin-e-vucic\/","title":{"rendered":"Student\u00ebt n\u00eb Serbi bllokojn\u00eb rrug\u00ebt: Mosbindje civile p\u00ebr rrezimin e Vu\u00e7i\u00e7"},"content":{"rendered":"<div class=\"xdj266r x11i5rnm xat24cr x1mh8g0r x1vvkbs x126k92a\">\n<div dir=\"auto\">Serbia u p\u00ebrfshi t\u00eb premten nga nj\u00eb grev\u00eb e p\u00ebrgjithshme, q\u00eb student\u00ebt e kan\u00eb quajtur &#8220;mosbindje e p\u00ebrgjithshme civile&#8221;. Mij\u00ebra qytetar\u00eb dhe student\u00eb mbush\u00ebn sheshet dhe bllokuan rrug\u00ebt n\u00eb Beograd dhe qytete t\u00eb tjera, duke k\u00ebrkuar p\u00ebrgjegj\u00ebsi p\u00ebr tragjedin\u00eb n\u00eb Novi Sad, ku m\u00eb 1 n\u00ebntor humb\u00ebn jet\u00ebn 15 persona nga shembja e nj\u00eb streh\u00ebze n\u00eb Stacionin Hekurudhor.<\/div>\n<\/div>\n<div class=\"x11i5rnm xat24cr x1mh8g0r x1vvkbs xtlvy1s x126k92a\">\n<div dir=\"auto\">Protestuesit k\u00ebrkojn\u00eb p\u00ebrgjegj\u00ebsi penale dhe politike p\u00ebr tragjedin\u00eb, ndalimin e procedurave ndaj aktivist\u00ebve t\u00eb arrestuar dhe rritjen e buxhetit p\u00ebr universitetet. P\u00ebr m\u00eb shum\u00eb se dy muaj, student\u00ebt kan\u00eb bllokuar fakultetet si pjes\u00eb e protest\u00ebs s\u00eb tyre.<\/div>\n<\/div>\n<div class=\"x11i5rnm xat24cr x1mh8g0r x1vvkbs xtlvy1s x126k92a\">\n<div dir=\"auto\">Incidentet nuk munguan gjat\u00eb grev\u00ebs. Nj\u00eb vajz\u00eb u plagos n\u00eb Novi Beograd pasi nj\u00eb makin\u00eb goditi nj\u00eb grup protestuesish. Ajo u d\u00ebrgua n\u00eb qendr\u00ebn e emergjenc\u00ebs p\u00ebr trajtim.<\/div>\n<\/div>\n<div class=\"x11i5rnm xat24cr x1mh8g0r x1vvkbs xtlvy1s x126k92a\">\n<div dir=\"auto\">N\u00eb t\u00eb nj\u00ebjt\u00ebn dit\u00eb, presidenti i Serbis\u00eb, Aleksandar Vu\u00e7i\u00e7, zhvilloi nj\u00eb tubim n\u00eb Jagodin\u00eb, ku shpalli formimin e nj\u00eb &#8220;L\u00ebvizjeje p\u00ebr popullin dhe shtetin&#8221;, duke akuzuar sh\u00ebrbimet e huaja t\u00eb inteligjenc\u00ebs dhe &#8220;mercenar\u00eb t\u00eb huaj&#8221; p\u00ebr p\u00ebrfshirje n\u00eb protestat e student\u00ebve.<\/div>\n<\/div>\n<div class=\"x11i5rnm xat24cr x1mh8g0r x1vvkbs xtlvy1s x126k92a\">\n<div dir=\"auto\">Greva, e shoq\u00ebruar me nd\u00ebrprerje t\u00eb pun\u00ebs dhe aktiviteteve t\u00eb p\u00ebrditshme, sh\u00ebnon nj\u00eb moment kritik n\u00eb tensionet politike dhe sociale n\u00eb Serbi.<\/div>\n<\/div>\n","protected":false},"excerpt":{"rendered":"<p>Serbia u p\u00ebrfshi t\u00eb premten nga nj\u00eb grev\u00eb e p\u00ebrgjithshme, q\u00eb student\u00ebt e kan\u00eb quajtur &#8220;mosbindje e p\u00ebrgjithshme civile&#8221;. Mij\u00ebra qytetar\u00eb dhe student\u00eb mbush\u00ebn sheshet dhe bllokuan rrug\u00ebt n\u00eb Beograd dhe qytete t\u00eb tjera, duke k\u00ebrkuar p\u00ebrgjegj\u00ebsi p\u00ebr tragjedin\u00eb n\u00eb Novi Sad, ku m\u00eb 1 n\u00ebntor humb\u00ebn jet\u00ebn 15 persona nga shembja e nj\u00eb streh\u00ebze &hellip;<\/p>\n","protected":false},"author":3,"featured_media":102441,"comment_status":"closed","ping_status":"closed","sticky":false,"template":"","format":"standard","meta":{"footnotes":""},"categories":[38],"tags":[],"class_list":["post-102440","post","type-post","status-publish","format-standard","has-post-thumbnail","","category-bota"],"_links":{"self":[{"href":"https:\/\/rdnews.al\/index.php\/wp-json\/wp\/v2\/posts\/102440","targetHints":{"allow":["GET"]}}],"collection":[{"href":"https:\/\/rdnews.al\/index.php\/wp-json\/wp\/v2\/posts"}],"about":[{"href":"https:\/\/rdnews.al\/index.php\/wp-json\/wp\/v2\/types\/post"}],"author":[{"embeddable":true,"href":"https:\/\/rdnews.al\/index.php\/wp-json\/wp\/v2\/users\/3"}],"replies":[{"embeddable":true,"href":"https:\/\/rdnews.al\/index.php\/wp-json\/wp\/v2\/comments?post=102440"}],"version-history":[{"count":1,"href":"https:\/\/rdnews.al\/index.php\/wp-json\/wp\/v2\/posts\/102440\/revisions"}],"predecessor-version":[{"id":102442,"href":"https:\/\/rdnews.al\/index.php\/wp-json\/wp\/v2\/posts\/102440\/revisions\/102442"}],"wp:featuredmedia":[{"embeddable":true,"href":"https:\/\/rdnews.al\/index.php\/wp-json\/wp\/v2\/media\/102441"}],"wp:attachment":[{"href":"https:\/\/rdnews.al\/index.php\/wp-json\/wp\/v2\/media?parent=102440"}],"wp:term":[{"taxonomy":"category","embeddable":true,"href":"https:\/\/rdnews.al\/index.php\/wp-json\/wp\/v2\/categories?post=102440"},{"taxonomy":"post_tag","embeddable":true,"href":"https:\/\/rdnews.al\/index.php\/wp-json\/wp\/v2\/tags?post=102440"}],"curies":[{"name":"wp","href":"https:\/\/api.w.org\/{rel}","templated":true}]}}