{"id":102552,"date":"2025-01-27T09:17:08","date_gmt":"2025-01-27T09:17:08","guid":{"rendered":"https:\/\/rdnews.al\/?p=102552"},"modified":"2025-01-27T09:20:44","modified_gmt":"2025-01-27T09:20:44","slug":"kasmi-primaret-ne-pd-risi-per-politiken-shqiptare-proces-emancipimi-politik","status":"publish","type":"post","link":"https:\/\/rdnews.al\/index.php\/2025\/01\/27\/kasmi-primaret-ne-pd-risi-per-politiken-shqiptare-proces-emancipimi-politik\/","title":{"rendered":"Kasmi: Primaret n\u00eb PD risi p\u00ebr politik\u00ebn shqiptare, proces emancipimi politik!"},"content":{"rendered":"<p>Kryeredaktori i &#8220;RD&#8221;, Bledi Kasmi e konsideron procesin e primareve n\u00eb PD, si nj\u00eb risi p\u00ebr politik\u00ebn shqiptare, duke shtuar se nd\u00ebr t\u00eb tjera tregon edhe emancimpimin e nj\u00eb force politike gjithashtu.<\/p>\n<p>I ftuar n\u00eb emisionin \u2018Kafe Shqeto\u2019 n\u00eb Syri Tv, p\u00ebrmes nj\u00eb lidhje me skype, Kasmi tha se gara e hapur brenda nj\u00eb partie \u00ebsht\u00eb m\u00eb pozitive, pasi n\u00eb Shqip\u00eberi, v\u00ebshtir\u00eb se mund t\u00eb gjendet nj\u00eb kultur\u00eb e till\u00eb.<\/p>\n<p>Sipas Kasmit, po shihet t\u00eb gjitha variantet dhe mund\u00ebsit\u00eb e implementimit t\u00eb procesit t\u00eb primareve n\u00eb terren, dhe kjo sigurisht do t\u00eb ket\u00eb n\u00eb fokus edhe aleat\u00ebt dhe p\u00ebrfshirjen e\u00a0strukturave t\u00eb tjera t\u00eb partis\u00eb.<\/p>\n<p>P\u00ebr Kasmin, procesi i primareve nuk duhet t\u00eb shihet si nj\u00eb \u00e7\u00ebshtje madhore komb\u00ebtare, por si nj\u00eb nj\u00eb proces i brendsh\u00ebm politik.<\/p>\n<p>Fokusi i PD, sipas tij, duhet t\u00eb jet\u00eb shkat\u00ebrrimi i narkoregjimit dhe ngjallja e shpres\u00ebs te qytetar\u00ebt se kjo forc\u00eb poklitik\u00eb mund ta largoj\u00eb k\u00ebt\u00eb pushtet kriminal.<\/p>\n<p>\u201cPjesa e primarve duhet t\u00eb ket\u00eb problematikat e veta sa i p\u00ebrket aleat\u00ebve apo p\u00ebrfshirjes s\u00eb\u00a0 strukturave t\u00eb tjera t\u00eb partis\u00eb. Risi p\u00ebr politik\u00ebn e Shqip\u00ebris\u00eb, tregon emancipimin e nj\u00eb force politike dhe nga ana tjet\u00ebr implementimi n\u00eb terren. Po shihen variantet se si mund t\u00eb realizohet e konkretizohet n\u00eb terren. Do t\u00eb ket\u00eb nj\u00eb formul\u00eb p\u00ebr aleat\u00ebt, q\u00eb t\u00eb jen\u00eb pjes\u00eb e list\u00ebs s\u00eb PD.<\/p>\n<p>\u00cbsht\u00eb nj\u00eb skem\u00eb q\u00eb s\u2019jemi \u00ebmsuar me nj\u00eb demokraci t\u00eb till\u00eb, q\u00eb t\u00eb ket\u00eb nj\u00eb p\u00ebrfaq\u00ebsi t\u00eb till\u00eb. S\u2019jemi m\u00ebsuar me kultur\u00ebn e humbjes e pasjes s\u00eb drejt\u00eb. E s\u2019ka gj\u00eb m\u00eb t\u00eb mir\u00eb se gara e hapur. Pozitivja \u00ebsht\u00eb se kemi krijuar trup shum\u00eb t\u00eb fort\u00eb p\u00ebrfaq\u00ebsimi. PD i ka mbijetuar stuhive t\u00eb paimagjinueshme dhe ka krijuar nj\u00eb profil politik t\u00eb pathyesh\u00ebm.<\/p>\n<p>Nuk mjaftonin, SPAK, gjykata e qeveri, por kishim edhe nd\u00ebrkomb\u00ebtar\u00ebt p\u00ebrmes Soros n\u00eb sistemin e drejt\u00ebsis\u00eb q\u00eb ishte futur deri n\u00eb DASH, PD ia doli t\u00eb ruaj\u00eb identitetin dhe t\u00eb jet\u00eb nj\u00eb forc\u00eb e v\u00ebrtet\u00eb politike dhe alt\u00ebernative p\u00ebr t\u00eb mposhtur regjimin.<\/p>\n<p>Ka krijuar dhe nj\u00eb problematik\u00eb q\u00eb kjo\u2019 trup\u00eb spartan\u00ebsh\u2019, prej 300 vetash t\u00eb b\u00ebhen pjes\u00eb e gar\u00ebs n\u00eb primare. T\u00eb gjith\u00eb k\u00ebrkojn\u00eb t\u00eb b\u00ebhen pjes\u00eb e PD n\u00eb 4 vitete e ardhshme. S\u2019jan\u00eb t\u00eb parat, primaret e brendshme t\u00eb PD, ajo s\u2019duhet t\u00eb tejkaloj\u00eb kufijt\u00eb e strukturave t\u00eb brendshme t\u00eb partis\u00eb.<\/p>\n<p>Halli m\u00eb i madh i shqiptar\u00ebve t\u00eb ket\u00eb nj\u00eb PD t\u00eb fort\u00eb, e gatshme p\u00ebr t\u00eb mposhtur nj\u00eb regjim kriminal n\u00eb 12 vite, q\u00eb n\u00ebnshtron vot\u00ebn e shqiptar\u00ebve. Kjo \u00ebsht\u00eb sfida e v\u00ebrtet\u00eb e PD. Primaret duhet t\u00eb jen\u00eb thjesht nj\u00eb \u00e7\u00ebshtje e brendshme e PD, dhe s\u2019ka arsye t\u00eb b\u00ebhet aq \u00e7\u00ebshtje komb\u00ebtare. \u00c7\u00ebshtja komb\u00ebtare e PD \u00ebsht\u00eb rr\u00ebzimi i regjimit dhe t\u00eb ngjall\u00eb shpres\u00ebn p\u00ebr t\u00eb rr\u00ebzuar k\u00ebt\u00eb band\u00eb\u201d, tha Kasmi.<\/p>\n","protected":false},"excerpt":{"rendered":"<p>Kryeredaktori i &#8220;RD&#8221;, Bledi Kasmi e konsideron procesin e primareve n\u00eb PD, si nj\u00eb risi p\u00ebr politik\u00ebn shqiptare, duke shtuar se nd\u00ebr t\u00eb tjera tregon edhe emancimpimin e nj\u00eb force politike gjithashtu. I ftuar n\u00eb emisionin \u2018Kafe Shqeto\u2019 n\u00eb Syri Tv, p\u00ebrmes nj\u00eb lidhje me skype, Kasmi tha se gara e hapur brenda nj\u00eb partie &hellip;<\/p>\n","protected":false},"author":4,"featured_media":11073,"comment_status":"closed","ping_status":"closed","sticky":false,"template":"","format":"standard","meta":{"footnotes":""},"categories":[37],"tags":[],"class_list":["post-102552","post","type-post","status-publish","format-standard","has-post-thumbnail","","category-politike"],"_links":{"self":[{"href":"https:\/\/rdnews.al\/index.php\/wp-json\/wp\/v2\/posts\/102552","targetHints":{"allow":["GET"]}}],"collection":[{"href":"https:\/\/rdnews.al\/index.php\/wp-json\/wp\/v2\/posts"}],"about":[{"href":"https:\/\/rdnews.al\/index.php\/wp-json\/wp\/v2\/types\/post"}],"author":[{"embeddable":true,"href":"https:\/\/rdnews.al\/index.php\/wp-json\/wp\/v2\/users\/4"}],"replies":[{"embeddable":true,"href":"https:\/\/rdnews.al\/index.php\/wp-json\/wp\/v2\/comments?post=102552"}],"version-history":[{"count":5,"href":"https:\/\/rdnews.al\/index.php\/wp-json\/wp\/v2\/posts\/102552\/revisions"}],"predecessor-version":[{"id":102557,"href":"https:\/\/rdnews.al\/index.php\/wp-json\/wp\/v2\/posts\/102552\/revisions\/102557"}],"wp:featuredmedia":[{"embeddable":true,"href":"https:\/\/rdnews.al\/index.php\/wp-json\/wp\/v2\/media\/11073"}],"wp:attachment":[{"href":"https:\/\/rdnews.al\/index.php\/wp-json\/wp\/v2\/media?parent=102552"}],"wp:term":[{"taxonomy":"category","embeddable":true,"href":"https:\/\/rdnews.al\/index.php\/wp-json\/wp\/v2\/categories?post=102552"},{"taxonomy":"post_tag","embeddable":true,"href":"https:\/\/rdnews.al\/index.php\/wp-json\/wp\/v2\/tags?post=102552"}],"curies":[{"name":"wp","href":"https:\/\/api.w.org\/{rel}","templated":true}]}}