{"id":102558,"date":"2025-01-27T09:27:06","date_gmt":"2025-01-27T09:27:06","guid":{"rendered":"https:\/\/rdnews.al\/?p=102558"},"modified":"2025-01-27T09:28:18","modified_gmt":"2025-01-27T09:28:18","slug":"berisha-mbeshtet-protesten-e-aktivisteve-stop-diskriminimit-te-veriut-nga-edi-rama","status":"publish","type":"post","link":"https:\/\/rdnews.al\/index.php\/2025\/01\/27\/berisha-mbeshtet-protesten-e-aktivisteve-stop-diskriminimit-te-veriut-nga-edi-rama\/","title":{"rendered":"Berisha: Stop diskriminimit t\u00eb veriut nga Edi Rama!"},"content":{"rendered":"<div id=\"rekl-49\">Aktivist\u00ebt e diaspor\u00ebs kan\u00eb thirrur sot nj\u00eb protest\u00eb p\u00ebrpara kryeministris\u00eb kund\u00ebr diskriminimit t\u00eb veriut nga Edi Rama.<\/div>\n<div class=\"readmore-text-here\">\n<p>Nd\u00ebrkoh\u00eb, k\u00ebt\u00eb protest\u00eb e ka mb\u00ebshtetur edhe kreu i opozit\u00ebs, Sali Berisha.<\/p>\n<p>Ai ka shp\u00ebrndar\u00eb mesazhin e tyre n\u00eb rrjetet sociale.<\/p>\n<div id=\"rekl-13\"><\/div>\n<p>Rama jo vet\u00ebm q\u00eb e ka diskriminuar veriun me investime, por edhe kur ato jan\u00eb realizuar, atyre iu \u00ebsht\u00eb v\u00ebn\u00eb trau.<\/p>\n<p>Sot p\u00ebr banor\u00ebt e veriut \u00ebsht\u00eb shum\u00eb m\u00eb e v\u00ebshtir\u00eb t\u00eb l\u00ebvizin drejt Tiran\u00ebs.<\/p>\n<p><img decoding=\"async\" src=\"https:\/\/www.syri.net\/uploads\/syri.net\/images\/2025\/January\/27\/auto_proteste1737967960.jpg\" alt=\"Image\" \/><\/p>\n<\/div>\n<p>&nbsp;<\/p>\n","protected":false},"excerpt":{"rendered":"<p>Aktivist\u00ebt e diaspor\u00ebs kan\u00eb thirrur sot nj\u00eb protest\u00eb p\u00ebrpara kryeministris\u00eb kund\u00ebr diskriminimit t\u00eb veriut nga Edi Rama. Nd\u00ebrkoh\u00eb, k\u00ebt\u00eb protest\u00eb e ka mb\u00ebshtetur edhe kreu i opozit\u00ebs, Sali Berisha. Ai ka shp\u00ebrndar\u00eb mesazhin e tyre n\u00eb rrjetet sociale. Rama jo vet\u00ebm q\u00eb e ka diskriminuar veriun me investime, por edhe kur ato jan\u00eb realizuar, atyre &hellip;<\/p>\n","protected":false},"author":4,"featured_media":102559,"comment_status":"closed","ping_status":"closed","sticky":false,"template":"","format":"standard","meta":{"footnotes":""},"categories":[37],"tags":[],"class_list":["post-102558","post","type-post","status-publish","format-standard","has-post-thumbnail","","category-politike"],"_links":{"self":[{"href":"https:\/\/rdnews.al\/index.php\/wp-json\/wp\/v2\/posts\/102558","targetHints":{"allow":["GET"]}}],"collection":[{"href":"https:\/\/rdnews.al\/index.php\/wp-json\/wp\/v2\/posts"}],"about":[{"href":"https:\/\/rdnews.al\/index.php\/wp-json\/wp\/v2\/types\/post"}],"author":[{"embeddable":true,"href":"https:\/\/rdnews.al\/index.php\/wp-json\/wp\/v2\/users\/4"}],"replies":[{"embeddable":true,"href":"https:\/\/rdnews.al\/index.php\/wp-json\/wp\/v2\/comments?post=102558"}],"version-history":[{"count":2,"href":"https:\/\/rdnews.al\/index.php\/wp-json\/wp\/v2\/posts\/102558\/revisions"}],"predecessor-version":[{"id":102561,"href":"https:\/\/rdnews.al\/index.php\/wp-json\/wp\/v2\/posts\/102558\/revisions\/102561"}],"wp:featuredmedia":[{"embeddable":true,"href":"https:\/\/rdnews.al\/index.php\/wp-json\/wp\/v2\/media\/102559"}],"wp:attachment":[{"href":"https:\/\/rdnews.al\/index.php\/wp-json\/wp\/v2\/media?parent=102558"}],"wp:term":[{"taxonomy":"category","embeddable":true,"href":"https:\/\/rdnews.al\/index.php\/wp-json\/wp\/v2\/categories?post=102558"},{"taxonomy":"post_tag","embeddable":true,"href":"https:\/\/rdnews.al\/index.php\/wp-json\/wp\/v2\/tags?post=102558"}],"curies":[{"name":"wp","href":"https:\/\/api.w.org\/{rel}","templated":true}]}}