{"id":102608,"date":"2025-01-27T12:06:32","date_gmt":"2025-01-27T12:06:32","guid":{"rendered":"https:\/\/rdnews.al\/?p=102608"},"modified":"2025-01-27T12:12:54","modified_gmt":"2025-01-27T12:12:54","slug":"berisha-do-jem-ne-kongresin-elektoral-te-cdu-ne-gjermani-kam-agjende-per-takimet-me-diasporen","status":"publish","type":"post","link":"https:\/\/rdnews.al\/index.php\/2025\/01\/27\/berisha-do-jem-ne-kongresin-elektoral-te-cdu-ne-gjermani-kam-agjende-per-takimet-me-diasporen\/","title":{"rendered":"Berisha, takime tek CDU n\u00eb Gjermani, axhend\u00eb nd\u00ebrkomb\u00ebtare takimesh"},"content":{"rendered":"<p>Kryetari i PD, Sali Berisha ka konfirmuar pjes\u00ebmarrjen e tij n\u00eb kongresin elektoral t\u00eb CDU n\u00eb Gjermani.<\/p>\n<p>N\u00eb konferenc\u00ebn me gazetar\u00ebt, Berisha tha se takimet me diasopor\u00ebn jan\u00eb n\u00eb agjend\u00ebn e tij politike, po p\u00ebr shkak se koha nuk premton p\u00ebr takime me bashk\u00ebatdhetar\u00ebt shqiptar\u00eb atje, \u00ebsht\u00eb planifikuar p\u00ebr nj\u00eb radh\u00eb tjet\u00ebr.<\/p>\n<p>\u201cN\u00eb Gjermani jam i ftuar p\u00ebr t\u00eb marr\u00eb pjes\u00eb si kryetar partie n\u00eb kongresin elektoral t\u00eb CDU.<\/p>\n<p>Ky kongres \u00ebsht\u00eb nj\u00ebditor ose m\u00eb pak mund t\u00eb jet\u00eb.<\/p>\n<p>Jan\u00eb t\u00eb ftuar kryetar\u00eb t\u00eb partive an\u00ebtare t\u00eb Partis\u00eb Popullore dhe un\u00eb do t\u00eb shkoj t\u00eb marr pjes\u00eb.<\/p>\n<p>Mendova t\u00eb organizoj nj\u00eb takim tjet\u00ebr me shqiptar\u00eb, por koha nuk m\u00eb premton, k\u00ebshtu q\u00eb un\u00eb do t\u00eb shkoj nj\u00ebher\u00eb tjet\u00ebr p\u00ebr t\u00eb takuar emigrant\u00ebt n\u00eb Gjermani&#8230;<\/p>\n<p>&#8230;Kam nj\u00eb agjend\u00eb, do filloj n\u00eb disa takime.<\/p>\n<p>Do shkoj n\u00eb disa takime dhe do i njoftoj takimet\u201d, tha Berisha.<\/p>\n","protected":false},"excerpt":{"rendered":"<p>Kryetari i PD, Sali Berisha ka konfirmuar pjes\u00ebmarrjen e tij n\u00eb kongresin elektoral t\u00eb CDU n\u00eb Gjermani. N\u00eb konferenc\u00ebn me gazetar\u00ebt, Berisha tha se takimet me diasopor\u00ebn jan\u00eb n\u00eb agjend\u00ebn e tij politike, po p\u00ebr shkak se koha nuk premton p\u00ebr takime me bashk\u00ebatdhetar\u00ebt shqiptar\u00eb atje, \u00ebsht\u00eb planifikuar p\u00ebr nj\u00eb radh\u00eb tjet\u00ebr. \u201cN\u00eb Gjermani jam &hellip;<\/p>\n","protected":false},"author":4,"featured_media":102616,"comment_status":"closed","ping_status":"closed","sticky":false,"template":"","format":"standard","meta":{"footnotes":""},"categories":[37],"tags":[],"class_list":["post-102608","post","type-post","status-publish","format-standard","has-post-thumbnail","","category-politike"],"_links":{"self":[{"href":"https:\/\/rdnews.al\/index.php\/wp-json\/wp\/v2\/posts\/102608","targetHints":{"allow":["GET"]}}],"collection":[{"href":"https:\/\/rdnews.al\/index.php\/wp-json\/wp\/v2\/posts"}],"about":[{"href":"https:\/\/rdnews.al\/index.php\/wp-json\/wp\/v2\/types\/post"}],"author":[{"embeddable":true,"href":"https:\/\/rdnews.al\/index.php\/wp-json\/wp\/v2\/users\/4"}],"replies":[{"embeddable":true,"href":"https:\/\/rdnews.al\/index.php\/wp-json\/wp\/v2\/comments?post=102608"}],"version-history":[{"count":4,"href":"https:\/\/rdnews.al\/index.php\/wp-json\/wp\/v2\/posts\/102608\/revisions"}],"predecessor-version":[{"id":102617,"href":"https:\/\/rdnews.al\/index.php\/wp-json\/wp\/v2\/posts\/102608\/revisions\/102617"}],"wp:featuredmedia":[{"embeddable":true,"href":"https:\/\/rdnews.al\/index.php\/wp-json\/wp\/v2\/media\/102616"}],"wp:attachment":[{"href":"https:\/\/rdnews.al\/index.php\/wp-json\/wp\/v2\/media?parent=102608"}],"wp:term":[{"taxonomy":"category","embeddable":true,"href":"https:\/\/rdnews.al\/index.php\/wp-json\/wp\/v2\/categories?post=102608"},{"taxonomy":"post_tag","embeddable":true,"href":"https:\/\/rdnews.al\/index.php\/wp-json\/wp\/v2\/tags?post=102608"}],"curies":[{"name":"wp","href":"https:\/\/api.w.org\/{rel}","templated":true}]}}