{"id":102612,"date":"2025-01-27T12:11:09","date_gmt":"2025-01-27T12:11:09","guid":{"rendered":"https:\/\/rdnews.al\/?p=102612"},"modified":"2025-01-27T12:11:09","modified_gmt":"2025-01-27T12:11:09","slug":"berisha-nje-kryetar-dege-qe-nuk-jep-doreheqjen-nuk-mund-te-hyje-ne-primare-kemi-tre-variante-per-to","status":"publish","type":"post","link":"https:\/\/rdnews.al\/index.php\/2025\/01\/27\/berisha-nje-kryetar-dege-qe-nuk-jep-doreheqjen-nuk-mund-te-hyje-ne-primare-kemi-tre-variante-per-to\/","title":{"rendered":"Berisha: Nj\u00eb kryetar dege q\u00eb nuk jep dor\u00ebheqjen, nuk mund t\u00eb hyj\u00eb n\u00eb primare! Kemi tre variante p\u00ebr to"},"content":{"rendered":"<p>Teksa PD p\u00ebrgatitet p\u00ebr procesin e primareve, lideri i saj, Sali Berisha \u00ebsht\u00eb\u00a0shprehur i prer\u00eb se nj\u00eb kryetar dege q\u00eb nuk jep dor\u00ebheqjen, nuk do ta ket\u00eb t\u00eb mundur futjen n\u00eb gar\u00eb.<\/p>\n<p>Duke iu p\u00ebrgjigjur interesimit t\u00eb gazetar\u00ebve n\u00eb konferenc\u00ebs me ta n\u00eb k\u00ebt\u00eb fillimjave, Berisha tha se p\u00ebr procesin e primareve n\u00eb PD, jan\u00eb tre variante, teksa shtoi se do t\u00eb vendoset p\u00ebr variantit m\u00eb logjik.<\/p>\n<p>\u201cRregullorja \u00ebsht\u00eb b\u00ebr\u00eb gati. Diskutim do ket\u00eb p\u00ebr k\u00ebt\u00eb.<\/p>\n<p>Ka tre variante.<\/p>\n<p>Ka nj\u00eb variant q\u00eb t\u00eb jen\u00eb deg\u00ebsh. Ka nj\u00eb variant tjet\u00ebr q\u00eb t\u00eb jen\u00eb qarku. Ka nj\u00eb propozim q\u00eb t\u00eb jen\u00eb list\u00eb komb\u00ebtare.<\/p>\n<p>Tani, t\u00eb them t\u00eb v\u00ebrtet\u00ebn, secili variant ka argumentet dhe pluset e veta.<\/p>\n<p>Por lista komb\u00ebtare, e cila ting\u00ebllon bukur, ka nj\u00eb problem se aplikohet n\u00eb nj\u00eb sistem q\u00eb \u00ebsht\u00eb rajonal dhe jo komb\u00ebtar.<\/p>\n<p>Por, un\u00eb nuk marr p\u00ebrsip\u00ebr t\u00eb an\u00ebsoj nga asnj\u00ebri variant, ve\u00e7se do diskutohen variantet dhe do vendoset varianti m\u00eb logjik.<\/p>\n<p>Rregullorja \u00ebsht\u00eb p\u00ebrpunuar&#8230;<\/p>\n<p>&#8230;N\u00eb pamje t\u00eb par\u00eb, po m\u00eb shtyn t\u00eb prononcohem. Sigurisht lista komb\u00ebtare \u00ebsht\u00eb list\u00eb komb\u00ebtare, por gjersa sistemi \u00ebsht\u00eb rajonal un\u00eb besoj se je i detyruar t\u00eb respektosh sistemin rajonal.<\/p>\n<p>A mund t\u00eb shartohen dhe t\u00eb p\u00ebrdoret vot\u00eb e dyfisht\u00eb?<\/p>\n<p>Nuk mund ta them k\u00ebt\u00eb, duhet ta mendojm\u00eb me ekspert\u00eb dhe specialist\u00eb&#8230;<\/p>\n<p>&#8230;Mesa di un\u00eb kan\u00eb dh\u00ebn\u00eb dor\u00ebheqjen 5 kryetar\u00eb deg\u00ebsh dhe kjo nuk \u00ebsht\u00eb nj\u00eb shif\u00ebr p\u00ebrfundimtare.<\/p>\n<p>Dhe kjo p\u00ebrb\u00ebn nj\u00eb detyrim statutor n\u00eb m\u00ebnyr\u00eb q\u00eb dega e PD, votimi dhe t\u00eb gjitha t\u00eb jen\u00eb distante me t\u00eb gjith\u00eb kandidat\u00ebt.<\/p>\n<p>Nj\u00eb kryetar dege q\u00eb nuk jep dor\u00ebheqjen, nuk mund t\u00eb hyj\u00eb n\u00eb primare. Kryetari i deg\u00ebs q\u00eb duhet t\u00eb hyj\u00eb n\u00eb primare, duhet t\u00eb respektoj\u00eb statutin.<\/p>\n<p>Kryetari i deg\u00ebs plot\u00ebson \u00e7do kriter p\u00ebr t\u00eb qen\u00eb kandidat dhe deputet, por ai ka detyrimin t\u00eb respektoj\u00eb statutin dhe t\u00eb hyj\u00eb n\u00eb gar\u00eb, nd\u00ebrkoh\u00eb drejtimi i partis\u00eb merret nga nj\u00eb person i komanduar, i cili si rregull duhet t\u00eb jet\u00eb n\u00ebnkryetar se zgjedhje nuk b\u00ebhen dot tani\u201d, tha Berisha.<\/p>\n","protected":false},"excerpt":{"rendered":"<p>Teksa PD p\u00ebrgatitet p\u00ebr procesin e primareve, lideri i saj, Sali Berisha \u00ebsht\u00eb\u00a0shprehur i prer\u00eb se nj\u00eb kryetar dege q\u00eb nuk jep dor\u00ebheqjen, nuk do ta ket\u00eb t\u00eb mundur futjen n\u00eb gar\u00eb. Duke iu p\u00ebrgjigjur interesimit t\u00eb gazetar\u00ebve n\u00eb konferenc\u00ebs me ta n\u00eb k\u00ebt\u00eb fillimjave, Berisha tha se p\u00ebr procesin e primareve n\u00eb PD, jan\u00eb &hellip;<\/p>\n","protected":false},"author":4,"featured_media":102613,"comment_status":"closed","ping_status":"closed","sticky":false,"template":"","format":"standard","meta":{"footnotes":""},"categories":[37],"tags":[],"class_list":["post-102612","post","type-post","status-publish","format-standard","has-post-thumbnail","","category-politike"],"_links":{"self":[{"href":"https:\/\/rdnews.al\/index.php\/wp-json\/wp\/v2\/posts\/102612","targetHints":{"allow":["GET"]}}],"collection":[{"href":"https:\/\/rdnews.al\/index.php\/wp-json\/wp\/v2\/posts"}],"about":[{"href":"https:\/\/rdnews.al\/index.php\/wp-json\/wp\/v2\/types\/post"}],"author":[{"embeddable":true,"href":"https:\/\/rdnews.al\/index.php\/wp-json\/wp\/v2\/users\/4"}],"replies":[{"embeddable":true,"href":"https:\/\/rdnews.al\/index.php\/wp-json\/wp\/v2\/comments?post=102612"}],"version-history":[{"count":1,"href":"https:\/\/rdnews.al\/index.php\/wp-json\/wp\/v2\/posts\/102612\/revisions"}],"predecessor-version":[{"id":102614,"href":"https:\/\/rdnews.al\/index.php\/wp-json\/wp\/v2\/posts\/102612\/revisions\/102614"}],"wp:featuredmedia":[{"embeddable":true,"href":"https:\/\/rdnews.al\/index.php\/wp-json\/wp\/v2\/media\/102613"}],"wp:attachment":[{"href":"https:\/\/rdnews.al\/index.php\/wp-json\/wp\/v2\/media?parent=102612"}],"wp:term":[{"taxonomy":"category","embeddable":true,"href":"https:\/\/rdnews.al\/index.php\/wp-json\/wp\/v2\/categories?post=102612"},{"taxonomy":"post_tag","embeddable":true,"href":"https:\/\/rdnews.al\/index.php\/wp-json\/wp\/v2\/tags?post=102612"}],"curies":[{"name":"wp","href":"https:\/\/api.w.org\/{rel}","templated":true}]}}