{"id":102683,"date":"2025-01-27T20:23:05","date_gmt":"2025-01-27T20:23:05","guid":{"rendered":"https:\/\/rdnews.al\/?p=102683"},"modified":"2025-01-27T20:43:03","modified_gmt":"2025-01-27T20:43:03","slug":"denoncimi-i-forte-i-ahmetajt-rama-shoqerohej-ne-davos-nga-koordinatori-i-krimit-te-organizuar","status":"publish","type":"post","link":"https:\/\/rdnews.al\/index.php\/2025\/01\/27\/denoncimi-i-forte-i-ahmetajt-rama-shoqerohej-ne-davos-nga-koordinatori-i-krimit-te-organizuar\/","title":{"rendered":"Denoncimi i fort\u00eb i Ahmetajt: Rama shoq\u00ebrohej n\u00eb Davos nga koordinatori i krimit t\u00eb organizuar"},"content":{"rendered":"<p>Skandal. Rama \u00ebsht\u00eb shoq\u00ebruar gjat\u00eb dy vizitave t\u00eb fundit t\u00eb tij n\u00eb Abu Dabi dhe n\u00eb Konferenc\u00ebn e Davosit nga koordinatori i krimit t\u00eb organizuar, Ergys Agasi. Agasi \u00ebsht\u00eb njeriu q\u00eb mban lidhjet e Ram\u00ebs me organizatat kriminale dhe p\u00ebr k\u00ebt\u00eb arsye ai e ka em\u00ebruar edhe koordinator t\u00eb tij me krimin.<\/p>\n<p><strong>Peka: Kjo \u00ebsht\u00eb. Vet\u00ebm ju se keni par\u00eb, kjo \u00ebsht\u00eb Partia Socialiste.<\/strong><\/p>\n<p><strong>Ahmetaj:<\/strong>\u00a0Po pse mo, Partia Socialiste ka dal\u00eb t\u00eb votoj\u00eb p\u00ebr Gys Agasin q\u00eb t\u00eb komandoj\u00eb Shqip\u00ebrin\u00eb???<\/p>\n<p><strong>Peka: Kjo \u00ebsht\u00eb, pse nuk e dije ti??<\/strong><\/p>\n<p><strong>Ahmetaj:<\/strong>\u00a0Jo mo, nuk e dija. Kur shkova n\u00eb zgjedhje nuk e dija q\u00eb do ndodhte kjo. \u00c7far\u00eb do Gys Agasi n\u00eb Emirate me kryeministrin edhe n\u00eb DAVOS, \u00e7far\u00eb p\u00ebrfaq\u00ebson?<\/p>\n","protected":false},"excerpt":{"rendered":"<p>Skandal. Rama \u00ebsht\u00eb shoq\u00ebruar gjat\u00eb dy vizitave t\u00eb fundit t\u00eb tij n\u00eb Abu Dabi dhe n\u00eb Konferenc\u00ebn e Davosit nga koordinatori i krimit t\u00eb organizuar, Ergys Agasi. Agasi \u00ebsht\u00eb njeriu q\u00eb mban lidhjet e Ram\u00ebs me organizatat kriminale dhe p\u00ebr k\u00ebt\u00eb arsye ai e ka em\u00ebruar edhe koordinator t\u00eb tij me krimin. Peka: Kjo \u00ebsht\u00eb. &hellip;<\/p>\n","protected":false},"author":3,"featured_media":102686,"comment_status":"closed","ping_status":"closed","sticky":false,"template":"","format":"standard","meta":{"footnotes":""},"categories":[37],"tags":[],"class_list":["post-102683","post","type-post","status-publish","format-standard","has-post-thumbnail","","category-politike"],"_links":{"self":[{"href":"https:\/\/rdnews.al\/index.php\/wp-json\/wp\/v2\/posts\/102683","targetHints":{"allow":["GET"]}}],"collection":[{"href":"https:\/\/rdnews.al\/index.php\/wp-json\/wp\/v2\/posts"}],"about":[{"href":"https:\/\/rdnews.al\/index.php\/wp-json\/wp\/v2\/types\/post"}],"author":[{"embeddable":true,"href":"https:\/\/rdnews.al\/index.php\/wp-json\/wp\/v2\/users\/3"}],"replies":[{"embeddable":true,"href":"https:\/\/rdnews.al\/index.php\/wp-json\/wp\/v2\/comments?post=102683"}],"version-history":[{"count":3,"href":"https:\/\/rdnews.al\/index.php\/wp-json\/wp\/v2\/posts\/102683\/revisions"}],"predecessor-version":[{"id":102696,"href":"https:\/\/rdnews.al\/index.php\/wp-json\/wp\/v2\/posts\/102683\/revisions\/102696"}],"wp:featuredmedia":[{"embeddable":true,"href":"https:\/\/rdnews.al\/index.php\/wp-json\/wp\/v2\/media\/102686"}],"wp:attachment":[{"href":"https:\/\/rdnews.al\/index.php\/wp-json\/wp\/v2\/media?parent=102683"}],"wp:term":[{"taxonomy":"category","embeddable":true,"href":"https:\/\/rdnews.al\/index.php\/wp-json\/wp\/v2\/categories?post=102683"},{"taxonomy":"post_tag","embeddable":true,"href":"https:\/\/rdnews.al\/index.php\/wp-json\/wp\/v2\/tags?post=102683"}],"curies":[{"name":"wp","href":"https:\/\/api.w.org\/{rel}","templated":true}]}}