{"id":102718,"date":"2025-01-28T09:00:17","date_gmt":"2025-01-28T09:00:17","guid":{"rendered":"https:\/\/rdnews.al\/?p=102718"},"modified":"2025-01-28T09:13:34","modified_gmt":"2025-01-28T09:13:34","slug":"deklarata-e-forte-rama-do-ti-jepte-investitorit-strategjik-edhe-token-e-ambasades-tone-ne-new-york","status":"publish","type":"post","link":"https:\/\/rdnews.al\/index.php\/2025\/01\/28\/deklarata-e-forte-rama-do-ti-jepte-investitorit-strategjik-edhe-token-e-ambasades-tone-ne-new-york\/","title":{"rendered":"Skandal! Rama k\u00ebrkon t\u2019i jap\u00eb mikut t\u00eb tij \u201cstrategjik\u201d tok\u00ebn e ambasad\u00ebs ton\u00eb n\u00eb New York"},"content":{"rendered":"<p>Ish-z\u00ebvend\u00ebskryeministri Arben Ahmetaj deklaroi n\u00eb intervist\u00ebn p\u00ebr \u00c7im Peka LIVE se, kryeministri Edi Rama nuk \u00ebsht\u00eb mjaftuar q\u00eb po dhuron copa Shqip\u00ebrie p\u00ebr t\u00eb ashtuquajturit investitor\u00eb strategjik\u00eb, por ka dashur t\u00eb jap\u00eb edhe tok\u00ebn e ambasad\u00ebs ton\u00eb n\u00eb SHBA.<\/p>\n<p>Ahmetaj u shpreh se beson se, SHBA do t\u00eb rikalibroj\u00eb t\u00eb ashtuquajtur\u00ebn reform\u00eb n\u00eb drejt\u00ebsi.<\/p>\n<p><strong>Intervista<\/strong><\/p>\n<p><strong>Ahmetaj:<\/strong>\u00a0Kam nj\u00eb gj\u00eb tjet\u00ebr interesante me nj\u00eb ish-minist\u00ebr, t\u00eb m\u00eb fal\u00eb se nuk i kam marr\u00eb leje, por po e p\u00ebrmend. Ky t\u00eb nj\u00ebjtit person q\u00eb desh t\u2019i jap\u00eb borxhin, ka dash\u00eb t\u2019i jap\u00eb tok\u00ebn e ambasad\u00ebs ton\u00eb, edhe sot po mundohen, q\u00eb po merren me Ministrin\u00eb e Financave p\u00ebr t\u00eb kthyer n\u00eb truall nd\u00ebrtimi oborrin e Bibliotek\u00ebs Komb\u00ebtare, kan\u00eb ikur fare nga trut\u00eb e kok\u00ebs. Nuk ka m\u00eb limit. Shqip\u00ebri cop\u00ebtohet si\u00e7 i do qejfi k\u00ebtij. Por do kund\u00ebrshtohet, do japin dor\u00ebheqje nga Ministria e Financave etj, etj. Dhe ka tentuar t\u2019i japi tok\u00ebn e ambasad\u00ebs ton\u00eb n\u00eb Nju Jork t\u00eb nj\u00ebjtit njeri q\u00eb desh t\u2019i jap\u00eb borxhin. Dhe sot po mundohen.<\/p>\n<p><strong>Peka:<\/strong>\u00a0Dhe ti ia refuzove?<\/p>\n<p><strong>Ahmetaj:<\/strong>\u00a0S\u2019ia refuzova un\u00eb, m\u00eb ka ardhur Ditmir Bushati dhe m\u00eb thot\u00eb, o v\u00eblla ti i merr vesh k\u00ebto, a mund t\u00eb ndodhi kjo? I thash\u00eb Ditmir, don\u2019t do it, \u00ebsht\u00eb e paligjshme. Kjo nj\u00eb dit\u00eb do hetohet dhe do ta kesh pun\u00ebn shum\u00eb keq. Ore \u00e7far\u00eb po ndodh me ligjin e investitor\u00ebve strategjik\u00eb, un\u00eb e kam mbrojtur n\u00eb parlament, por p\u00ebr 3 deri n\u00eb 5 vjet. Po jo 12 vjet. Sot ky po e p\u00ebrdor ligjin e investitor\u00ebve strategjik\u00eb p\u00ebr t\u00eb ndar\u00eb Shqip\u00ebrin\u00eb. E di cfar\u00eb ka plan ky, q\u00eb nj\u00eb dit\u00eb kur mos jet\u00eb n\u00eb pushtet, t\u00eb gjitha arteriet ekonomike t\u00eb vendit t\u2019i ket\u00eb ky n\u00eb dor\u00eb. Koncesionet jan\u00eb njer\u00ebzit e tij t\u00eb af\u00ebrt. Thuman\u00eb-Kashar kujt ia jep? Ky e ka ditur \u00e7far\u00eb ka ndodhur me Astirin, p\u00ebr t\u00eb mbuluar at\u00eb ky na shkarkoi 8 ministra. Dokumentet kan\u00eb qen\u00eb fallso.<\/p>\n<p><strong>Peka:<\/strong>\u00a0E ka ditur?<\/p>\n<p><strong>Ahmetaj:<\/strong>\u00a0Jam i bindur. P\u00ebr \u00e7far\u00eb merr prap\u00eb projekt publik nj\u00eb nj\u00ebri i lidhur me at\u00eb falsifikim. Budalla \u00ebsht\u00eb populli shqiptar? Un\u00eb kuptoj se shqiptar\u00ebt flen\u00eb nj\u00eb moment se i ka pickuar miza dhe i ka mpir\u00eb. Po zgjohen. Po pse ia jep mo nj\u00eb projekt 1.3 miliard\u00eb nj\u00eb njeriu t\u00eb lidhur me mashtrimin? Pse ia jep? Pra, q\u00ebllimi i k\u00ebtij \u00ebsht\u00eb, ky do p\u00ebrdori \u00e7do gj\u00eb p\u00ebr t\u00eb q\u00ebndruar n\u00eb pushtet, un\u00eb dua socialist\u00ebt n\u00eb pushtet, socialist\u00ebt mo, ky nuk ka lidhje me socialist\u00ebt. Dhe, nes\u00ebr do t\u2019i ket\u00eb t\u00eb gjitha arteriet ekonomike, portet po, rrug\u00ebt po, turizmin po, kazinot\u00eb po, e d\u00ebgjove ca tha Trumpi, kartelet e drog\u00ebs do shpallen terroriste?, Po mir\u00eb mo, nj\u00eb pyetje kam, a ka marr\u00eb ndonj\u00eb i lidhur me kartelet e drog\u00ebs, a i ka dh\u00ebn\u00eb ky licenc\u00eb kazinoje? \u00c7\u2019pun\u00eb ka ky mo me licencat e kazinove? Pse g\u00ebnjen publikun. Si\u00e7 i g\u00ebnjen q\u00eb tha s\u00eb vajta n\u00eb NBA se do b\u00ebj akademin\u00eb e NBA n\u00eb Durr\u00ebs. Po pse mo kush jemi n\u00eb, serb\u00ebt, finlandez\u00ebt q\u00eb po zhvillojn\u00eb basketbollin, ne kemi basketboll modest. Ky tallet me shqiptar\u00ebt, po ne qofshim. Altin Dumani me k\u00ebto t\u00eb merret. Si\u00e7 b\u00ebn p\u00ebr inceneratorin e Tiran\u00ebs q\u00eb duan t\u2019ia ngecin Taulant Tush\u00ebs, \u00e7a ka b\u00ebr\u00eb Tusha mo, ai ka qen\u00eb punonj\u00ebs. Po kujt mo dua k\u00ebta t\u2019ia ngecin?<\/p>\n<p>E di \u00e7far\u00eb ka ndodh me respirator\u00ebt. Ka pasur nj\u00eb tender t\u00eb sh\u00ebndet\u00ebsia p\u00ebr respirator\u00ebt, respirator\u00ebt n\u00eb baz\u00eb t\u00eb SPAK-ut kan\u00eb kushtuar 2 mij\u00eb euro, k\u00ebto u blen\u00eb 6400 euro. Hitet nga 2 dollar\u00eb u blen\u00eb me nga 6 dhe 9 dollar\u00eb. Tashi ca thot\u00eb SPAK? Nuk ka vep\u00ebr penale thot\u00eb, thjesht\u00eb komisioni gaboi pak se nuk konsultoi \u00e7mimet nd\u00ebrkomb\u00ebtare. Ej, nuk \u00ebsht\u00eb sajim, \u00ebsht\u00eb n\u00eb dosjen e SPAK.<\/p>\n<p>T\u00eb m\u00eb dalin edhe nd\u00ebrkomb\u00ebtar\u00ebt tani dhe t\u00eb m\u00eb tregojn\u00eb \u00e7far\u00eb reforme n\u00eb drejt\u00ebsi \u00ebsht\u00eb kjo.<\/p>\n<p>Gjykata speciale dhe prokurori speciale ka patur vet\u00ebm 3 her\u00eb n\u00eb Shqip\u00ebri.<\/p>\n<p>M\u00eb 1924 pas revolucionit t\u00eb \u201924, armiqt\u00eb e Zogut u fut\u00ebn n\u00eb burg, po jo kaq r\u00ebnd\u00eb, n\u00eb 1945 filloi me Gjergj Kokoshin dhe p\u00ebrfundoi \u2018I don\u2019t now\u2019 dhe kjo sot.<\/p>\n<p>Dhe trajtohen politikan\u00ebt, se \u00ebsht\u00eb interesante, se nga nj\u00ebra an\u00eb themi Shqip\u00ebria ka ndryshuar, dhe nga ana tjet\u00ebr trajtohen politikan\u00ebt sikur t\u00eb ken\u00eb qen\u00eb me eg\u00ebrsi e urrejtje sikur t\u00eb ken\u00eb qen\u00eb oficer\u00eb n\u00eb Mat\u2019hauzen, q\u00eb guxon ti heroi i f\u00ebmij\u00ebve t\u00eb mi q\u00eb miqt\u00eb e mi t\u00eb ken\u00eb frik\u00eb t\u00eb thon\u00eb, si je v\u00eblla, apo familja ime t\u00eb ket\u00eb frik\u00eb t\u00eb m\u00eb marr\u00eb n\u00eb telefon. Kjo tregon munges\u00eb aft\u00ebsie shtet-formuese, k\u00ebtu ka r\u00ebn\u00eb Shqip\u00ebria sot. Pse mo, Erion Veliaj \u00ebsht\u00eb 50% pronar faktik i inceneratorit, nuk meriton t\u00eb trajtohet ashtu, kurse Benet Beci ndryshe, pastaj prap\u00eb, p\u00ebr Erionin, mbaje k\u00ebt\u00eb se me duhet ta vras. Ne kemi b\u00ebr\u00eb gabime, por kemi punuar, nuk kemi qen\u00eb armiq. \u00c7\u2019\u00ebsht\u00eb more ky trajtim? Pra mos e lidh me Ben Ahmetajn, asnj\u00eb nj\u00ebri nuk duhet t\u00eb trajtohet pa dinjitet. E kan\u00eb n\u00ebp\u00ebrk\u00ebmbur Veliajn n\u00ebp\u00ebr media, ai ka qen\u00eb nj\u00eb strateg\u00ebt e sulmit ndaj meje, por nuk duhet t\u00eb trajtohet ashtu. Merru me Belind\u00ebn mo, pse nuk merresh me at\u00eb, pse nuk merresh me inceneratorin e Tiran\u00ebs. Kemi faktin te porti, 60 milion\u00eb euro do jepen reklama.<\/p>\n<p><strong>Peka:\u00a0<\/strong>Do blihen mediat.<\/p>\n<p><strong>Ahmetaj:\u00a0<\/strong>Po, do blihen mediat. McGonigal e tham\u00eb, biletat e NBA e tham\u00eb, ambasada jon\u00eb ne Nju Jork e tham\u00eb, nuk do merrem m\u00eb n\u00eb respekt t\u00eb asaj zonj\u00ebs\u2026<\/p>\n<p><strong>Peka:<\/strong>\u00a0Ore, ndale pak, p\u00ebr \u00e7far\u00eb respekti flet ndaj asaj zonj\u00ebs, e di q\u00eb ke punuar me t\u00eb, por n\u00eb qoft\u00eb se gruaja e kryeministrit pranon t\u00eb marr\u00eb para p\u00ebr t\u00eb matur pun\u00ebn e qeveris\u00eb s\u00eb burrit\u2026 dhe ti ma thua kam respekt?<\/p>\n<p><strong>Ahmetaj:<\/strong>\u00a0M\u00eb thoni nj\u00eb vend tjet\u00ebr n\u00eb bot\u00eb q\u00eb gruaja e kryeministrit merr para p\u00ebr t\u00eb matur pun\u00ebn e burrit, \u00ebsht\u00eb konflikt interesi i past\u00ebr, respekti nuk \u00ebsht\u00eb p\u00ebr k\u00ebt\u00eb, se s\u2019dua t\u2019i hyj t\u00eb tjerave. Po k\u00ebto BB, FMN ku jan\u00eb, e din\u00eb q\u00eb \u00ebsht\u00eb konflikt i past\u00ebr interesi.<\/p>\n<p>Pasuria ime ka ardhur n\u00eb r\u00ebnie nga koha q\u00eb kam hyr\u00eb n\u00eb qeveri.<\/p>\n<p>Edhe nj\u00eb ngacmim tjet\u00ebr mes Onkologjikut dhe kopshtit t\u00eb Edenit, ku Rama pi ver\u00eb me kreun e organizatave kriminale.<\/p>\n<p><strong>Peka:<\/strong>\u00a0Po thoni q\u00eb Rama pi k\u00ebt\u00eb lloj ver\u00eb q\u00eb kushton 33 mij\u00eb e 600 dollar\u00eb me element\u00eb t\u00eb krimi t\u00eb organizuar?<\/p>\n<p><strong>Ahmetaj:<\/strong>\u00a0Po. Rasti im \u00ebsht\u00eb fenomen i past\u00ebr ku drejt\u00ebsia \u00ebsht\u00eb e kapur nga politika dhe \u00ebsht\u00eb edhe falsifikim. Dhe nuk kan\u00eb asnj\u00eb prov\u00eb, kan\u00eb nj\u00eb shkres\u00eb q\u00eb \u00ebsht\u00eb opinion p\u00ebr vendim qeverie. Nuk kam firmosur kurr\u00eb, por meq\u00eb nuk kan\u00eb ku kapen, thot\u00eb dyshohet q\u00eb \u00ebsht\u00eb nj\u00eb nga\u2026 aty firmos Rama, p\u00ebrmes Niko Peleshit, k\u00ebtej matan\u00eb firmos Erioni, firmosin t\u00eb gjith\u00eb, un\u00eb jo, dhe ata jan\u00eb t\u00eb lir\u00eb, un\u00eb\u2026 dhe duan q\u00eb pun\u00ebn e Erjol\u00ebs ta quajn\u00eb fiktive. Pronat e mia q\u00eb ka shitur un\u00eb, kam shitur pronat e mia, k\u00ebta thon\u00eb ke shitur\u2026 pastrim para, jo po shiko se\u2026<\/p>\n<p><strong>Peka:<\/strong>\u00a0Dhe ku \u00ebsht\u00eb \u00e7\u00ebshtja juaj n\u00eb k\u00ebt\u00eb moment?<\/p>\n<p><strong>Ahmetaj:<\/strong>\u00a0T\u2019ju them nj\u00eb gj\u00eb flagrante. Kushtetuta ka nj\u00eb nen q\u00eb thot\u00eb se sht\u00ebpia apo banesa ku banon deputeti do aprovim nga parlamenti. Tani un\u00eb n\u00eb Lal\u00ebz jetojn\u00eb Keilis me Erjol\u00ebn, n\u00eb baz\u00eb t\u00eb vendimit t\u00eb gjykat\u00ebs Europiane ne konsiderohemi familje, aq m\u00eb tep\u00ebr q\u00eb f\u00ebmija e p\u00ebrforcon familjen, k\u00ebta kan\u00eb hyr\u00eb n\u00eb sht\u00ebpin\u00eb time pa leje t\u00eb parlamentit. K\u00ebta i kan\u00eb hyre n\u00eb sht\u00ebpin\u00eb time n\u00eb em\u00ebr t\u00eb Erjol\u00ebs pa leje, po pse e ka rrujt\u00eb Gjykata Kushtetues apo GJKKO, ore fare nuk i rruhet. Gjykata Kushtetuese thot\u00eb ou, pse me Ben Ahmetajn do merrem un\u00eb tani. Dy gjyqtar\u00eb nuk kontrollon ky n\u00eb Gjykat\u00ebn Kushtetuse, ore k\u00ebta i kan\u00eb mohuar buk\u00ebn f\u00ebmij\u00ebve. Brenda standardit t\u00eb SPAK, k\u00ebta kan\u00eb shkuar t\u00eb sht\u00ebpia e Erjol\u00ebs, t\u00eb cil\u00ebn nuk e konsideron gruan e Benit, derisa hyri pa leje t\u00eb parlamentit, dhe pastaj e akuzon p\u00ebr mosdeklarim se \u00ebsht\u00eb gruaja e Benit? Ore \u00e7far\u00eb standardi ke? Si n\u00eb nj\u00ebr\u00ebn an\u00eb qenka gruaja ime, n\u00eb tjetr\u00ebn jo. Si shpenzon 20 milion\u00eb dollar\u00eb n\u00eb gjith\u00eb bot\u00ebn p\u00ebr mua, apo q\u00eb ke kapur se un\u00eb kam fluturuar n\u00eb nj\u00eb avion me Mirel M\u00ebrtirin me 200 veta, nd\u00ebrsa Olsi ka udh\u00ebtuar 7 her\u00eb, nuk kam gj\u00eb me Olsin, por standardet\u2026<\/p>\n<p><strong>Peka:<\/strong>\u00a0Edhe nj\u00eb pyetje se po shkojm\u00eb gati 3 or\u00eb. \u00c7far\u00eb prisni pas k\u00ebsaj interviste?<\/p>\n<p><strong>Ahmetaj:<\/strong>\u00a0Ti i ke f\u00ebmij\u00ebt e rritur, dhe shyqyr Zotit t\u2019i kesh me jet\u00eb dhe nuk e ke par\u00eb k\u00ebt\u00eb filmin me boba. Dhe sygurdulluari te filmi p\u00ebr kalamaj isha un\u00eb, ti ishte qimja, kan\u00eb shkuar deri te NETFLIX p\u00ebr f\u00ebmij\u00eb\u2026 un\u00eb pres q\u00eb un\u00eb Erjola dhe Albina t\u00eb jemi grup i strukturuar kriminal\u2026 dhe t\u00eb zihemi se kush \u00ebsht\u00eb kryetari. Un\u00eb i pres t\u00eb gjitha, un\u00eb pres t\u00eb nd\u00ebrhyhet n\u00eb Gjykat\u00ebn Kushtetuese, un\u00eb pres \u00e7do gj\u00eb, se k\u00ebshtu \u00ebsht\u00eb b\u00ebr\u00eb k\u00ebtu, se n\u00eb gjith\u00eb bot\u00ebn prokuror\u00ebve u dridhen k\u00ebmb\u00ebt nga gjyqtar\u00ebt, k\u00ebtu u dridhen nga SPAK. T\u00eb thash\u00eb q\u00eb jam k\u00ebrc\u00ebnuar. Un\u00eb pres q\u00eb Altin Dumani dhe Millonai t\u00eb k\u00ebrc\u00ebnojn\u00eb si\u00e7 k\u00ebrc\u00ebnuar se do e \u00e7onin te vendi i shurr\u00ebs at\u00eb kush\u00ebrir\u00ebn, pres shum\u00eb nga Dumani se e ka personale m\u00eb mua. Nga kreu i organizat\u00ebs pres shum\u00eb. Un\u00eb nuk p\u00ebrjashtoj dhe nuk habitem m\u00eb nga asgj\u00eb, po ta shoh\u00ebsh edhe n\u00eb ato diskutimet e EncroChat ky paska futur n\u00eb sherr dhe ata t\u00eb krimit me nj\u00ebri-tjetrin.<\/p>\n<p>Nj\u00eb gj\u00eb dua ta them, reforma n\u00eb drejt\u00ebsi \u00ebsht\u00eb nj\u00eb investim i\u00a0 r\u00ebnd\u00ebsish\u00ebm, fatkeq\u00ebsisht i deformuar. Nuk \u00ebsht\u00eb bazuar, \u00ebsht\u00eb nisur t\u00eb bazohej, por nuk u zbatua n\u00eb praktik\u00eb p\u00ebr shkak t\u00eb vetingut q\u00eb u b\u00eb nga qeveria, nga motra e z\u00ebvend\u00ebskryeministres, nga k\u00ebshilltarja e Engj\u00ebll Aga\u00e7it, sekretari i p\u00ebrgjithsh\u00ebm i kryeministris\u00eb, nga motra dhe miqt\u00eb m\u00eb t\u00eb af\u00ebrt t\u00eb kryeministrit dhe kan\u00eb b\u00ebr\u00eb dosje p\u00ebr prokurore e gjykat\u00ebs dhe i komandojn\u00eb p\u00ebrmes tyre. Shikoni Gjykat\u00ebn e Lart\u00eb, keni njer\u00ebz familjar\u00eb t\u00eb drejtuesve socialiste. Un\u00eb kam nj\u00eb shpres\u00eb shum\u00eb t\u00eb madhe te Shtetet e Bashkuara t\u00eb Amerik\u00ebs, p\u00ebr ta rikalibruar reform\u00ebn n\u00eb drejt\u00ebsi q\u00eb t\u00eb bazohet v\u00ebrtet\u00eb te drejt\u00ebsia, te t\u00eb drejtat e njeriut, t\u00eb prezumimi i pafaj\u00ebsis\u00eb\u2026 nuk mundet m\u00eb q\u00eb nj\u00eb vend t\u00eb mburret me kamxhikun. Nuk ka vend q\u00eb mburret me kamxhikun, vendet mburren me ligjin. E mban mend kur ra Lehmann Brother, kjo u nis si nis\u00ebm e sinqert\u00eb, por q\u00eb rrug\u00ebs u manipulua. Por \u00e7far\u00eb ndodhi, u korrigjua. K\u00ebshtu q\u00eb un\u00eb kam shum\u00eb besim q\u00eb SHBA do ta rikalibroj\u00eb k\u00ebt\u00eb reform\u00eb n\u00eb drejt\u00ebsi.<\/p>\n<p><strong>Peka:\u00a0<\/strong>Zoti Ahmetaj un\u00eb t\u00eb falenderoj. Jam i sigurt q\u00eb do jemi shpejt s\u00ebrish. Po ta shikosh jemi n\u00eb intervist\u00ebn e e tret\u00eb, nj\u00eblloj si\u00e7 ka ndodhur me intervist\u00ebn e par\u00eb dhe t\u00eb dyt\u00eb, reagimet nga SPAK jan\u00eb zero, edhe pse indicie ka plot, por SPAK nuk l\u00ebviz, l\u00ebviz vet\u00ebm kur i shkon ndonj\u00eb gazetar, apo Idajet Beqiri. Megjithat\u00eb, ish-z\u00ebvend\u00ebskryeministri sonte ka p\u00ebrmendur shum\u00eb emra dhe shum\u00eb ngjarje, q\u00eb shum\u00eb personazhe do duhet t\u2019i pranojn\u00eb ose t\u2019i p\u00ebrg\u00ebnjeshtrojn\u00eb.<\/p>\n","protected":false},"excerpt":{"rendered":"<p>Ish-z\u00ebvend\u00ebskryeministri Arben Ahmetaj deklaroi n\u00eb intervist\u00ebn p\u00ebr \u00c7im Peka LIVE se, kryeministri Edi Rama nuk \u00ebsht\u00eb mjaftuar q\u00eb po dhuron copa Shqip\u00ebrie p\u00ebr t\u00eb ashtuquajturit investitor\u00eb strategjik\u00eb, por ka dashur t\u00eb jap\u00eb edhe tok\u00ebn e ambasad\u00ebs ton\u00eb n\u00eb SHBA. Ahmetaj u shpreh se beson se, SHBA do t\u00eb rikalibroj\u00eb t\u00eb ashtuquajtur\u00ebn reform\u00eb n\u00eb drejt\u00ebsi. Intervista &hellip;<\/p>\n","protected":false},"author":4,"featured_media":96677,"comment_status":"closed","ping_status":"closed","sticky":false,"template":"","format":"standard","meta":{"footnotes":""},"categories":[37],"tags":[],"class_list":["post-102718","post","type-post","status-publish","format-standard","has-post-thumbnail","","category-politike"],"_links":{"self":[{"href":"https:\/\/rdnews.al\/index.php\/wp-json\/wp\/v2\/posts\/102718","targetHints":{"allow":["GET"]}}],"collection":[{"href":"https:\/\/rdnews.al\/index.php\/wp-json\/wp\/v2\/posts"}],"about":[{"href":"https:\/\/rdnews.al\/index.php\/wp-json\/wp\/v2\/types\/post"}],"author":[{"embeddable":true,"href":"https:\/\/rdnews.al\/index.php\/wp-json\/wp\/v2\/users\/4"}],"replies":[{"embeddable":true,"href":"https:\/\/rdnews.al\/index.php\/wp-json\/wp\/v2\/comments?post=102718"}],"version-history":[{"count":4,"href":"https:\/\/rdnews.al\/index.php\/wp-json\/wp\/v2\/posts\/102718\/revisions"}],"predecessor-version":[{"id":102726,"href":"https:\/\/rdnews.al\/index.php\/wp-json\/wp\/v2\/posts\/102718\/revisions\/102726"}],"wp:featuredmedia":[{"embeddable":true,"href":"https:\/\/rdnews.al\/index.php\/wp-json\/wp\/v2\/media\/96677"}],"wp:attachment":[{"href":"https:\/\/rdnews.al\/index.php\/wp-json\/wp\/v2\/media?parent=102718"}],"wp:term":[{"taxonomy":"category","embeddable":true,"href":"https:\/\/rdnews.al\/index.php\/wp-json\/wp\/v2\/categories?post=102718"},{"taxonomy":"post_tag","embeddable":true,"href":"https:\/\/rdnews.al\/index.php\/wp-json\/wp\/v2\/tags?post=102718"}],"curies":[{"name":"wp","href":"https:\/\/api.w.org\/{rel}","templated":true}]}}