{"id":102806,"date":"2025-01-28T19:52:03","date_gmt":"2025-01-28T19:52:03","guid":{"rendered":"https:\/\/rdnews.al\/?p=102806"},"modified":"2025-01-28T19:52:53","modified_gmt":"2025-01-28T19:52:53","slug":"nga-qorri-tek-shaba-pse-heshten-ndaj-denoncimeve-te-ahmetajt-ndaj-rames","status":"publish","type":"post","link":"https:\/\/rdnews.al\/index.php\/2025\/01\/28\/nga-qorri-tek-shaba-pse-heshten-ndaj-denoncimeve-te-ahmetajt-ndaj-rames\/","title":{"rendered":"Nga Qorri tek Shaba, pse hesht\u00ebn ndaj denoncimeve t\u00eb forta t\u00eb Ahmetajt ndaj Ram\u00ebs?"},"content":{"rendered":"<p>Tre apo kat\u00ebr musk\u00ebtier\u00ebt e m\u00ebdhenj t\u00eb partive t\u00eb reja kan\u00eb mbyllur goj\u00ebn dhe nuk kan\u00eb shqiptuar asnj\u00eb fjal\u00eb t\u00eb vetme ndaj denoncimeve t\u00eb forta t\u00eb Arben Ahmetajt ndaj Ram\u00ebs.<\/p>\n<p>Ashtu sikurse mediat e kapura nga regjimi nuk kan\u00eb guxuar t\u00eb japin asnj\u00eb pjes\u00eb t\u00eb k\u00ebsaj interviste o ashtu t\u00eb ashtuquajturit politikan\u00eb t\u00eb rinj nga Qorri tek Shaba kan\u00eb heshtur. Po pse kjo heshtje? Kush ua ka mbyllur atyre goj\u00ebn? Ku jan\u00eb k\u00ebta korifenj q\u00eb pretendonin t\u00eb merrnin n\u00eb dor\u00eb frenat e opozitarizmit?<\/p>\n<p>Heshtja e tyre \u00ebsht\u00eb e qart\u00eb. Arsyeja e ekzistenc\u00ebs s\u00eb tyre n\u00eb politik\u00eb nuk \u00ebsht\u00eb ti b\u00ebjn\u00eb opozit\u00eb Ram\u00ebs dhe as t\u00eb bashkohen m\u00eb z\u00ebrat opozitar\u00eb edhe kur ato vijn\u00eb me ul\u00ebrima edhe nga pjes\u00eb t\u00eb PS.\u00a0 Arsyeja se p\u00ebrse ata jan\u00eb kijuar \u00ebsht\u00eb q\u00eb ti b\u00ebjn\u00eb opozit\u00eb, opozit\u00ebs ndaj edhe ata kan\u00eb mbyllur goj\u00ebn, vesh\u00ebt dhe syt\u00eb p\u00ebr t\u00eb mos par\u00eb dhe as d\u00ebgjuar se si Ahmetaj i denoncon atyre Ram\u00ebn.<\/p>\n","protected":false},"excerpt":{"rendered":"<p>Tre apo kat\u00ebr musk\u00ebtier\u00ebt e m\u00ebdhenj t\u00eb partive t\u00eb reja kan\u00eb mbyllur goj\u00ebn dhe nuk kan\u00eb shqiptuar asnj\u00eb fjal\u00eb t\u00eb vetme ndaj denoncimeve t\u00eb forta t\u00eb Arben Ahmetajt ndaj Ram\u00ebs. Ashtu sikurse mediat e kapura nga regjimi nuk kan\u00eb guxuar t\u00eb japin asnj\u00eb pjes\u00eb t\u00eb k\u00ebsaj interviste o ashtu t\u00eb ashtuquajturit politikan\u00eb t\u00eb rinj nga &hellip;<\/p>\n","protected":false},"author":3,"featured_media":102807,"comment_status":"closed","ping_status":"closed","sticky":false,"template":"","format":"standard","meta":{"footnotes":""},"categories":[37],"tags":[],"class_list":["post-102806","post","type-post","status-publish","format-standard","has-post-thumbnail","","category-politike"],"_links":{"self":[{"href":"https:\/\/rdnews.al\/index.php\/wp-json\/wp\/v2\/posts\/102806","targetHints":{"allow":["GET"]}}],"collection":[{"href":"https:\/\/rdnews.al\/index.php\/wp-json\/wp\/v2\/posts"}],"about":[{"href":"https:\/\/rdnews.al\/index.php\/wp-json\/wp\/v2\/types\/post"}],"author":[{"embeddable":true,"href":"https:\/\/rdnews.al\/index.php\/wp-json\/wp\/v2\/users\/3"}],"replies":[{"embeddable":true,"href":"https:\/\/rdnews.al\/index.php\/wp-json\/wp\/v2\/comments?post=102806"}],"version-history":[{"count":2,"href":"https:\/\/rdnews.al\/index.php\/wp-json\/wp\/v2\/posts\/102806\/revisions"}],"predecessor-version":[{"id":102809,"href":"https:\/\/rdnews.al\/index.php\/wp-json\/wp\/v2\/posts\/102806\/revisions\/102809"}],"wp:featuredmedia":[{"embeddable":true,"href":"https:\/\/rdnews.al\/index.php\/wp-json\/wp\/v2\/media\/102807"}],"wp:attachment":[{"href":"https:\/\/rdnews.al\/index.php\/wp-json\/wp\/v2\/media?parent=102806"}],"wp:term":[{"taxonomy":"category","embeddable":true,"href":"https:\/\/rdnews.al\/index.php\/wp-json\/wp\/v2\/categories?post=102806"},{"taxonomy":"post_tag","embeddable":true,"href":"https:\/\/rdnews.al\/index.php\/wp-json\/wp\/v2\/tags?post=102806"}],"curies":[{"name":"wp","href":"https:\/\/api.w.org\/{rel}","templated":true}]}}