{"id":102810,"date":"2025-01-28T20:00:40","date_gmt":"2025-01-28T20:00:40","guid":{"rendered":"https:\/\/rdnews.al\/?p=102810"},"modified":"2025-01-28T20:01:43","modified_gmt":"2025-01-28T20:01:43","slug":"alizoti-rama-nje-antishqiptar-plackites-diaspora-do-sjelli-ndryshimin","status":"publish","type":"post","link":"https:\/\/rdnews.al\/index.php\/2025\/01\/28\/alizoti-rama-nje-antishqiptar-plackites-diaspora-do-sjelli-ndryshimin\/","title":{"rendered":"Alizoti: Rama nj\u00eb antishqiptar pla\u00e7kit\u00ebs, diaspora do t\u00eb sjell\u00eb ndryshimin!"},"content":{"rendered":"<p>Drejtuesi politik i Partis\u00eb Demokratike n\u00eb Qarkun e Elbasanit, Tomor Alizoti i ftuar n\u00eb studion e SYRI TV, komentoi intervist\u00ebn ekskluzive t\u00eb ish-z\u00ebvend\u00ebskryeministrit Arben Ahmetaj, duke u shprehur se fjal\u00ebt e k\u00ebtij\u00a0t\u00eb\u00a0fundit jan\u00eb mjaft\u00eb t\u00eb r\u00ebnd\u00ebsishme.<\/p>\n<p>Alizoti theksoi se fjal\u00ebt e Ahmetajt, nj\u00ebri prej figurave ky\u00e7e t\u00eb Partis\u00eb Socialiste dhe nj\u00eb bashk\u00ebudh\u00ebtari t\u00eb ngusht\u00eb t\u00eb Ram\u00ebs, duhet t\u00eb merren seriozisht, duke e konsideruar nj\u00eb sinjal t\u00eb r\u00ebnd\u00ebsish\u00ebm p\u00ebr situat\u00ebn aktuale n\u00eb Shqip\u00ebri.<\/p>\n<p>Alizoti theksoi se fshatrat jan\u00eb n\u00eb nj\u00eb mjerim t\u00eb plot\u00eb dhe Shqip\u00ebria \u00ebsht\u00eb e shpopulluar, nd\u00ebrkoh\u00eb q\u00eb Kryeministri Rama, i njohur p\u00ebr luksin dhe shpenzimet e tep\u00ebrta, konsumon shuma marramendese. Ai b\u00ebri thirrje p\u00ebr nj\u00eb mobilizim t\u00eb opozit\u00ebs dhe diaspor\u00ebs, q\u00eb sipas tij jan\u00eb shpresat e vetme p\u00ebr ndryshimin e k\u00ebsaj situate alarmante.<\/p>\n<p>\u201cN\u00eb k\u00ebt\u00eb bised\u00eb e v\u00ebrteta kryesore \u00ebsht\u00eb ish-z\u00ebvend\u00ebskryeministri. Un\u00eb do t\u2019i bazohem fjal\u00ebve t\u00eb nj\u00eb njeriu shum\u00eb t\u00eb r\u00ebnd\u00ebsish\u00ebm n\u00eb politik\u00ebn shqiptare, i r\u00ebnd\u00ebsish\u00ebm n\u00eb Partin\u00eb Socialiste, nj\u00eb bashk\u00ebudh\u00ebtar i gjat\u00eb i Ram\u00ebs, i asaj partie, pra nj\u00eb partiak i vjet\u00ebr.<\/p>\n<p>Nj\u00eb njeri me nj\u00eb pesh\u00eb t\u00eb caktuar n\u00eb at\u00eb parti, pesh\u00eb serioze, ka mbajtur ministri t\u00eb r\u00ebnd\u00ebsishme. Z\u00ebvend\u00ebs kryeminist\u00ebr, posti i dyt\u00eb pas nj\u00ebriut m\u00eb t\u00eb r\u00ebnd\u00ebsish\u00ebm, pra, fjal\u00ebt e tij jan\u00eb t\u00eb gjitha p\u00ebr t\u2019u marr\u00eb seriozisht, jan\u00eb t\u00eb gjitha shum\u00eb serioze.<\/p>\n<p>Ai dje tha di\u00e7ka q\u00eb m\u00eb b\u00ebri p\u00ebrshtypje, q\u00eb nuk e quajti m\u00eb as n\u00eb em\u00ebr, as kryeminist\u00ebr, por e quajti kryetarin e nj\u00eb organizate, pak a shum\u00eb k\u00ebt\u00eb q\u00eb kemi th\u00ebn\u00eb ne gjat\u00eb gjith\u00eb koh\u00ebs, opozitar\u00ebt, e ka th\u00ebn\u00eb zoti Berisha dhe t\u00eb gjith\u00eb opozitar\u00ebt n\u00eb Shqip\u00ebri. Kur e thot\u00eb ai, b\u00ebn dallim nga ne. Ai \u00ebsht\u00eb njeriu q\u00eb e njeh sistemin, ai \u00ebsht\u00eb njeri q\u00eb ka punuar n\u00eb at\u00eb sistem, ai \u00ebsht\u00eb njeri q\u00eb njeh Partin\u00eb Socialiste, pra \u00ebsht\u00eb njeri q\u00eb ka nd\u00ebrtuar karrier\u00ebn e tij politike n\u00eb at\u00eb parti, dhe fjal\u00ebt e tij jan\u00eb shum\u00eb serioze.<\/p>\n<p>N\u00eb momentin q\u00eb ai thot\u00eb, dhe e v\u00ebrteton dhe e fakton, q\u00eb u b\u00ebri p\u00ebrshtypje edhe njer\u00ebzve, dhe \u00ebsht\u00eb p\u00ebr t\u00eb b\u00ebr\u00eb p\u00ebrshtypje, q\u00eb n\u00eb nj\u00eb vend kaq t\u00eb varf\u00ebr q\u00eb \u00ebsht\u00eb Shqip\u00ebria, dhe un\u00eb kam l\u00ebvizur k\u00ebto koh\u00eb edhe n\u00ebp\u00ebr fshatra dhe fshatrat e Shqip\u00ebris\u00eb jan\u00eb n\u00eb nj\u00eb mjerim total, e gjith\u00eb Shqip\u00ebria \u00ebsht\u00eb pozicionuar n\u00ebp\u00ebr qytete dhe nj\u00eb pjes\u00eb e madhe e qyteteve kan\u00eb ardhur t\u00eb gjith\u00eb n\u00eb Tiran\u00eb.<\/p>\n<p>T\u00eb shikosh fshatrat e Shqip\u00ebris\u00eb \u00ebsht\u00eb nj\u00eb tragjedi, \u00ebsht\u00eb mesjet\u00eb, dhe t\u00eb kesh nj\u00eb kryeminist\u00ebr q\u00eb un\u00eb gjithmon\u00eb e kam p\u00ebrmendur q\u00eb i p\u00eblqen luksi, por q\u00eb t\u00eb pij\u00eb nj\u00eb ver\u00eb 33 mij\u00eb euro, q\u00eb kam p\u00ebrshtypjen edhe familja e Mercedes Benz-it nuk do ta pinte, as Anjeli nuk do ta pinte, ta pije kryeministri i nj\u00eb vendi\u2026 tani po i referohem fjal\u00ebve t\u00eb ish-z\u00ebvend\u00ebskryeministrit, sepse un\u00eb s\u2019e kam ditur dhe s\u2019kam nga ta di k\u00ebt\u00eb gj\u00eb\u2026 por do t\u00eb thot\u00eb se k\u00ebtu \u00ebsht\u00eb kulmi i pla\u00e7kit\u00ebsve, se k\u00ebta jan\u00eb pla\u00e7kit\u00ebs.<\/p>\n<p>Konstatime ne kemi pa fund, detyra e \u00e7do opozitari n\u00eb Shqip\u00ebri \u00ebsht\u00eb t\u00eb rris\u00eb numrin e njer\u00ebzve, t\u00eb kontaktoj\u00eb me diaspor\u00ebn q\u00eb n\u00eb Shqip\u00ebri t\u00eb ndodh\u00eb ndryshimi, nuk ka m\u00eb nevoj\u00eb p\u00ebr komente p\u00ebr nj\u00eb antishqiptar. Un\u00eb e them me plot bindje q\u00eb Edi Rama \u00ebsht\u00eb antishqiptar, sepse ka njer\u00ebz q\u00eb mund t\u2019i quash tradhtar\u00eb, dhe tradhtia \u00ebsht\u00eb dob\u00ebsia e nj\u00eb njeriu. Disa mund ta b\u00ebjn\u00eb p\u00ebr para, disa mund ta b\u00ebjn\u00eb p\u00ebr k\u00ebrc\u00ebnim etj. Anti do t\u00eb thot\u00eb q\u00eb ti e ke me pasion. Ai \u00ebsht\u00eb njeriu q\u00eb k\u00ebt\u00eb vend e ka shpopulluar, sa do pushtues n\u00eb Shqip\u00ebri nuk ka ndodhur kjo, \u00ebsht\u00eb nj\u00eb njeri q\u00eb m\u00eb shum\u00eb do kryeministrin e Serbis\u00eb sesa kryeministrin e Kosov\u00ebs.<\/p>\n<p>Ky njeri nuk ka nevoj\u00eb p\u00ebr konstatime me mua, e gjith\u00eb shoq\u00ebria jon\u00eb e di k\u00ebt\u00eb, m\u00eb shum\u00eb t\u00eb ndeshem ndaj k\u00ebsaj dhe t\u00eb papreksh\u00ebm jan\u00eb ata q\u00eb jan\u00eb jasht\u00eb, se atyre nuk u shkon polici, nuk u shkon i forti, nuk u shkojn\u00eb tatimet dhe ata e ndjejn\u00eb dhe arsyen q\u00eb kan\u00eb ikur, sepse k\u00ebtu ka nj\u00eb opozit\u00eb t\u00eb madhe q\u00eb \u00ebsht\u00eb diaspora, opozita e tyre kan\u00eb qen\u00eb k\u00ebmb\u00ebt q\u00eb kan\u00eb ikur\u201d, u shpreh Alizoti.<\/p>\n","protected":false},"excerpt":{"rendered":"<p>Drejtuesi politik i Partis\u00eb Demokratike n\u00eb Qarkun e Elbasanit, Tomor Alizoti i ftuar n\u00eb studion e SYRI TV, komentoi intervist\u00ebn ekskluzive t\u00eb ish-z\u00ebvend\u00ebskryeministrit Arben Ahmetaj, duke u shprehur se fjal\u00ebt e k\u00ebtij\u00a0t\u00eb\u00a0fundit jan\u00eb mjaft\u00eb t\u00eb r\u00ebnd\u00ebsishme. Alizoti theksoi se fjal\u00ebt e Ahmetajt, nj\u00ebri prej figurave ky\u00e7e t\u00eb Partis\u00eb Socialiste dhe nj\u00eb bashk\u00ebudh\u00ebtari t\u00eb ngusht\u00eb t\u00eb &hellip;<\/p>\n","protected":false},"author":4,"featured_media":71999,"comment_status":"closed","ping_status":"closed","sticky":false,"template":"","format":"standard","meta":{"footnotes":""},"categories":[37],"tags":[],"class_list":["post-102810","post","type-post","status-publish","format-standard","has-post-thumbnail","","category-politike"],"_links":{"self":[{"href":"https:\/\/rdnews.al\/index.php\/wp-json\/wp\/v2\/posts\/102810","targetHints":{"allow":["GET"]}}],"collection":[{"href":"https:\/\/rdnews.al\/index.php\/wp-json\/wp\/v2\/posts"}],"about":[{"href":"https:\/\/rdnews.al\/index.php\/wp-json\/wp\/v2\/types\/post"}],"author":[{"embeddable":true,"href":"https:\/\/rdnews.al\/index.php\/wp-json\/wp\/v2\/users\/4"}],"replies":[{"embeddable":true,"href":"https:\/\/rdnews.al\/index.php\/wp-json\/wp\/v2\/comments?post=102810"}],"version-history":[{"count":2,"href":"https:\/\/rdnews.al\/index.php\/wp-json\/wp\/v2\/posts\/102810\/revisions"}],"predecessor-version":[{"id":102812,"href":"https:\/\/rdnews.al\/index.php\/wp-json\/wp\/v2\/posts\/102810\/revisions\/102812"}],"wp:featuredmedia":[{"embeddable":true,"href":"https:\/\/rdnews.al\/index.php\/wp-json\/wp\/v2\/media\/71999"}],"wp:attachment":[{"href":"https:\/\/rdnews.al\/index.php\/wp-json\/wp\/v2\/media?parent=102810"}],"wp:term":[{"taxonomy":"category","embeddable":true,"href":"https:\/\/rdnews.al\/index.php\/wp-json\/wp\/v2\/categories?post=102810"},{"taxonomy":"post_tag","embeddable":true,"href":"https:\/\/rdnews.al\/index.php\/wp-json\/wp\/v2\/tags?post=102810"}],"curies":[{"name":"wp","href":"https:\/\/api.w.org\/{rel}","templated":true}]}}