{"id":102813,"date":"2025-01-28T20:14:30","date_gmt":"2025-01-28T20:14:30","guid":{"rendered":"https:\/\/rdnews.al\/?p=102813"},"modified":"2025-01-28T20:14:30","modified_gmt":"2025-01-28T20:14:30","slug":"vera-33-mije-euro-qe-rama-konsumon-me-agasin-e-krimit-te-organizuar-kushton-sa-420-pensione","status":"publish","type":"post","link":"https:\/\/rdnews.al\/index.php\/2025\/01\/28\/vera-33-mije-euro-qe-rama-konsumon-me-agasin-e-krimit-te-organizuar-kushton-sa-420-pensione\/","title":{"rendered":"Vera 33 mij\u00eb euro q\u00eb Rama konsumon me Agasin e krimit t\u00eb organizuar kushton sa 420 pensione"},"content":{"rendered":"<p>Ish-zv.kryeministri Arben Ahmetaj ka b\u00ebr\u00eb nj\u00eb akuz\u00eb t\u00eb fort\u00eb n\u00eb intervist\u00ebn e djeshme ndaj kryeministrit Edi Rama kopshtit t\u00eb tij t\u00eb luleve n\u00eb kryeministri. Ahmetaj theksoi se n\u00eb k\u00ebt\u00eb kopshtin e tij t\u00eb luleve, Rama pi nj\u00eb lloj vere me nj\u00eb \u00e7mim prej 33 mij\u00eb e 600 dollar\u00eb, bashk\u00eb me koordinator\u00ebt e krimit.<\/p>\n<p>&#8220;Nj\u00eb ngacmim p\u00ebr t\u00eb lidhur kopshtin e Edenit me Onkologjikun. Vuajtjen e qytetar\u00ebve me kopshtin e Edenit me peshqit e kuq si avatari dhe in bet\u00ebeen dhoma e luleve ku pihet kjo lloj vere me kordinatorin e krimit,&#8221;\u00a0tha Ahmetaj.<\/p>\n<p>Vera q\u00eb Rama konsumon n\u00eb vendin e tij t\u00eb qet\u00ebsis\u00eb n\u00eb kryeministri \u00ebsht\u00eb nga kantina &#8216;Domaine de la Roman\u00e9e-Conti&#8217;. Kjo kantin\u00eb ver\u00eb n\u00eb rajonin\u00a0e Burgonj\u00ebs n\u00eb Franc\u00eb \u00ebsht\u00eb nj\u00eb nga ver\u00ebrat m\u00eb t\u00eb famshme dhe m\u00eb prestigjoze n\u00eb bot\u00eb.<\/p>\n<p>Nj\u00eb shishe ver\u00eb q\u00eb Rama konsumon me koordinatorin e tij tek krimi i organizuar Ergys Agasi nuk kushton pak, por po aq sa paguhen 420 pensionist\u00eb n\u00eb fshat.<\/p>\n","protected":false},"excerpt":{"rendered":"<p>Ish-zv.kryeministri Arben Ahmetaj ka b\u00ebr\u00eb nj\u00eb akuz\u00eb t\u00eb fort\u00eb n\u00eb intervist\u00ebn e djeshme ndaj kryeministrit Edi Rama kopshtit t\u00eb tij t\u00eb luleve n\u00eb kryeministri. Ahmetaj theksoi se n\u00eb k\u00ebt\u00eb kopshtin e tij t\u00eb luleve, Rama pi nj\u00eb lloj vere me nj\u00eb \u00e7mim prej 33 mij\u00eb e 600 dollar\u00eb, bashk\u00eb me koordinator\u00ebt e krimit. &#8220;Nj\u00eb ngacmim &hellip;<\/p>\n","protected":false},"author":3,"featured_media":102784,"comment_status":"closed","ping_status":"closed","sticky":false,"template":"","format":"standard","meta":{"footnotes":""},"categories":[37],"tags":[],"class_list":["post-102813","post","type-post","status-publish","format-standard","has-post-thumbnail","","category-politike"],"_links":{"self":[{"href":"https:\/\/rdnews.al\/index.php\/wp-json\/wp\/v2\/posts\/102813","targetHints":{"allow":["GET"]}}],"collection":[{"href":"https:\/\/rdnews.al\/index.php\/wp-json\/wp\/v2\/posts"}],"about":[{"href":"https:\/\/rdnews.al\/index.php\/wp-json\/wp\/v2\/types\/post"}],"author":[{"embeddable":true,"href":"https:\/\/rdnews.al\/index.php\/wp-json\/wp\/v2\/users\/3"}],"replies":[{"embeddable":true,"href":"https:\/\/rdnews.al\/index.php\/wp-json\/wp\/v2\/comments?post=102813"}],"version-history":[{"count":1,"href":"https:\/\/rdnews.al\/index.php\/wp-json\/wp\/v2\/posts\/102813\/revisions"}],"predecessor-version":[{"id":102814,"href":"https:\/\/rdnews.al\/index.php\/wp-json\/wp\/v2\/posts\/102813\/revisions\/102814"}],"wp:featuredmedia":[{"embeddable":true,"href":"https:\/\/rdnews.al\/index.php\/wp-json\/wp\/v2\/media\/102784"}],"wp:attachment":[{"href":"https:\/\/rdnews.al\/index.php\/wp-json\/wp\/v2\/media?parent=102813"}],"wp:term":[{"taxonomy":"category","embeddable":true,"href":"https:\/\/rdnews.al\/index.php\/wp-json\/wp\/v2\/categories?post=102813"},{"taxonomy":"post_tag","embeddable":true,"href":"https:\/\/rdnews.al\/index.php\/wp-json\/wp\/v2\/tags?post=102813"}],"curies":[{"name":"wp","href":"https:\/\/api.w.org\/{rel}","templated":true}]}}