{"id":102823,"date":"2025-01-29T09:15:27","date_gmt":"2025-01-29T09:15:27","guid":{"rendered":"https:\/\/rdnews.al\/?p=102823"},"modified":"2025-01-29T09:15:27","modified_gmt":"2025-01-29T09:15:27","slug":"bylykbashi-vota-e-diaspores-do-te-beje-ndryshim-ne-keto-zgjedhje","status":"publish","type":"post","link":"https:\/\/rdnews.al\/index.php\/2025\/01\/29\/bylykbashi-vota-e-diaspores-do-te-beje-ndryshim-ne-keto-zgjedhje\/","title":{"rendered":"Bylykbashi: Vota e diaspor\u00ebs do t\u00eb b\u00ebj\u00eb ndryshim n\u00eb k\u00ebto zgjedhje!"},"content":{"rendered":"<p>N\u00ebnkryetari i PD, Oerd Bylykbashi ka komentuar protest\u00ebn e thirrur nga Partia Demokratike n\u00eb 8 shkurt.<\/p>\n<p>Bylykbashi duke iu referuar deklaratave t\u00eb Arben Ahmertajt, tha n\u00eb News24 se qytetar\u00ebt duhet t\u00eb protestojn\u00eb p\u00ebr abuzimet e shumta t\u00eb pushtetar\u00ebve. Ai tha se shqiptar\u00ebt kan\u00eb n\u00eb pushtet nj\u00eb kryeminist\u00ebr q\u00eb b\u00ebn udh\u00ebtime t\u00eb shtrenjta me charter, q\u00eb paguhen me taksat e shqiptar\u00ebve.<\/p>\n<p>\u201cQeveria teknike u k\u00ebrkua dhe u mb\u00ebshtet nga nd\u00ebrkomb\u00ebtar\u00ebt. Protesta e 8 shkurtit \u00ebsht\u00eb p\u00ebr gjith\u00e7ka kemi protestuar gjat\u00eb gjith\u00eb k\u00ebtyre viteve.<\/p>\n<p>Cosa Nostra ra nga d\u00ebshmia e nj\u00eb t\u00eb penduari t\u00eb drejt\u00ebsis\u00eb. N\u00ebse kemi kryeminist\u00ebr q\u00eb pi ver\u00eb 33 mij\u00eb euro dhe harxhon miliona euro p\u00ebr avion\u00ebt, k\u00ebtu kemi anormalitet. Qeveritar\u00ebt jan\u00eb t\u00eb lidhur me kriminel\u00eb\u201d, u shpreh Bylykbashi.<\/p>\n<p>Duke u ndalur tek primaret n\u00eb Partin\u00eb Demokratike, Bylykbashi n\u00ebnvizoi se ky proces do t\u00eb b\u00ebj\u00eb q\u00eb n\u00eb listat p\u00ebr kandidat\u00eb t\u00eb PD-s\u00eb t\u00eb jen\u00eb njer\u00ebzit m\u00eb t\u00eb aft\u00eb profesionalisht.<\/p>\n<p>\u201cProcesi \u00ebsht\u00eb sfidues, nuk \u00ebsht\u00eb i leht\u00eb. Ne kemi b\u00ebr\u00eb primare edhe m\u00eb her\u00ebt. Procesi do ishte m\u00eb mir\u00eb t\u00eb b\u00ebhej m\u00eb her\u00ebt. PD \u00ebsht\u00eb n\u00eb faz\u00ebn e nd\u00ebrtimit t\u00eb koalicionit. \u00cbsht\u00eb list\u00eb e koalicionit, q\u00eb drejtohet nga PD. Shum\u00eb vet\u00eb jan\u00eb t\u00eb prirur t\u00eb shikojn\u00eb an\u00ebn negative. PS nga ana e saj nuk ka demokraci brenda partis\u00eb. Shumica e qytetar\u00ebve duan rotacion politik. PD do t\u00eb zgjedh\u00eb figurat m\u00eb t\u00eb mira\u201d, tha ai.<\/p>\n<p>M\u00eb tej, Bylykbashi e vler\u00ebsoi si tep\u00ebr t\u00eb r\u00ebnd\u00ebsishme vot\u00ebn e diaspor\u00ebs, duke th\u00ebn\u00eb se shqiptar\u00ebt q\u00eb jetojn\u00eb jasht\u00eb vendit do b\u00ebjn\u00eb ndryshimin n\u00eb k\u00ebto zgjedhje.<\/p>\n<p>\u201cJan\u00eb 120 mij\u00eb deri n\u00eb 140 mij\u00eb shqiptar\u00eb jasht\u00eb vendit, q\u00eb nuk kan\u00eb dokument. Jan\u00eb shtetas shqiptar\u00eb, q\u00eb kan\u00eb ikur zakonisht larg. Ata me dokumentin q\u00eb kan\u00eb, (t\u00eb vendit ku jetojn\u00eb) hyjn\u00eb n\u00eb Shqip\u00ebri pa problem. Vota e diaspor\u00ebs do t\u00eb b\u00ebj\u00eb ndryshim n\u00eb k\u00ebto zgjedhje\u201d, deklaroi Bylykbashi.<\/p>\n","protected":false},"excerpt":{"rendered":"<p>N\u00ebnkryetari i PD, Oerd Bylykbashi ka komentuar protest\u00ebn e thirrur nga Partia Demokratike n\u00eb 8 shkurt. Bylykbashi duke iu referuar deklaratave t\u00eb Arben Ahmertajt, tha n\u00eb News24 se qytetar\u00ebt duhet t\u00eb protestojn\u00eb p\u00ebr abuzimet e shumta t\u00eb pushtetar\u00ebve. Ai tha se shqiptar\u00ebt kan\u00eb n\u00eb pushtet nj\u00eb kryeminist\u00ebr q\u00eb b\u00ebn udh\u00ebtime t\u00eb shtrenjta me charter, q\u00eb &hellip;<\/p>\n","protected":false},"author":4,"featured_media":94680,"comment_status":"closed","ping_status":"closed","sticky":false,"template":"","format":"standard","meta":{"footnotes":""},"categories":[37],"tags":[],"class_list":["post-102823","post","type-post","status-publish","format-standard","has-post-thumbnail","","category-politike"],"_links":{"self":[{"href":"https:\/\/rdnews.al\/index.php\/wp-json\/wp\/v2\/posts\/102823","targetHints":{"allow":["GET"]}}],"collection":[{"href":"https:\/\/rdnews.al\/index.php\/wp-json\/wp\/v2\/posts"}],"about":[{"href":"https:\/\/rdnews.al\/index.php\/wp-json\/wp\/v2\/types\/post"}],"author":[{"embeddable":true,"href":"https:\/\/rdnews.al\/index.php\/wp-json\/wp\/v2\/users\/4"}],"replies":[{"embeddable":true,"href":"https:\/\/rdnews.al\/index.php\/wp-json\/wp\/v2\/comments?post=102823"}],"version-history":[{"count":1,"href":"https:\/\/rdnews.al\/index.php\/wp-json\/wp\/v2\/posts\/102823\/revisions"}],"predecessor-version":[{"id":102824,"href":"https:\/\/rdnews.al\/index.php\/wp-json\/wp\/v2\/posts\/102823\/revisions\/102824"}],"wp:featuredmedia":[{"embeddable":true,"href":"https:\/\/rdnews.al\/index.php\/wp-json\/wp\/v2\/media\/94680"}],"wp:attachment":[{"href":"https:\/\/rdnews.al\/index.php\/wp-json\/wp\/v2\/media?parent=102823"}],"wp:term":[{"taxonomy":"category","embeddable":true,"href":"https:\/\/rdnews.al\/index.php\/wp-json\/wp\/v2\/categories?post=102823"},{"taxonomy":"post_tag","embeddable":true,"href":"https:\/\/rdnews.al\/index.php\/wp-json\/wp\/v2\/tags?post=102823"}],"curies":[{"name":"wp","href":"https:\/\/api.w.org\/{rel}","templated":true}]}}