{"id":102842,"date":"2025-01-29T11:13:41","date_gmt":"2025-01-29T11:13:41","guid":{"rendered":"https:\/\/rdnews.al\/?p=102842"},"modified":"2025-01-29T11:13:41","modified_gmt":"2025-01-29T11:13:41","slug":"leskaj-nxjerr-videon-sa-here-qe-ka-reshje-disa-minuta-vlora-pushtohet-nga-uji","status":"publish","type":"post","link":"https:\/\/rdnews.al\/index.php\/2025\/01\/29\/leskaj-nxjerr-videon-sa-here-qe-ka-reshje-disa-minuta-vlora-pushtohet-nga-uji\/","title":{"rendered":"Leskaj nxjerr videon: Sa her\u00eb q\u00eb ka reshje disa minuta, Vlora pushtohet nga uji!"},"content":{"rendered":"<p>Drejtuesi politik p\u00ebr qarkun e Vlor\u00ebs, deputeti Bujar Leskaj ka publikuar nj\u00eb video nga p\u00ebrmbytjes s\u00eb Vlor\u00ebs nga shiu. Ai shkruan se, sa her\u00eb q\u00eb ka rreshje, qoft\u00eb edhe disa minuta, infrastruktura e Vlor\u00ebs b\u00ebhet jofunksionale, ku rrug\u00eb kryesore e dyt\u00ebsore t\u00eb qytetit pushtohen nga uji.<\/p>\n<p><strong>Reagimi<\/strong><\/p>\n<p>\u00cbsht\u00eb p\u00ebr t\u00eb ardhur keq, se sa her\u00eb q\u00eb ka rreshje, qoft\u00eb edhe disa minuta, infrastruktura e Vlor\u00ebs b\u00ebhet jofunksionale, ku rrug\u00eb kryesore e dyt\u00ebsore t\u00eb qytetit pushtohen nga uji.<\/p>\n<p>Si \u00ebsht\u00eb e mundur, q\u00eb kjo situat\u00eb ndodh sa her\u00eb q\u00eb ka rreshje?<\/p>\n<p>Po citoj disa nga arsyet, t\u00eb cilat e kolapsojn\u00eb Vlor\u00ebn sa her\u00eb q\u00eb ka rreshje shiu, qofshin me intensitet t\u00eb lart\u00eb, t\u00eb ul\u00ebt apo t\u00eb mes\u00ebm, pamja \u00ebsht\u00eb e nj\u00ebjta:<\/p>\n<p>-Rrjeti i kanalizimeve \u00ebsht\u00eb jofunksional, i bllokuar e amortizuar, p\u00ebrgjegj\u00ebsi direkte e Uj\u00ebsjell\u00ebs Kanalizime Vlor\u00eb, si pasoj\u00eb e keqmenaxhimit t\u00eb k\u00ebtij institucioni, burime njer\u00ebzore t\u00eb fryra n\u00eb letra e jo n\u00eb terren, duke mos mbuluar menaxhimin e rrjetit t\u00eb kanalizimeve n\u00eb qytet.<\/p>\n<p>-Po aq e keqmenaxhuar sa e para, \u00ebsht\u00eb dhe hidrovori i qytetit, i cili punon me kapacitete minimale kur rreshjet jane prezente. Kjo b\u00ebn q\u00eb uji i akumuluar n\u00eb qytet t\u00eb jet\u00eb aty prezent, duke bllokuar rrug\u00eb, d\u00ebmtuar biznese e banor\u00eb.<\/p>\n<p>-Dhjetra banor\u00eb e biznese denoncojn\u00eb se si pasoj\u00eb e rreshjeve t\u00eb muajit Tetor 2024, kan\u00eb pasur d\u00ebme t\u00eb m\u00ebdha materiale e nuk kan\u00eb marr\u00eb asnj\u00eb qindark\u00eb d\u00ebmshp\u00ebrblim.<\/p>\n<p>Kjo situat\u00eb e her\u00eb pas hershme, si ligj i pashkruar, \u201csa her\u00eb ka shi Vlora do p\u00ebrmbytet\u201d, e ul cil\u00ebsin\u00eb urbane n\u00eb nj\u00eb qytet turistik e i madh si Vlora dhe v\u00ebrteton investimet \u201cfasad\u00eb\u201d t\u00eb k\u00ebtyre viteve.<\/p>\n<p>Rishikimi i planit t\u00eb kanalizimeve, funksionimi i hidrovorit dhe reformimi i institucionit p\u00ebrgjegj\u00ebs t\u00eb Uj\u00ebsjell\u00ebs Kanalizime Vlor\u00eb, jan\u00eb masat paraprake p\u00ebr shp\u00ebtimin e qytetit.<\/p>\n<p><iframe loading=\"lazy\" style=\"border: none; overflow: hidden;\" src=\"https:\/\/www.facebook.com\/plugins\/video.php?height=316&amp;href=https%3A%2F%2Fwww.facebook.com%2Fbujarleskajfaqjazyrtare%2Fvideos%2F443814535363455%2F&amp;show_text=false&amp;width=560&amp;t=0\" width=\"560\" height=\"316\" frameborder=\"0\" scrolling=\"no\" allowfullscreen=\"allowfullscreen\"><\/iframe><\/p>\n","protected":false},"excerpt":{"rendered":"<p>Drejtuesi politik p\u00ebr qarkun e Vlor\u00ebs, deputeti Bujar Leskaj ka publikuar nj\u00eb video nga p\u00ebrmbytjes s\u00eb Vlor\u00ebs nga shiu. Ai shkruan se, sa her\u00eb q\u00eb ka rreshje, qoft\u00eb edhe disa minuta, infrastruktura e Vlor\u00ebs b\u00ebhet jofunksionale, ku rrug\u00eb kryesore e dyt\u00ebsore t\u00eb qytetit pushtohen nga uji. Reagimi \u00cbsht\u00eb p\u00ebr t\u00eb ardhur keq, se sa her\u00eb &hellip;<\/p>\n","protected":false},"author":4,"featured_media":102843,"comment_status":"closed","ping_status":"closed","sticky":false,"template":"","format":"standard","meta":{"footnotes":""},"categories":[37],"tags":[],"class_list":["post-102842","post","type-post","status-publish","format-standard","has-post-thumbnail","","category-politike"],"_links":{"self":[{"href":"https:\/\/rdnews.al\/index.php\/wp-json\/wp\/v2\/posts\/102842","targetHints":{"allow":["GET"]}}],"collection":[{"href":"https:\/\/rdnews.al\/index.php\/wp-json\/wp\/v2\/posts"}],"about":[{"href":"https:\/\/rdnews.al\/index.php\/wp-json\/wp\/v2\/types\/post"}],"author":[{"embeddable":true,"href":"https:\/\/rdnews.al\/index.php\/wp-json\/wp\/v2\/users\/4"}],"replies":[{"embeddable":true,"href":"https:\/\/rdnews.al\/index.php\/wp-json\/wp\/v2\/comments?post=102842"}],"version-history":[{"count":1,"href":"https:\/\/rdnews.al\/index.php\/wp-json\/wp\/v2\/posts\/102842\/revisions"}],"predecessor-version":[{"id":102844,"href":"https:\/\/rdnews.al\/index.php\/wp-json\/wp\/v2\/posts\/102842\/revisions\/102844"}],"wp:featuredmedia":[{"embeddable":true,"href":"https:\/\/rdnews.al\/index.php\/wp-json\/wp\/v2\/media\/102843"}],"wp:attachment":[{"href":"https:\/\/rdnews.al\/index.php\/wp-json\/wp\/v2\/media?parent=102842"}],"wp:term":[{"taxonomy":"category","embeddable":true,"href":"https:\/\/rdnews.al\/index.php\/wp-json\/wp\/v2\/categories?post=102842"},{"taxonomy":"post_tag","embeddable":true,"href":"https:\/\/rdnews.al\/index.php\/wp-json\/wp\/v2\/tags?post=102842"}],"curies":[{"name":"wp","href":"https:\/\/api.w.org\/{rel}","templated":true}]}}