{"id":102871,"date":"2025-01-29T12:23:50","date_gmt":"2025-01-29T12:23:50","guid":{"rendered":"https:\/\/rdnews.al\/?p=102871"},"modified":"2025-01-29T12:34:25","modified_gmt":"2025-01-29T12:34:25","slug":"berisha-lajmeron-krijimin-e-departamentit-te-luftes-kunder-korrupsionit-do-procedohen-dosjet-e-familjes-rama","status":"publish","type":"post","link":"https:\/\/rdnews.al\/index.php\/2025\/01\/29\/berisha-lajmeron-krijimin-e-departamentit-te-luftes-kunder-korrupsionit-do-procedohen-dosjet-e-familjes-rama\/","title":{"rendered":"Berisha: Do t\u00eb procedohen dosjet e familjes Rama!"},"content":{"rendered":"<p>Kreu i PD, Sali Berisha, gjat\u00eb fjal\u00ebs s\u00eb tij n\u00eb mbledhjen e grupit parlamentar u shpreh se, do t\u00eb krijohet nj\u00eb grup ekspert\u00ebsh, jurist\u00ebsh dhe nj\u00eb departament i luft\u00ebs kund\u00ebr korrupsionit, ku qeveria do procedoj\u00eb dosjet e korrupsionit p\u00ebr Edi Ram\u00ebn dhe familjar\u00ebt e tij<\/p>\n<p>Berisha tha se, koha po ndryshon dhe un\u00eb n\u00eb respekt t\u00eb OKB-s\u00eb, n\u00eb respekt t\u00eb UNDP, u b\u00ebj thirrje p\u00ebrs\u00ebri t\u00eb rishqyrtojn\u00eb q\u00ebndrimin e k\u00ebtij personi q\u00eb drejton misionin. P\u00ebrndryshe ne nuk mund t\u00eb pranojm\u00eb korrupsionin mbi shqiptar\u00ebt.<\/p>\n<p>Tani do krijohet k\u00ebtu nj\u00eb grup, nj\u00eb departament i luft\u00ebs kund\u00ebr korrupsionit, n\u00eb t\u00eb cil\u00ebn ekspert\u00ebt tan\u00eb do p\u00ebrgatisin \u00e7do dosje me t\u00eb gjith\u00eb dokumentacionin se t\u00eb harroj\u00eb kush q\u00eb mund t\u00eb kaloj\u00eb krimet q\u00eb ka b\u00ebr\u00eb i mbrojtur nga njer\u00ebz t\u00eb marr\u00eb peng.<\/p>\n<p>Jo, krahas vendimeve, qeveria do procedoj\u00eb dosjet e korrupsionit p\u00ebr Edi Ram\u00ebn, familjar\u00ebt e tij.<\/p>\n<p>Linda Rama \u00ebsht\u00eb e regjistruar me regjistrim ambiental.<\/p>\n<p>Ju besoj e d\u00ebgjuat se \u00e7far\u00eb tha Arben Ahmetaj p\u00ebr fiskalizimin, se peshkaqeni ishte Olsi Rama q\u00eb donte t\u00eb merrte fiskalizimin.<\/p>\n<p>Gjith\u00e7ka sillej n\u00eb k\u00ebt\u00eb intervist\u00eb rreth familjes s\u00eb tij.<\/p>\n<p>Pra, do t\u00eb krijohet nj\u00eb grup ekspert\u00ebsh, jurist\u00ebsh, dosjet ne i kemi, i kemi dor\u00ebzuar 50 dosje atje. Nuk kemi l\u00ebn\u00eb dosje pa dor\u00ebzuar, po ata i mbyllin, ata grisin urdh\u00ebr arreste.<\/p>\n<p>Ata \u00e7ojn\u00eb p\u00ebr ndjekje penale Bardh Spahin\u00eb pse ka pushuar nga puna nj\u00eb t\u00eb d\u00ebnuar p\u00ebr vjedhje. Kjo \u00ebsht\u00eb e v\u00ebrteta.<\/p>\n<p>Fshehin urdh\u00ebr arrestin dhe dosjen p\u00ebr Benet Becin, i cili ka shuma t\u00eb m\u00ebdha t\u00eb ndara me qeveritar\u00ebt.<\/p>\n<p>Dhe i del ish-xhelati i Sigurimit t\u00eb Shtetit dhe Edi Rama s\u00eb bashku dhe e marrin n\u00eb mbrojtje se Edi Rama duhet t\u00eb marr\u00eb mandatin me bandat.<\/p>\n<p>\u00c7do gj\u00eb, ne do p\u00ebrgatisim dosje pas dosje dhe k\u00ebta ta din\u00eb se n\u00eb m\u00ebnyr\u00eb absolute nuk do ket\u00eb asnj\u00eb lloj amnistie p\u00ebr akte korruptive, p\u00ebrkundrazi, korrupsioni do shpallet krim i r\u00ebnd\u00eb.<\/p>\n<p>Po, nuk luftohet ndryshe ve\u00e7se me masa drakoniane.<\/p>\n<p>K\u00ebta u b\u00ebn\u00eb t\u00eb gjith\u00eb ndaj parat\u00eb e buxhetit. N\u00ebndrejtoresha e merr tenderin, edhe tenderin tjet\u00ebr e fiton djali.<\/p>\n<p>Vendi \u00ebsht\u00eb zhytur n\u00eb nj\u00eb korrupsion t\u00eb tmerrsh\u00ebm. Del edhe ajo diplomate e thot\u00eb se Linda Rama \u00ebsht\u00eb zgjedhja jon\u00eb. Por ka nj\u00eb kod. Si mund ta thuash k\u00ebt\u00eb? Jan\u00eb t\u00eb gjith\u00eb k\u00ebta deputet\u00eb q\u00eb kan\u00eb firmosur dhe kthen p\u00ebrgjigje flak\u00eb p\u00ebr flak\u00eb se zgjedhim ne. V\u00eb dor\u00ebn n\u00eb zjarr p\u00ebr Linda Ram\u00ebn.<\/p>\n<p>Por koha po ndryshon dhe un\u00eb n\u00eb respekt t\u00eb OKB-s\u00eb, n\u00eb respekt t\u00eb UNDP, u b\u00ebj thirrje p\u00ebrs\u00ebri t\u00eb rishqyrtojn\u00eb q\u00ebndrimin e k\u00ebtij personi q\u00eb drejton misionin. P\u00ebrndryshe ne nuk mund t\u00eb pranojm\u00eb korrupsionin mbi shqiptar\u00ebt. Ndaj dhe duhet t\u00eb marrin fund k\u00ebto praktika\u201d, tha Berisha.<\/p>\n","protected":false},"excerpt":{"rendered":"<p>Kreu i PD, Sali Berisha, gjat\u00eb fjal\u00ebs s\u00eb tij n\u00eb mbledhjen e grupit parlamentar u shpreh se, do t\u00eb krijohet nj\u00eb grup ekspert\u00ebsh, jurist\u00ebsh dhe nj\u00eb departament i luft\u00ebs kund\u00ebr korrupsionit, ku qeveria do procedoj\u00eb dosjet e korrupsionit p\u00ebr Edi Ram\u00ebn dhe familjar\u00ebt e tij Berisha tha se, koha po ndryshon dhe un\u00eb n\u00eb respekt &hellip;<\/p>\n","protected":false},"author":4,"featured_media":102860,"comment_status":"closed","ping_status":"closed","sticky":false,"template":"","format":"standard","meta":{"footnotes":""},"categories":[37],"tags":[],"class_list":["post-102871","post","type-post","status-publish","format-standard","has-post-thumbnail","","category-politike"],"_links":{"self":[{"href":"https:\/\/rdnews.al\/index.php\/wp-json\/wp\/v2\/posts\/102871","targetHints":{"allow":["GET"]}}],"collection":[{"href":"https:\/\/rdnews.al\/index.php\/wp-json\/wp\/v2\/posts"}],"about":[{"href":"https:\/\/rdnews.al\/index.php\/wp-json\/wp\/v2\/types\/post"}],"author":[{"embeddable":true,"href":"https:\/\/rdnews.al\/index.php\/wp-json\/wp\/v2\/users\/4"}],"replies":[{"embeddable":true,"href":"https:\/\/rdnews.al\/index.php\/wp-json\/wp\/v2\/comments?post=102871"}],"version-history":[{"count":3,"href":"https:\/\/rdnews.al\/index.php\/wp-json\/wp\/v2\/posts\/102871\/revisions"}],"predecessor-version":[{"id":102878,"href":"https:\/\/rdnews.al\/index.php\/wp-json\/wp\/v2\/posts\/102871\/revisions\/102878"}],"wp:featuredmedia":[{"embeddable":true,"href":"https:\/\/rdnews.al\/index.php\/wp-json\/wp\/v2\/media\/102860"}],"wp:attachment":[{"href":"https:\/\/rdnews.al\/index.php\/wp-json\/wp\/v2\/media?parent=102871"}],"wp:term":[{"taxonomy":"category","embeddable":true,"href":"https:\/\/rdnews.al\/index.php\/wp-json\/wp\/v2\/categories?post=102871"},{"taxonomy":"post_tag","embeddable":true,"href":"https:\/\/rdnews.al\/index.php\/wp-json\/wp\/v2\/tags?post=102871"}],"curies":[{"name":"wp","href":"https:\/\/api.w.org\/{rel}","templated":true}]}}